{"id":15176,"date":"2022-06-22T15:42:33","date_gmt":"2022-06-22T13:42:33","guid":{"rendered":"http:\/\/spp3.slawno.pl\/?p=15176"},"modified":"2022-06-22T15:51:00","modified_gmt":"2022-06-22T13:51:00","slug":"pozegnanie-absolwentow-2021-22","status":"publish","type":"post","link":"http:\/\/spp3.slawno.pl\/?p=15176","title":{"rendered":"Po\u017cegnanie Absolwent\u00f3w 2021\/22"},"content":{"rendered":"\n<p>W \u015brod\u0119 22.06.2022 r. odby\u0142o si\u0119 uroczyste po\u017cegnanie \u00d3smoklasist\u00f3w. Uczniowie wraz z dyrekcj\u0105 szko\u0142y i wychowawcami zata\u0144czyli poloneza. Nast\u0119pnie odgrywaj\u0105c scenk\u0119- lekcj\u0119, przenie\u015bli grono pedagogiczne, rodzic\u00f3w i bliskich w \u015bwiat szkolnych \u0142aw i w humorystyczny spos\u00f3b pokazali problemy m\u0142odych ludzi, uczestnicz\u0105cych w zaj\u0119ciach szkolnych. Podczas wyst\u0119p\u00f3w nie mog\u0142o zabrakn\u0105\u0107 najm\u0142odszych klas, kt\u00f3re \u015bpiewem i ta\u0144cem przypomnia\u0142y uczniom \u00f3smych klas, jak wygl\u0105da\u0142y ich pierwsze lata w szkole. Nast\u0119pnym punktem by\u0142a debata dotycz\u0105ca przysz\u0142ej edukacji, podczas kt\u00f3rej z humorem przedstawiano argumenty dotycz\u0105ce szko\u0142y przysz\u0142o\u015bci. Spotkanie zako\u0144czone zosta\u0142o dwiema wzruszaj\u0105cymi piosenkami &#8222;Ostatni raz z moj\u0105 klas\u0105&#8221; i &#8222;Dni, kt\u00f3rych jeszcze nie znamy&#8221; Marka Grechuty, za\u015bpiewanymi przez Oliwi\u0119 Krzemieniec i Hani\u0119 Burd\u0119.<\/p>\n\n\n\n<figure class=\"wp-block-gallery columns-0 is-cropped wp-block-gallery-1 is-layout-flex wp-block-gallery-is-layout-flex\"><ul class=\"blocks-gallery-grid\"><li class=\"blocks-gallery-item\"><figure><img loading=\"lazy\" decoding=\"async\" width=\"925\" height=\"694\" src=\"http:\/\/spp3.slawno.pl\/wp-content\/uploads\/2022\/06\/1-31.jpg\" alt=\"Uroczysto\u015b\u0107 po\u017cegnania Absolwent\u00f3w\" data-id=\"15177\" data-full-url=\"http:\/\/spp3.slawno.pl\/wp-content\/uploads\/2022\/06\/1-31.jpg\" data-link=\"http:\/\/spp3.slawno.pl\/?attachment_id=15177\" class=\"wp-image-15177\" srcset=\"http:\/\/spp3.slawno.pl\/wp-content\/uploads\/2022\/06\/1-31.jpg 925w, http:\/\/spp3.slawno.pl\/wp-content\/uploads\/2022\/06\/1-31-300x225.jpg 300w, http:\/\/spp3.slawno.pl\/wp-content\/uploads\/2022\/06\/1-31-768x576.jpg 768w, http:\/\/spp3.slawno.pl\/wp-content\/uploads\/2022\/06\/1-31-678x509.jpg 678w, http:\/\/spp3.slawno.pl\/wp-content\/uploads\/2022\/06\/1-31-326x245.jpg 326w, http:\/\/spp3.slawno.pl\/wp-content\/uploads\/2022\/06\/1-31-80x60.jpg 80w\" sizes=\"(max-width: 925px) 100vw, 925px\" \/><\/figure><\/li><li class=\"blocks-gallery-item\"><figure><img loading=\"lazy\" decoding=\"async\" width=\"1024\" height=\"768\" src=\"http:\/\/spp3.slawno.pl\/wp-content\/uploads\/2022\/06\/20220622_130121-1024x768.jpg\" alt=\"Uroczysto\u015b\u0107 po\u017cegnania Absolwent\u00f3w\" data-id=\"15172\" data-full-url=\"http:\/\/spp3.slawno.pl\/wp-content\/uploads\/2022\/06\/20220622_130121-scaled.jpg\" data-link=\"http:\/\/spp3.slawno.pl\/?attachment_id=15172\" class=\"wp-image-15172\" srcset=\"http:\/\/spp3.slawno.pl\/wp-content\/uploads\/2022\/06\/20220622_130121-1024x768.jpg 1024w, http:\/\/spp3.slawno.pl\/wp-content\/uploads\/2022\/06\/20220622_130121-300x225.jpg 300w, http:\/\/spp3.slawno.pl\/wp-content\/uploads\/2022\/06\/20220622_130121-768x576.jpg 768w, http:\/\/spp3.slawno.pl\/wp-content\/uploads\/2022\/06\/20220622_130121-1536x1152.jpg 1536w, http:\/\/spp3.slawno.pl\/wp-content\/uploads\/2022\/06\/20220622_130121-2048x1536.jpg 2048w, http:\/\/spp3.slawno.pl\/wp-content\/uploads\/2022\/06\/20220622_130121-678x509.jpg 678w, http:\/\/spp3.slawno.pl\/wp-content\/uploads\/2022\/06\/20220622_130121-326x245.jpg 326w, http:\/\/spp3.slawno.pl\/wp-content\/uploads\/2022\/06\/20220622_130121-80x60.jpg 80w\" sizes=\"(max-width: 1024px) 100vw, 1024px\" \/><\/figure><\/li><li class=\"blocks-gallery-item\"><figure><img loading=\"lazy\" decoding=\"async\" width=\"889\" height=\"667\" src=\"http:\/\/spp3.slawno.pl\/wp-content\/uploads\/2022\/06\/3-24.jpg\" alt=\"Uroczysto\u015b\u0107 po\u017cegnania Absolwent\u00f3w\" data-id=\"15179\" data-full-url=\"http:\/\/spp3.slawno.pl\/wp-content\/uploads\/2022\/06\/3-24.jpg\" data-link=\"http:\/\/spp3.slawno.pl\/?attachment_id=15179\" class=\"wp-image-15179\" srcset=\"http:\/\/spp3.slawno.pl\/wp-content\/uploads\/2022\/06\/3-24.jpg 889w, http:\/\/spp3.slawno.pl\/wp-content\/uploads\/2022\/06\/3-24-300x225.jpg 300w, http:\/\/spp3.slawno.pl\/wp-content\/uploads\/2022\/06\/3-24-768x576.jpg 768w, http:\/\/spp3.slawno.pl\/wp-content\/uploads\/2022\/06\/3-24-678x509.jpg 678w, http:\/\/spp3.slawno.pl\/wp-content\/uploads\/2022\/06\/3-24-326x245.jpg 326w, http:\/\/spp3.slawno.pl\/wp-content\/uploads\/2022\/06\/3-24-80x60.jpg 80w\" sizes=\"(max-width: 889px) 100vw, 889px\" \/><\/figure><\/li><li class=\"blocks-gallery-item\"><figure><img loading=\"lazy\" decoding=\"async\" width=\"925\" height=\"694\" src=\"http:\/\/spp3.slawno.pl\/wp-content\/uploads\/2022\/06\/5-23.jpg\" alt=\"Uroczysto\u015b\u0107 po\u017cegnania Absolwent\u00f3w\" data-id=\"15181\" data-full-url=\"http:\/\/spp3.slawno.pl\/wp-content\/uploads\/2022\/06\/5-23.jpg\" data-link=\"http:\/\/spp3.slawno.pl\/?attachment_id=15181\" class=\"wp-image-15181\" srcset=\"http:\/\/spp3.slawno.pl\/wp-content\/uploads\/2022\/06\/5-23.jpg 925w, http:\/\/spp3.slawno.pl\/wp-content\/uploads\/2022\/06\/5-23-300x225.jpg 300w, http:\/\/spp3.slawno.pl\/wp-content\/uploads\/2022\/06\/5-23-768x576.jpg 768w, http:\/\/spp3.slawno.pl\/wp-content\/uploads\/2022\/06\/5-23-678x509.jpg 678w, http:\/\/spp3.slawno.pl\/wp-content\/uploads\/2022\/06\/5-23-326x245.jpg 326w, http:\/\/spp3.slawno.pl\/wp-content\/uploads\/2022\/06\/5-23-80x60.jpg 80w\" sizes=\"(max-width: 925px) 100vw, 925px\" \/><\/figure><\/li><li class=\"blocks-gallery-item\"><figure><img loading=\"lazy\" decoding=\"async\" width=\"925\" height=\"694\" src=\"http:\/\/spp3.slawno.pl\/wp-content\/uploads\/2022\/06\/6-20.jpg\" alt=\"Uroczysto\u015b\u0107 po\u017cegnania Absolwent\u00f3w\" data-id=\"15182\" data-full-url=\"http:\/\/spp3.slawno.pl\/wp-content\/uploads\/2022\/06\/6-20.jpg\" data-link=\"http:\/\/spp3.slawno.pl\/?attachment_id=15182\" class=\"wp-image-15182\" srcset=\"http:\/\/spp3.slawno.pl\/wp-content\/uploads\/2022\/06\/6-20.jpg 925w, http:\/\/spp3.slawno.pl\/wp-content\/uploads\/2022\/06\/6-20-300x225.jpg 300w, http:\/\/spp3.slawno.pl\/wp-content\/uploads\/2022\/06\/6-20-768x576.jpg 768w, http:\/\/spp3.slawno.pl\/wp-content\/uploads\/2022\/06\/6-20-678x509.jpg 678w, http:\/\/spp3.slawno.pl\/wp-content\/uploads\/2022\/06\/6-20-326x245.jpg 326w, http:\/\/spp3.slawno.pl\/wp-content\/uploads\/2022\/06\/6-20-80x60.jpg 80w\" sizes=\"(max-width: 925px) 100vw, 925px\" \/><\/figure><\/li><li class=\"blocks-gallery-item\"><figure><img loading=\"lazy\" decoding=\"async\" width=\"925\" height=\"694\" src=\"http:\/\/spp3.slawno.pl\/wp-content\/uploads\/2022\/06\/7-19.jpg\" alt=\"Uroczysto\u015b\u0107 po\u017cegnania Absolwent\u00f3w\" data-id=\"15183\" data-full-url=\"http:\/\/spp3.slawno.pl\/wp-content\/uploads\/2022\/06\/7-19.jpg\" data-link=\"http:\/\/spp3.slawno.pl\/?attachment_id=15183\" class=\"wp-image-15183\" srcset=\"http:\/\/spp3.slawno.pl\/wp-content\/uploads\/2022\/06\/7-19.jpg 925w, http:\/\/spp3.slawno.pl\/wp-content\/uploads\/2022\/06\/7-19-300x225.jpg 300w, http:\/\/spp3.slawno.pl\/wp-content\/uploads\/2022\/06\/7-19-768x576.jpg 768w, http:\/\/spp3.slawno.pl\/wp-content\/uploads\/2022\/06\/7-19-678x509.jpg 678w, http:\/\/spp3.slawno.pl\/wp-content\/uploads\/2022\/06\/7-19-326x245.jpg 326w, http:\/\/spp3.slawno.pl\/wp-content\/uploads\/2022\/06\/7-19-80x60.jpg 80w\" sizes=\"(max-width: 925px) 100vw, 925px\" \/><\/figure><\/li><li class=\"blocks-gallery-item\"><figure><img loading=\"lazy\" decoding=\"async\" width=\"925\" height=\"694\" src=\"http:\/\/spp3.slawno.pl\/wp-content\/uploads\/2022\/06\/8-19.jpg\" alt=\"Uroczysto\u015b\u0107 po\u017cegnania Absolwent\u00f3w\" data-id=\"15184\" data-full-url=\"http:\/\/spp3.slawno.pl\/wp-content\/uploads\/2022\/06\/8-19.jpg\" data-link=\"http:\/\/spp3.slawno.pl\/?attachment_id=15184\" class=\"wp-image-15184\" srcset=\"http:\/\/spp3.slawno.pl\/wp-content\/uploads\/2022\/06\/8-19.jpg 925w, http:\/\/spp3.slawno.pl\/wp-content\/uploads\/2022\/06\/8-19-300x225.jpg 300w, http:\/\/spp3.slawno.pl\/wp-content\/uploads\/2022\/06\/8-19-768x576.jpg 768w, http:\/\/spp3.slawno.pl\/wp-content\/uploads\/2022\/06\/8-19-678x509.jpg 678w, http:\/\/spp3.slawno.pl\/wp-content\/uploads\/2022\/06\/8-19-326x245.jpg 326w, http:\/\/spp3.slawno.pl\/wp-content\/uploads\/2022\/06\/8-19-80x60.jpg 80w\" sizes=\"(max-width: 925px) 100vw, 925px\" \/><\/figure><\/li><li class=\"blocks-gallery-item\"><figure><img loading=\"lazy\" decoding=\"async\" width=\"925\" height=\"694\" src=\"http:\/\/spp3.slawno.pl\/wp-content\/uploads\/2022\/06\/9-19.jpg\" alt=\"Uroczysto\u015b\u0107 po\u017cegnania Absolwent\u00f3w\" data-id=\"15185\" data-full-url=\"http:\/\/spp3.slawno.pl\/wp-content\/uploads\/2022\/06\/9-19.jpg\" data-link=\"http:\/\/spp3.slawno.pl\/?attachment_id=15185\" class=\"wp-image-15185\" srcset=\"http:\/\/spp3.slawno.pl\/wp-content\/uploads\/2022\/06\/9-19.jpg 925w, http:\/\/spp3.slawno.pl\/wp-content\/uploads\/2022\/06\/9-19-300x225.jpg 300w, http:\/\/spp3.slawno.pl\/wp-content\/uploads\/2022\/06\/9-19-768x576.jpg 768w, http:\/\/spp3.slawno.pl\/wp-content\/uploads\/2022\/06\/9-19-678x509.jpg 678w, http:\/\/spp3.slawno.pl\/wp-content\/uploads\/2022\/06\/9-19-326x245.jpg 326w, http:\/\/spp3.slawno.pl\/wp-content\/uploads\/2022\/06\/9-19-80x60.jpg 80w\" sizes=\"(max-width: 925px) 100vw, 925px\" \/><\/figure><\/li><li class=\"blocks-gallery-item\"><figure><img loading=\"lazy\" decoding=\"async\" width=\"925\" height=\"694\" src=\"http:\/\/spp3.slawno.pl\/wp-content\/uploads\/2022\/06\/10-18.jpg\" alt=\"Uroczysto\u015b\u0107 po\u017cegnania Absolwent\u00f3w\" data-id=\"15186\" data-full-url=\"http:\/\/spp3.slawno.pl\/wp-content\/uploads\/2022\/06\/10-18.jpg\" data-link=\"http:\/\/spp3.slawno.pl\/?attachment_id=15186\" class=\"wp-image-15186\" srcset=\"http:\/\/spp3.slawno.pl\/wp-content\/uploads\/2022\/06\/10-18.jpg 925w, http:\/\/spp3.slawno.pl\/wp-content\/uploads\/2022\/06\/10-18-300x225.jpg 300w, http:\/\/spp3.slawno.pl\/wp-content\/uploads\/2022\/06\/10-18-768x576.jpg 768w, http:\/\/spp3.slawno.pl\/wp-content\/uploads\/2022\/06\/10-18-678x509.jpg 678w, http:\/\/spp3.slawno.pl\/wp-content\/uploads\/2022\/06\/10-18-326x245.jpg 326w, http:\/\/spp3.slawno.pl\/wp-content\/uploads\/2022\/06\/10-18-80x60.jpg 80w\" sizes=\"(max-width: 925px) 100vw, 925px\" \/><\/figure><\/li><li class=\"blocks-gallery-item\"><figure><img loading=\"lazy\" decoding=\"async\" width=\"925\" height=\"694\" src=\"http:\/\/spp3.slawno.pl\/wp-content\/uploads\/2022\/06\/11-16.jpg\" alt=\"Uroczysto\u015b\u0107 po\u017cegnania Absolwent\u00f3w\" data-id=\"15187\" data-full-url=\"http:\/\/spp3.slawno.pl\/wp-content\/uploads\/2022\/06\/11-16.jpg\" data-link=\"http:\/\/spp3.slawno.pl\/?attachment_id=15187\" class=\"wp-image-15187\" srcset=\"http:\/\/spp3.slawno.pl\/wp-content\/uploads\/2022\/06\/11-16.jpg 925w, http:\/\/spp3.slawno.pl\/wp-content\/uploads\/2022\/06\/11-16-300x225.jpg 300w, http:\/\/spp3.slawno.pl\/wp-content\/uploads\/2022\/06\/11-16-768x576.jpg 768w, http:\/\/spp3.slawno.pl\/wp-content\/uploads\/2022\/06\/11-16-678x509.jpg 678w, http:\/\/spp3.slawno.pl\/wp-content\/uploads\/2022\/06\/11-16-326x245.jpg 326w, http:\/\/spp3.slawno.pl\/wp-content\/uploads\/2022\/06\/11-16-80x60.jpg 80w\" sizes=\"(max-width: 925px) 100vw, 925px\" \/><\/figure><\/li><li class=\"blocks-gallery-item\"><figure><img loading=\"lazy\" decoding=\"async\" width=\"925\" height=\"694\" src=\"http:\/\/spp3.slawno.pl\/wp-content\/uploads\/2022\/06\/12-14.jpg\" alt=\"Uroczysto\u015b\u0107 po\u017cegnania Absolwent\u00f3w\" data-id=\"15188\" data-full-url=\"http:\/\/spp3.slawno.pl\/wp-content\/uploads\/2022\/06\/12-14.jpg\" data-link=\"http:\/\/spp3.slawno.pl\/?attachment_id=15188\" class=\"wp-image-15188\" srcset=\"http:\/\/spp3.slawno.pl\/wp-content\/uploads\/2022\/06\/12-14.jpg 925w, http:\/\/spp3.slawno.pl\/wp-content\/uploads\/2022\/06\/12-14-300x225.jpg 300w, http:\/\/spp3.slawno.pl\/wp-content\/uploads\/2022\/06\/12-14-768x576.jpg 768w, http:\/\/spp3.slawno.pl\/wp-content\/uploads\/2022\/06\/12-14-678x509.jpg 678w, http:\/\/spp3.slawno.pl\/wp-content\/uploads\/2022\/06\/12-14-326x245.jpg 326w, http:\/\/spp3.slawno.pl\/wp-content\/uploads\/2022\/06\/12-14-80x60.jpg 80w\" sizes=\"(max-width: 925px) 100vw, 925px\" \/><\/figure><\/li><li class=\"blocks-gallery-item\"><figure><img loading=\"lazy\" decoding=\"async\" width=\"925\" height=\"694\" src=\"http:\/\/spp3.slawno.pl\/wp-content\/uploads\/2022\/06\/13-15.jpg\" alt=\"Uroczysto\u015b\u0107 po\u017cegnania Absolwent\u00f3w\" data-id=\"15189\" data-full-url=\"http:\/\/spp3.slawno.pl\/wp-content\/uploads\/2022\/06\/13-15.jpg\" data-link=\"http:\/\/spp3.slawno.pl\/?attachment_id=15189\" class=\"wp-image-15189\" srcset=\"http:\/\/spp3.slawno.pl\/wp-content\/uploads\/2022\/06\/13-15.jpg 925w, http:\/\/spp3.slawno.pl\/wp-content\/uploads\/2022\/06\/13-15-300x225.jpg 300w, http:\/\/spp3.slawno.pl\/wp-content\/uploads\/2022\/06\/13-15-768x576.jpg 768w, http:\/\/spp3.slawno.pl\/wp-content\/uploads\/2022\/06\/13-15-678x509.jpg 678w, http:\/\/spp3.slawno.pl\/wp-content\/uploads\/2022\/06\/13-15-326x245.jpg 326w, http:\/\/spp3.slawno.pl\/wp-content\/uploads\/2022\/06\/13-15-80x60.jpg 80w\" sizes=\"(max-width: 925px) 100vw, 925px\" \/><\/figure><\/li><li class=\"blocks-gallery-item\"><figure><img loading=\"lazy\" decoding=\"async\" width=\"925\" height=\"694\" src=\"http:\/\/spp3.slawno.pl\/wp-content\/uploads\/2022\/06\/14-14.jpg\" alt=\"Uroczysto\u015b\u0107 po\u017cegnania Absolwent\u00f3w\" data-id=\"15190\" data-full-url=\"http:\/\/spp3.slawno.pl\/wp-content\/uploads\/2022\/06\/14-14.jpg\" data-link=\"http:\/\/spp3.slawno.pl\/?attachment_id=15190\" class=\"wp-image-15190\" srcset=\"http:\/\/spp3.slawno.pl\/wp-content\/uploads\/2022\/06\/14-14.jpg 925w, http:\/\/spp3.slawno.pl\/wp-content\/uploads\/2022\/06\/14-14-300x225.jpg 300w, http:\/\/spp3.slawno.pl\/wp-content\/uploads\/2022\/06\/14-14-768x576.jpg 768w, http:\/\/spp3.slawno.pl\/wp-content\/uploads\/2022\/06\/14-14-678x509.jpg 678w, http:\/\/spp3.slawno.pl\/wp-content\/uploads\/2022\/06\/14-14-326x245.jpg 326w, http:\/\/spp3.slawno.pl\/wp-content\/uploads\/2022\/06\/14-14-80x60.jpg 80w\" sizes=\"(max-width: 925px) 100vw, 925px\" \/><\/figure><\/li><li class=\"blocks-gallery-item\"><figure><img loading=\"lazy\" decoding=\"async\" width=\"925\" height=\"694\" src=\"http:\/\/spp3.slawno.pl\/wp-content\/uploads\/2022\/06\/15-14.jpg\" alt=\"Uroczysto\u015b\u0107 po\u017cegnania Absolwent\u00f3w\" data-id=\"15191\" data-full-url=\"http:\/\/spp3.slawno.pl\/wp-content\/uploads\/2022\/06\/15-14.jpg\" data-link=\"http:\/\/spp3.slawno.pl\/?attachment_id=15191\" class=\"wp-image-15191\" srcset=\"http:\/\/spp3.slawno.pl\/wp-content\/uploads\/2022\/06\/15-14.jpg 925w, http:\/\/spp3.slawno.pl\/wp-content\/uploads\/2022\/06\/15-14-300x225.jpg 300w, http:\/\/spp3.slawno.pl\/wp-content\/uploads\/2022\/06\/15-14-768x576.jpg 768w, http:\/\/spp3.slawno.pl\/wp-content\/uploads\/2022\/06\/15-14-678x509.jpg 678w, http:\/\/spp3.slawno.pl\/wp-content\/uploads\/2022\/06\/15-14-326x245.jpg 326w, http:\/\/spp3.slawno.pl\/wp-content\/uploads\/2022\/06\/15-14-80x60.jpg 80w\" sizes=\"(max-width: 925px) 100vw, 925px\" \/><\/figure><\/li><\/ul><\/figure>\n","protected":false},"excerpt":{"rendered":"<div class=\"mh-excerpt\"><p>W \u015brod\u0119 22.06.2022 r. odby\u0142o si\u0119 uroczyste po\u017cegnanie \u00d3smoklasist\u00f3w. Uczniowie wraz z dyrekcj\u0105 szko\u0142y i wychowawcami zata\u0144czyli poloneza. Nast\u0119pnie odgrywaj\u0105c scenk\u0119- lekcj\u0119, przenie\u015bli grono pedagogiczne, <a class=\"mh-excerpt-more\" href=\"http:\/\/spp3.slawno.pl\/?p=15176\" title=\"Po\u017cegnanie Absolwent\u00f3w 2021\/22\">[&#8230;]<\/a><\/p>\n<\/div>","protected":false},"author":2,"featured_media":15185,"comment_status":"closed","ping_status":"open","sticky":false,"template":"","format":"standard","meta":{"footnotes":""},"categories":[8],"tags":[],"class_list":["post-15176","post","type-post","status-publish","format-standard","has-post-thumbnail","hentry","category-wydarzenia"],"_links":{"self":[{"href":"http:\/\/spp3.slawno.pl\/index.php?rest_route=\/wp\/v2\/posts\/15176"}],"collection":[{"href":"http:\/\/spp3.slawno.pl\/index.php?rest_route=\/wp\/v2\/posts"}],"about":[{"href":"http:\/\/spp3.slawno.pl\/index.php?rest_route=\/wp\/v2\/types\/post"}],"author":[{"embeddable":true,"href":"http:\/\/spp3.slawno.pl\/index.php?rest_route=\/wp\/v2\/users\/2"}],"replies":[{"embeddable":true,"href":"http:\/\/spp3.slawno.pl\/index.php?rest_route=%2Fwp%2Fv2%2Fcomments&post=15176"}],"version-history":[{"count":4,"href":"http:\/\/spp3.slawno.pl\/index.php?rest_route=\/wp\/v2\/posts\/15176\/revisions"}],"predecessor-version":[{"id":15226,"href":"http:\/\/spp3.slawno.pl\/index.php?rest_route=\/wp\/v2\/posts\/15176\/revisions\/15226"}],"wp:featuredmedia":[{"embeddable":true,"href":"http:\/\/spp3.slawno.pl\/index.php?rest_route=\/wp\/v2\/media\/15185"}],"wp:attachment":[{"href":"http:\/\/spp3.slawno.pl\/index.php?rest_route=%2Fwp%2Fv2%2Fmedia&parent=15176"}],"wp:term":[{"taxonomy":"category","embeddable":true,"href":"http:\/\/spp3.slawno.pl\/index.php?rest_route=%2Fwp%2Fv2%2Fcategories&post=15176"},{"taxonomy":"post_tag","embeddable":true,"href":"http:\/\/spp3.slawno.pl\/index.php?rest_route=%2Fwp%2Fv2%2Ftags&post=15176"}],"curies":[{"name":"wp","href":"https:\/\/api.w.org\/{rel}","templated":true}]}}