{"id":15197,"date":"2022-06-22T22:08:58","date_gmt":"2022-06-22T20:08:58","guid":{"rendered":"http:\/\/spp3.slawno.pl\/?p=15197"},"modified":"2022-06-22T22:14:33","modified_gmt":"2022-06-22T20:14:33","slug":"wysokie-iii-miejsce-zosi-firkowskiej-w-ogolnopolskin-konkursie-zolnierze-wykleci-bohaterowie-niezlomni","status":"publish","type":"post","link":"http:\/\/spp3.slawno.pl\/?p=15197","title":{"rendered":"Wysokie III miejsce Zosi Firkowskiej w Og\u00f3lnopolskin Konkursie \u201e\u017bo\u0142nierze Wykl\u0119ci \u2013 Bohaterowie Niez\u0142omni\u201d"},"content":{"rendered":"\n<p>20 czerwca 2022 r. w siedzibie IPN w Lublinie odby\u0142a si\u0119 uroczysta gala wr\u0119czenia nagr\u00f3d laureatom i wyr\u00f3\u017cnionym w Og\u00f3lnopolskim Konkursie \u201e\u017bo\u0142nierze Wykl\u0119ci \u2013 Bohaterowie Niez\u0142omni\u201d. Konkurs odbywa\u0142 si\u0119 pod patronatem Ministra Edukacji i Nauki, Ministra Sprawiedliwo\u015bci oraz m.in. Zachodniopomorskiego Kuratora O\u015bwiaty.W kategorii prac plastycznych wzi\u0119\u0142o udzia\u0142 ponad 1400 uczni\u00f3w z ca\u0142ej Polski. Wyr\u00f3\u017cniono prace, kt\u00f3rych autorzy w spos\u00f3b nieszablonowy, ciekawy i niepowtarzalny, starali si\u0119 przedstawi\u0107 histori\u0119 \u017bo\u0142nierzy Wykl\u0119tych \u2013 ostatnich obro\u0144c\u00f3w wolnej Polski. Mamy zaszczyt poinformowa\u0107, \u017ce w kategorii prace plastyczne klasy 1-6 III miejsce otrzyma\u0142a uczennica klasy 4 b \u2013 Zosia Firkowska. Zosiu, jeste\u015bmy z ciebie niesamowicie dumni!<\/p>\n\n\n\n<figure class=\"wp-block-gallery columns-1 is-cropped wp-block-gallery-1 is-layout-flex wp-block-gallery-is-layout-flex\"><ul class=\"blocks-gallery-grid\"><li class=\"blocks-gallery-item\"><figure><img loading=\"lazy\" decoding=\"async\" width=\"768\" height=\"1024\" src=\"http:\/\/spp3.slawno.pl\/wp-content\/uploads\/2022\/06\/1-32-768x1024.jpg\" alt=\"\" data-id=\"15198\" data-full-url=\"http:\/\/spp3.slawno.pl\/wp-content\/uploads\/2022\/06\/1-32.jpg\" data-link=\"http:\/\/spp3.slawno.pl\/?attachment_id=15198\" class=\"wp-image-15198\" srcset=\"http:\/\/spp3.slawno.pl\/wp-content\/uploads\/2022\/06\/1-32-768x1024.jpg 768w, http:\/\/spp3.slawno.pl\/wp-content\/uploads\/2022\/06\/1-32-225x300.jpg 225w, http:\/\/spp3.slawno.pl\/wp-content\/uploads\/2022\/06\/1-32-1152x1536.jpg 1152w, http:\/\/spp3.slawno.pl\/wp-content\/uploads\/2022\/06\/1-32.jpg 1200w\" sizes=\"(max-width: 768px) 100vw, 768px\" \/><\/figure><\/li><li class=\"blocks-gallery-item\"><figure><img loading=\"lazy\" decoding=\"async\" width=\"768\" height=\"1024\" src=\"http:\/\/spp3.slawno.pl\/wp-content\/uploads\/2022\/06\/2-26-768x1024.jpg\" alt=\"\" data-id=\"15199\" data-full-url=\"http:\/\/spp3.slawno.pl\/wp-content\/uploads\/2022\/06\/2-26.jpg\" data-link=\"http:\/\/spp3.slawno.pl\/?attachment_id=15199\" class=\"wp-image-15199\" srcset=\"http:\/\/spp3.slawno.pl\/wp-content\/uploads\/2022\/06\/2-26-768x1024.jpg 768w, http:\/\/spp3.slawno.pl\/wp-content\/uploads\/2022\/06\/2-26-225x300.jpg 225w, http:\/\/spp3.slawno.pl\/wp-content\/uploads\/2022\/06\/2-26-1152x1536.jpg 1152w, http:\/\/spp3.slawno.pl\/wp-content\/uploads\/2022\/06\/2-26.jpg 1512w\" sizes=\"(max-width: 768px) 100vw, 768px\" \/><\/figure><\/li><\/ul><\/figure>\n","protected":false},"excerpt":{"rendered":"<div class=\"mh-excerpt\"><p>20 czerwca 2022 r. w siedzibie IPN w Lublinie odby\u0142a si\u0119 uroczysta gala wr\u0119czenia nagr\u00f3d laureatom i wyr\u00f3\u017cnionym w Og\u00f3lnopolskim Konkursie \u201e\u017bo\u0142nierze Wykl\u0119ci \u2013 Bohaterowie <a class=\"mh-excerpt-more\" href=\"http:\/\/spp3.slawno.pl\/?p=15197\" title=\"Wysokie III miejsce Zosi Firkowskiej w Og\u00f3lnopolskin Konkursie \u201e\u017bo\u0142nierze Wykl\u0119ci \u2013 Bohaterowie Niez\u0142omni\u201d\">[&#8230;]<\/a><\/p>\n<\/div>","protected":false},"author":2,"featured_media":15202,"comment_status":"closed","ping_status":"open","sticky":false,"template":"","format":"standard","meta":{"footnotes":""},"categories":[7],"tags":[],"class_list":["post-15197","post","type-post","status-publish","format-standard","has-post-thumbnail","hentry","category-konkursy"],"_links":{"self":[{"href":"http:\/\/spp3.slawno.pl\/index.php?rest_route=\/wp\/v2\/posts\/15197"}],"collection":[{"href":"http:\/\/spp3.slawno.pl\/index.php?rest_route=\/wp\/v2\/posts"}],"about":[{"href":"http:\/\/spp3.slawno.pl\/index.php?rest_route=\/wp\/v2\/types\/post"}],"author":[{"embeddable":true,"href":"http:\/\/spp3.slawno.pl\/index.php?rest_route=\/wp\/v2\/users\/2"}],"replies":[{"embeddable":true,"href":"http:\/\/spp3.slawno.pl\/index.php?rest_route=%2Fwp%2Fv2%2Fcomments&post=15197"}],"version-history":[{"count":1,"href":"http:\/\/spp3.slawno.pl\/index.php?rest_route=\/wp\/v2\/posts\/15197\/revisions"}],"predecessor-version":[{"id":15200,"href":"http:\/\/spp3.slawno.pl\/index.php?rest_route=\/wp\/v2\/posts\/15197\/revisions\/15200"}],"wp:featuredmedia":[{"embeddable":true,"href":"http:\/\/spp3.slawno.pl\/index.php?rest_route=\/wp\/v2\/media\/15202"}],"wp:attachment":[{"href":"http:\/\/spp3.slawno.pl\/index.php?rest_route=%2Fwp%2Fv2%2Fmedia&parent=15197"}],"wp:term":[{"taxonomy":"category","embeddable":true,"href":"http:\/\/spp3.slawno.pl\/index.php?rest_route=%2Fwp%2Fv2%2Fcategories&post=15197"},{"taxonomy":"post_tag","embeddable":true,"href":"http:\/\/spp3.slawno.pl\/index.php?rest_route=%2Fwp%2Fv2%2Ftags&post=15197"}],"curies":[{"name":"wp","href":"https:\/\/api.w.org\/{rel}","templated":true}]}}