{"id":15297,"date":"2022-08-05T11:09:33","date_gmt":"2022-08-05T09:09:33","guid":{"rendered":"http:\/\/spp3.slawno.pl\/?p=15297"},"modified":"2022-08-05T11:17:39","modified_gmt":"2022-08-05T09:17:39","slug":"informator-dla-rodzicow-pierwszoklasistow","status":"publish","type":"post","link":"http:\/\/spp3.slawno.pl\/?p=15297","title":{"rendered":"Informator dla Rodzic\u00f3w Pierwszoklasist\u00f3w"},"content":{"rendered":"\n<div class=\"wp-block-file\"><a href=\"http:\/\/spp3.slawno.pl\/wp-content\/uploads\/2022\/08\/INFORMATOR-1-KLASY.doc\">INFORMATOR-1-KLASY<\/a><a href=\"http:\/\/spp3.slawno.pl\/wp-content\/uploads\/2022\/08\/INFORMATOR-1-KLASY.doc\" class=\"wp-block-file__button\" download>Pobierz<\/a><\/div>\n\n\n\n<p>Wakacje trwaj\u0105, ale nasi pierwszoklasi\u015bci mog\u0105 powoli przygotowywa\u0107 si\u0119 do nowego roku szkolnego. Mamy nadziej\u0119 ,\u017ce zamieszczony informator pomo\u017ce w tych przygotowaniach. <\/p>\n\n\n\n<p>Pozdrawiamy i do zobaczenia 1 wrze\u015bnia 2022 r. o godz. 9.00<\/p>\n\n\n\n<figure class=\"wp-block-image size-full\"><img loading=\"lazy\" decoding=\"async\" width=\"593\" height=\"784\" src=\"http:\/\/spp3.slawno.pl\/wp-content\/uploads\/2022\/08\/1.png\" alt=\"\" class=\"wp-image-15299\" srcset=\"http:\/\/spp3.slawno.pl\/wp-content\/uploads\/2022\/08\/1.png 593w, http:\/\/spp3.slawno.pl\/wp-content\/uploads\/2022\/08\/1-227x300.png 227w\" sizes=\"(max-width: 593px) 100vw, 593px\" \/><\/figure>\n\n\n\n<figure class=\"wp-block-image size-full\"><img loading=\"lazy\" decoding=\"async\" width=\"694\" height=\"819\" src=\"http:\/\/spp3.slawno.pl\/wp-content\/uploads\/2022\/08\/2.png\" alt=\"\" class=\"wp-image-15300\" srcset=\"http:\/\/spp3.slawno.pl\/wp-content\/uploads\/2022\/08\/2.png 694w, http:\/\/spp3.slawno.pl\/wp-content\/uploads\/2022\/08\/2-254x300.png 254w\" sizes=\"(max-width: 694px) 100vw, 694px\" \/><\/figure>\n\n\n\n<figure class=\"wp-block-image size-full\"><img loading=\"lazy\" decoding=\"async\" width=\"694\" height=\"837\" src=\"http:\/\/spp3.slawno.pl\/wp-content\/uploads\/2022\/08\/3.png\" alt=\"\" class=\"wp-image-15301\" srcset=\"http:\/\/spp3.slawno.pl\/wp-content\/uploads\/2022\/08\/3.png 694w, http:\/\/spp3.slawno.pl\/wp-content\/uploads\/2022\/08\/3-249x300.png 249w\" sizes=\"(max-width: 694px) 100vw, 694px\" \/><\/figure>\n\n\n\n<figure class=\"wp-block-image size-full\"><img loading=\"lazy\" decoding=\"async\" width=\"657\" height=\"837\" src=\"http:\/\/spp3.slawno.pl\/wp-content\/uploads\/2022\/08\/4.png\" alt=\"\" class=\"wp-image-15302\" srcset=\"http:\/\/spp3.slawno.pl\/wp-content\/uploads\/2022\/08\/4.png 657w, http:\/\/spp3.slawno.pl\/wp-content\/uploads\/2022\/08\/4-235x300.png 235w\" sizes=\"(max-width: 657px) 100vw, 657px\" \/><\/figure>\n","protected":false},"excerpt":{"rendered":"<div class=\"mh-excerpt\"><p>Wakacje trwaj\u0105, ale nasi pierwszoklasi\u015bci mog\u0105 powoli przygotowywa\u0107 si\u0119 do nowego roku szkolnego. Mamy nadziej\u0119 ,\u017ce zamieszczony informator pomo\u017ce w tych przygotowaniach. Pozdrawiamy i do <a class=\"mh-excerpt-more\" href=\"http:\/\/spp3.slawno.pl\/?p=15297\" title=\"Informator dla Rodzic\u00f3w Pierwszoklasist\u00f3w\">[&#8230;]<\/a><\/p>\n<\/div>","protected":false},"author":2,"featured_media":15304,"comment_status":"closed","ping_status":"open","sticky":false,"template":"","format":"standard","meta":{"footnotes":""},"categories":[9],"tags":[],"class_list":["post-15297","post","type-post","status-publish","format-standard","has-post-thumbnail","hentry","category-ogloszenia"],"_links":{"self":[{"href":"http:\/\/spp3.slawno.pl\/index.php?rest_route=\/wp\/v2\/posts\/15297"}],"collection":[{"href":"http:\/\/spp3.slawno.pl\/index.php?rest_route=\/wp\/v2\/posts"}],"about":[{"href":"http:\/\/spp3.slawno.pl\/index.php?rest_route=\/wp\/v2\/types\/post"}],"author":[{"embeddable":true,"href":"http:\/\/spp3.slawno.pl\/index.php?rest_route=\/wp\/v2\/users\/2"}],"replies":[{"embeddable":true,"href":"http:\/\/spp3.slawno.pl\/index.php?rest_route=%2Fwp%2Fv2%2Fcomments&post=15297"}],"version-history":[{"count":2,"href":"http:\/\/spp3.slawno.pl\/index.php?rest_route=\/wp\/v2\/posts\/15297\/revisions"}],"predecessor-version":[{"id":15306,"href":"http:\/\/spp3.slawno.pl\/index.php?rest_route=\/wp\/v2\/posts\/15297\/revisions\/15306"}],"wp:featuredmedia":[{"embeddable":true,"href":"http:\/\/spp3.slawno.pl\/index.php?rest_route=\/wp\/v2\/media\/15304"}],"wp:attachment":[{"href":"http:\/\/spp3.slawno.pl\/index.php?rest_route=%2Fwp%2Fv2%2Fmedia&parent=15297"}],"wp:term":[{"taxonomy":"category","embeddable":true,"href":"http:\/\/spp3.slawno.pl\/index.php?rest_route=%2Fwp%2Fv2%2Fcategories&post=15297"},{"taxonomy":"post_tag","embeddable":true,"href":"http:\/\/spp3.slawno.pl\/index.php?rest_route=%2Fwp%2Fv2%2Ftags&post=15297"}],"curies":[{"name":"wp","href":"https:\/\/api.w.org\/{rel}","templated":true}]}}