{"id":15583,"date":"2022-09-26T08:19:44","date_gmt":"2022-09-26T06:19:44","guid":{"rendered":"http:\/\/spp3.slawno.pl\/?p=15583"},"modified":"2022-09-26T08:19:46","modified_gmt":"2022-09-26T06:19:46","slug":"swietlica-uczy-sie-tworzy-i-bawi","status":"publish","type":"post","link":"http:\/\/spp3.slawno.pl\/?p=15583","title":{"rendered":"\u015awietlica uczy si\u0119, tworzy i bawi."},"content":{"rendered":"\n<p>\u015awietlica uczy si\u0119, tworzy i bawi. W minionym tygodniu dzieci wspomina\u0142y wakacje. Ile\u017c by\u0142o zabawy i rado\u015bci, kiedy rozmawiali\u015bmy o tym gdzie byli\u015bmy, co robili\u015bmy, czego nauczyli\u015bmy si\u0119 przez ten czas. To wszystko zosta\u0142o wykorzystane podczas tworzenia wakacyjnych prac plastycznych. Dzieci wykaza\u0142y si\u0119 niezwyk\u0142\u0105 kreatywno\u015bci\u0105 i pomys\u0142owo\u015bci\u0105 podczas tworzenia pracy z okazji Mi\u0119dzynarodowego Dnia Kropki, oraz wyobra\u017ani\u0105 przestrzenn\u0105 wykonuj\u0105c prac\u0119 z origami. Wsp\u00f3lna, tw\u00f3rcza praca dostarczy\u0142a im wiele rado\u015bci, a wakacyjne chwile pozostan\u0105 d\u0142ugo w ich pami\u0119ci <img loading=\"lazy\" decoding=\"async\" height=\"16\" width=\"16\" alt=\"\ud83d\ude42\" src=\"https:\/\/static.xx.fbcdn.net\/images\/emoji.php\/v9\/t4c\/1\/16\/1f642.png\"><\/p>\n\n\n\n<figure class=\"wp-block-gallery columns-3 is-cropped wp-block-gallery-1 is-layout-flex wp-block-gallery-is-layout-flex\"><ul class=\"blocks-gallery-grid\"><li class=\"blocks-gallery-item\"><figure><img loading=\"lazy\" decoding=\"async\" width=\"1024\" height=\"768\" src=\"http:\/\/spp3.slawno.pl\/wp-content\/uploads\/2022\/09\/20-4-1024x768.jpg\" alt=\"\" data-id=\"15584\" data-full-url=\"http:\/\/spp3.slawno.pl\/wp-content\/uploads\/2022\/09\/20-4.jpg\" data-link=\"http:\/\/spp3.slawno.pl\/?attachment_id=15584\" class=\"wp-image-15584\" srcset=\"http:\/\/spp3.slawno.pl\/wp-content\/uploads\/2022\/09\/20-4-1024x768.jpg 1024w, http:\/\/spp3.slawno.pl\/wp-content\/uploads\/2022\/09\/20-4-300x225.jpg 300w, http:\/\/spp3.slawno.pl\/wp-content\/uploads\/2022\/09\/20-4-768x576.jpg 768w, http:\/\/spp3.slawno.pl\/wp-content\/uploads\/2022\/09\/20-4-1536x1152.jpg 1536w, http:\/\/spp3.slawno.pl\/wp-content\/uploads\/2022\/09\/20-4-678x509.jpg 678w, http:\/\/spp3.slawno.pl\/wp-content\/uploads\/2022\/09\/20-4-326x245.jpg 326w, http:\/\/spp3.slawno.pl\/wp-content\/uploads\/2022\/09\/20-4-80x60.jpg 80w, http:\/\/spp3.slawno.pl\/wp-content\/uploads\/2022\/09\/20-4.jpg 1600w\" sizes=\"(max-width: 1024px) 100vw, 1024px\" \/><\/figure><\/li><li class=\"blocks-gallery-item\"><figure><img loading=\"lazy\" decoding=\"async\" width=\"1024\" height=\"768\" src=\"http:\/\/spp3.slawno.pl\/wp-content\/uploads\/2022\/09\/21-3-1024x768.jpg\" alt=\"\" data-id=\"15585\" data-full-url=\"http:\/\/spp3.slawno.pl\/wp-content\/uploads\/2022\/09\/21-3.jpg\" data-link=\"http:\/\/spp3.slawno.pl\/?attachment_id=15585\" class=\"wp-image-15585\" srcset=\"http:\/\/spp3.slawno.pl\/wp-content\/uploads\/2022\/09\/21-3-1024x768.jpg 1024w, http:\/\/spp3.slawno.pl\/wp-content\/uploads\/2022\/09\/21-3-300x225.jpg 300w, http:\/\/spp3.slawno.pl\/wp-content\/uploads\/2022\/09\/21-3-768x576.jpg 768w, http:\/\/spp3.slawno.pl\/wp-content\/uploads\/2022\/09\/21-3-1536x1152.jpg 1536w, http:\/\/spp3.slawno.pl\/wp-content\/uploads\/2022\/09\/21-3-678x509.jpg 678w, http:\/\/spp3.slawno.pl\/wp-content\/uploads\/2022\/09\/21-3-326x245.jpg 326w, http:\/\/spp3.slawno.pl\/wp-content\/uploads\/2022\/09\/21-3-80x60.jpg 80w, http:\/\/spp3.slawno.pl\/wp-content\/uploads\/2022\/09\/21-3.jpg 1600w\" sizes=\"(max-width: 1024px) 100vw, 1024px\" \/><\/figure><\/li><li class=\"blocks-gallery-item\"><figure><img loading=\"lazy\" decoding=\"async\" width=\"1024\" height=\"768\" src=\"http:\/\/spp3.slawno.pl\/wp-content\/uploads\/2022\/09\/22-2-1024x768.jpg\" alt=\"\" data-id=\"15586\" data-full-url=\"http:\/\/spp3.slawno.pl\/wp-content\/uploads\/2022\/09\/22-2.jpg\" data-link=\"http:\/\/spp3.slawno.pl\/?attachment_id=15586\" class=\"wp-image-15586\" srcset=\"http:\/\/spp3.slawno.pl\/wp-content\/uploads\/2022\/09\/22-2-1024x768.jpg 1024w, http:\/\/spp3.slawno.pl\/wp-content\/uploads\/2022\/09\/22-2-300x225.jpg 300w, http:\/\/spp3.slawno.pl\/wp-content\/uploads\/2022\/09\/22-2-768x576.jpg 768w, http:\/\/spp3.slawno.pl\/wp-content\/uploads\/2022\/09\/22-2-1536x1152.jpg 1536w, http:\/\/spp3.slawno.pl\/wp-content\/uploads\/2022\/09\/22-2-678x509.jpg 678w, http:\/\/spp3.slawno.pl\/wp-content\/uploads\/2022\/09\/22-2-326x245.jpg 326w, http:\/\/spp3.slawno.pl\/wp-content\/uploads\/2022\/09\/22-2-80x60.jpg 80w, http:\/\/spp3.slawno.pl\/wp-content\/uploads\/2022\/09\/22-2.jpg 1600w\" sizes=\"(max-width: 1024px) 100vw, 1024px\" \/><\/figure><\/li><li class=\"blocks-gallery-item\"><figure><img loading=\"lazy\" decoding=\"async\" width=\"1024\" height=\"768\" src=\"http:\/\/spp3.slawno.pl\/wp-content\/uploads\/2022\/09\/23-2-1024x768.jpg\" alt=\"\" data-id=\"15587\" data-full-url=\"http:\/\/spp3.slawno.pl\/wp-content\/uploads\/2022\/09\/23-2.jpg\" data-link=\"http:\/\/spp3.slawno.pl\/?attachment_id=15587\" class=\"wp-image-15587\" srcset=\"http:\/\/spp3.slawno.pl\/wp-content\/uploads\/2022\/09\/23-2-1024x768.jpg 1024w, http:\/\/spp3.slawno.pl\/wp-content\/uploads\/2022\/09\/23-2-300x225.jpg 300w, http:\/\/spp3.slawno.pl\/wp-content\/uploads\/2022\/09\/23-2-768x576.jpg 768w, http:\/\/spp3.slawno.pl\/wp-content\/uploads\/2022\/09\/23-2-1536x1152.jpg 1536w, http:\/\/spp3.slawno.pl\/wp-content\/uploads\/2022\/09\/23-2-678x509.jpg 678w, http:\/\/spp3.slawno.pl\/wp-content\/uploads\/2022\/09\/23-2-326x245.jpg 326w, http:\/\/spp3.slawno.pl\/wp-content\/uploads\/2022\/09\/23-2-80x60.jpg 80w, http:\/\/spp3.slawno.pl\/wp-content\/uploads\/2022\/09\/23-2.jpg 1600w\" sizes=\"(max-width: 1024px) 100vw, 1024px\" \/><\/figure><\/li><\/ul><\/figure>\n","protected":false},"excerpt":{"rendered":"<div class=\"mh-excerpt\"><p>\u015awietlica uczy si\u0119, tworzy i bawi. W minionym tygodniu dzieci wspomina\u0142y wakacje. Ile\u017c by\u0142o zabawy i rado\u015bci, kiedy rozmawiali\u015bmy o tym gdzie byli\u015bmy, co robili\u015bmy, <a class=\"mh-excerpt-more\" href=\"http:\/\/spp3.slawno.pl\/?p=15583\" title=\"\u015awietlica uczy si\u0119, tworzy i bawi.\">[&#8230;]<\/a><\/p>\n<\/div>","protected":false},"author":2,"featured_media":15585,"comment_status":"closed","ping_status":"open","sticky":false,"template":"","format":"standard","meta":{"footnotes":""},"categories":[1],"tags":[],"class_list":["post-15583","post","type-post","status-publish","format-standard","has-post-thumbnail","hentry","category-bez-kategorii"],"_links":{"self":[{"href":"http:\/\/spp3.slawno.pl\/index.php?rest_route=\/wp\/v2\/posts\/15583"}],"collection":[{"href":"http:\/\/spp3.slawno.pl\/index.php?rest_route=\/wp\/v2\/posts"}],"about":[{"href":"http:\/\/spp3.slawno.pl\/index.php?rest_route=\/wp\/v2\/types\/post"}],"author":[{"embeddable":true,"href":"http:\/\/spp3.slawno.pl\/index.php?rest_route=\/wp\/v2\/users\/2"}],"replies":[{"embeddable":true,"href":"http:\/\/spp3.slawno.pl\/index.php?rest_route=%2Fwp%2Fv2%2Fcomments&post=15583"}],"version-history":[{"count":1,"href":"http:\/\/spp3.slawno.pl\/index.php?rest_route=\/wp\/v2\/posts\/15583\/revisions"}],"predecessor-version":[{"id":15588,"href":"http:\/\/spp3.slawno.pl\/index.php?rest_route=\/wp\/v2\/posts\/15583\/revisions\/15588"}],"wp:featuredmedia":[{"embeddable":true,"href":"http:\/\/spp3.slawno.pl\/index.php?rest_route=\/wp\/v2\/media\/15585"}],"wp:attachment":[{"href":"http:\/\/spp3.slawno.pl\/index.php?rest_route=%2Fwp%2Fv2%2Fmedia&parent=15583"}],"wp:term":[{"taxonomy":"category","embeddable":true,"href":"http:\/\/spp3.slawno.pl\/index.php?rest_route=%2Fwp%2Fv2%2Fcategories&post=15583"},{"taxonomy":"post_tag","embeddable":true,"href":"http:\/\/spp3.slawno.pl\/index.php?rest_route=%2Fwp%2Fv2%2Ftags&post=15583"}],"curies":[{"name":"wp","href":"https:\/\/api.w.org\/{rel}","templated":true}]}}