{"id":16478,"date":"2023-01-08T20:24:57","date_gmt":"2023-01-08T19:24:57","guid":{"rendered":"http:\/\/spp3.slawno.pl\/?p=16478"},"modified":"2023-01-08T20:24:59","modified_gmt":"2023-01-08T19:24:59","slug":"swiateczny-konkurs-matematyczny-2","status":"publish","type":"post","link":"http:\/\/spp3.slawno.pl\/?p=16478","title":{"rendered":"\u015awi\u0105teczny konkurs matematyczny"},"content":{"rendered":"\n<p>Z przyjemno\u015bci\u0105 informujemy, \u017ce \u015bwi\u0105teczny konkurs matematyczny zosta\u0142 rozstrzygni\u0119ty. Uczniowie klas 4-8 codziennie, przez ca\u0142y grudzie\u0144 rozwi\u0105zywali zadania \u015bwi\u0105teczno-matematyczne. Wszyscy, kt\u00f3rzy podj\u0119li to wyzwanie musieli wykaza\u0107 si\u0119 nie tylko wiedz\u0105 matematyczn\u0105, ale tak\u017ce sumienno\u015bci\u0105 i wytrwa\u0142o\u015bci\u0105. I miejsce ex aequo zaj\u0119\u0142y:<br>Julia Wieczorek &#8211; klasa V a<br>Hanna Burda &#8211; klasa VIII b<br>Maja Gondek &#8211; klasa VIII e.<br>Wyr\u00f3\u017cnienie otrzyma\u0142a Lena Gutowska &#8211; klasa VI c.<\/p>\n\n\n\n<p>Serdecznie dzi\u0119kujemy wszystkim uczniom, kt\u00f3rzy wzi\u0119li udzia\u0142 w konkursie a zwyci\u0119zcom GRATULUJEMY.<\/p>\n\n\n\n<figure class=\"wp-block-gallery columns-3 is-cropped wp-block-gallery-1 is-layout-flex wp-block-gallery-is-layout-flex\"><ul class=\"blocks-gallery-grid\"><li class=\"blocks-gallery-item\"><figure><img loading=\"lazy\" decoding=\"async\" width=\"1024\" height=\"768\" src=\"http:\/\/spp3.slawno.pl\/wp-content\/uploads\/2023\/01\/20230104_160216-1024x768.jpg\" alt=\"\" data-id=\"16479\" data-full-url=\"http:\/\/spp3.slawno.pl\/wp-content\/uploads\/2023\/01\/20230104_160216.jpg\" data-link=\"http:\/\/spp3.slawno.pl\/?attachment_id=16479\" class=\"wp-image-16479\" srcset=\"http:\/\/spp3.slawno.pl\/wp-content\/uploads\/2023\/01\/20230104_160216-1024x768.jpg 1024w, http:\/\/spp3.slawno.pl\/wp-content\/uploads\/2023\/01\/20230104_160216-300x225.jpg 300w, http:\/\/spp3.slawno.pl\/wp-content\/uploads\/2023\/01\/20230104_160216-768x576.jpg 768w, http:\/\/spp3.slawno.pl\/wp-content\/uploads\/2023\/01\/20230104_160216-1536x1152.jpg 1536w, http:\/\/spp3.slawno.pl\/wp-content\/uploads\/2023\/01\/20230104_160216-2048x1536.jpg 2048w, http:\/\/spp3.slawno.pl\/wp-content\/uploads\/2023\/01\/20230104_160216-678x509.jpg 678w, http:\/\/spp3.slawno.pl\/wp-content\/uploads\/2023\/01\/20230104_160216-326x245.jpg 326w, http:\/\/spp3.slawno.pl\/wp-content\/uploads\/2023\/01\/20230104_160216-80x60.jpg 80w\" sizes=\"(max-width: 1024px) 100vw, 1024px\" \/><\/figure><\/li><li class=\"blocks-gallery-item\"><figure><img loading=\"lazy\" decoding=\"async\" width=\"1024\" height=\"768\" src=\"http:\/\/spp3.slawno.pl\/wp-content\/uploads\/2023\/01\/20230105_120354-1024x768.jpg\" alt=\"\" data-id=\"16480\" data-full-url=\"http:\/\/spp3.slawno.pl\/wp-content\/uploads\/2023\/01\/20230105_120354.jpg\" data-link=\"http:\/\/spp3.slawno.pl\/?attachment_id=16480\" class=\"wp-image-16480\" srcset=\"http:\/\/spp3.slawno.pl\/wp-content\/uploads\/2023\/01\/20230105_120354-1024x768.jpg 1024w, http:\/\/spp3.slawno.pl\/wp-content\/uploads\/2023\/01\/20230105_120354-300x225.jpg 300w, http:\/\/spp3.slawno.pl\/wp-content\/uploads\/2023\/01\/20230105_120354-768x576.jpg 768w, http:\/\/spp3.slawno.pl\/wp-content\/uploads\/2023\/01\/20230105_120354-1536x1152.jpg 1536w, http:\/\/spp3.slawno.pl\/wp-content\/uploads\/2023\/01\/20230105_120354-2048x1536.jpg 2048w, http:\/\/spp3.slawno.pl\/wp-content\/uploads\/2023\/01\/20230105_120354-678x509.jpg 678w, http:\/\/spp3.slawno.pl\/wp-content\/uploads\/2023\/01\/20230105_120354-326x245.jpg 326w, http:\/\/spp3.slawno.pl\/wp-content\/uploads\/2023\/01\/20230105_120354-80x60.jpg 80w\" sizes=\"(max-width: 1024px) 100vw, 1024px\" \/><\/figure><\/li><li class=\"blocks-gallery-item\"><figure><img loading=\"lazy\" decoding=\"async\" width=\"1024\" height=\"768\" src=\"http:\/\/spp3.slawno.pl\/wp-content\/uploads\/2023\/01\/20230105_120501-1024x768.jpg\" alt=\"\" data-id=\"16481\" data-full-url=\"http:\/\/spp3.slawno.pl\/wp-content\/uploads\/2023\/01\/20230105_120501.jpg\" data-link=\"http:\/\/spp3.slawno.pl\/?attachment_id=16481\" class=\"wp-image-16481\" srcset=\"http:\/\/spp3.slawno.pl\/wp-content\/uploads\/2023\/01\/20230105_120501-1024x768.jpg 1024w, http:\/\/spp3.slawno.pl\/wp-content\/uploads\/2023\/01\/20230105_120501-300x225.jpg 300w, http:\/\/spp3.slawno.pl\/wp-content\/uploads\/2023\/01\/20230105_120501-768x576.jpg 768w, http:\/\/spp3.slawno.pl\/wp-content\/uploads\/2023\/01\/20230105_120501-1536x1152.jpg 1536w, http:\/\/spp3.slawno.pl\/wp-content\/uploads\/2023\/01\/20230105_120501-2048x1536.jpg 2048w, http:\/\/spp3.slawno.pl\/wp-content\/uploads\/2023\/01\/20230105_120501-678x509.jpg 678w, http:\/\/spp3.slawno.pl\/wp-content\/uploads\/2023\/01\/20230105_120501-326x245.jpg 326w, http:\/\/spp3.slawno.pl\/wp-content\/uploads\/2023\/01\/20230105_120501-80x60.jpg 80w\" sizes=\"(max-width: 1024px) 100vw, 1024px\" \/><\/figure><\/li><li class=\"blocks-gallery-item\"><figure><img loading=\"lazy\" decoding=\"async\" width=\"1024\" height=\"768\" src=\"http:\/\/spp3.slawno.pl\/wp-content\/uploads\/2023\/01\/20230105_120621-1024x768.jpg\" alt=\"\" data-id=\"16482\" data-full-url=\"http:\/\/spp3.slawno.pl\/wp-content\/uploads\/2023\/01\/20230105_120621.jpg\" data-link=\"http:\/\/spp3.slawno.pl\/?attachment_id=16482\" class=\"wp-image-16482\" srcset=\"http:\/\/spp3.slawno.pl\/wp-content\/uploads\/2023\/01\/20230105_120621-1024x768.jpg 1024w, http:\/\/spp3.slawno.pl\/wp-content\/uploads\/2023\/01\/20230105_120621-300x225.jpg 300w, http:\/\/spp3.slawno.pl\/wp-content\/uploads\/2023\/01\/20230105_120621-768x576.jpg 768w, http:\/\/spp3.slawno.pl\/wp-content\/uploads\/2023\/01\/20230105_120621-1536x1152.jpg 1536w, http:\/\/spp3.slawno.pl\/wp-content\/uploads\/2023\/01\/20230105_120621-2048x1536.jpg 2048w, http:\/\/spp3.slawno.pl\/wp-content\/uploads\/2023\/01\/20230105_120621-678x509.jpg 678w, http:\/\/spp3.slawno.pl\/wp-content\/uploads\/2023\/01\/20230105_120621-326x245.jpg 326w, http:\/\/spp3.slawno.pl\/wp-content\/uploads\/2023\/01\/20230105_120621-80x60.jpg 80w\" sizes=\"(max-width: 1024px) 100vw, 1024px\" \/><\/figure><\/li><\/ul><\/figure>\n","protected":false},"excerpt":{"rendered":"<div class=\"mh-excerpt\"><p>Z przyjemno\u015bci\u0105 informujemy, \u017ce \u015bwi\u0105teczny konkurs matematyczny zosta\u0142 rozstrzygni\u0119ty. Uczniowie klas 4-8 codziennie, przez ca\u0142y grudzie\u0144 rozwi\u0105zywali zadania \u015bwi\u0105teczno-matematyczne. Wszyscy, kt\u00f3rzy podj\u0119li to wyzwanie musieli <a class=\"mh-excerpt-more\" href=\"http:\/\/spp3.slawno.pl\/?p=16478\" title=\"\u015awi\u0105teczny konkurs matematyczny\">[&#8230;]<\/a><\/p>\n<\/div>","protected":false},"author":2,"featured_media":16479,"comment_status":"closed","ping_status":"open","sticky":false,"template":"","format":"standard","meta":{"footnotes":""},"categories":[1],"tags":[],"class_list":["post-16478","post","type-post","status-publish","format-standard","has-post-thumbnail","hentry","category-bez-kategorii"],"_links":{"self":[{"href":"http:\/\/spp3.slawno.pl\/index.php?rest_route=\/wp\/v2\/posts\/16478"}],"collection":[{"href":"http:\/\/spp3.slawno.pl\/index.php?rest_route=\/wp\/v2\/posts"}],"about":[{"href":"http:\/\/spp3.slawno.pl\/index.php?rest_route=\/wp\/v2\/types\/post"}],"author":[{"embeddable":true,"href":"http:\/\/spp3.slawno.pl\/index.php?rest_route=\/wp\/v2\/users\/2"}],"replies":[{"embeddable":true,"href":"http:\/\/spp3.slawno.pl\/index.php?rest_route=%2Fwp%2Fv2%2Fcomments&post=16478"}],"version-history":[{"count":1,"href":"http:\/\/spp3.slawno.pl\/index.php?rest_route=\/wp\/v2\/posts\/16478\/revisions"}],"predecessor-version":[{"id":16483,"href":"http:\/\/spp3.slawno.pl\/index.php?rest_route=\/wp\/v2\/posts\/16478\/revisions\/16483"}],"wp:featuredmedia":[{"embeddable":true,"href":"http:\/\/spp3.slawno.pl\/index.php?rest_route=\/wp\/v2\/media\/16479"}],"wp:attachment":[{"href":"http:\/\/spp3.slawno.pl\/index.php?rest_route=%2Fwp%2Fv2%2Fmedia&parent=16478"}],"wp:term":[{"taxonomy":"category","embeddable":true,"href":"http:\/\/spp3.slawno.pl\/index.php?rest_route=%2Fwp%2Fv2%2Fcategories&post=16478"},{"taxonomy":"post_tag","embeddable":true,"href":"http:\/\/spp3.slawno.pl\/index.php?rest_route=%2Fwp%2Fv2%2Ftags&post=16478"}],"curies":[{"name":"wp","href":"https:\/\/api.w.org\/{rel}","templated":true}]}}