{"id":16805,"date":"2023-03-16T11:28:36","date_gmt":"2023-03-16T10:28:36","guid":{"rendered":"http:\/\/spp3.slawno.pl\/?p=16805"},"modified":"2023-03-16T11:28:37","modified_gmt":"2023-03-16T10:28:37","slug":"mistrzostwa-regionu-w-mini-pilke-reczna","status":"publish","type":"post","link":"http:\/\/spp3.slawno.pl\/?p=16805","title":{"rendered":"Mistrzostwa Regionu w mini pi\u0142k\u0119 r\u0119czn\u0105."},"content":{"rendered":"\n<p>Mi\u0142o nam poinformowa\u0107, \u017ce dru\u017cyna dziewcz\u0105t zaj\u0119\u0142a II miejsce w Mistrzostwach Regionu w mini pi\u0142k\u0119 r\u0119czn\u0105. Serdecznie gratulujemy<img loading=\"lazy\" decoding=\"async\" height=\"16\" width=\"16\" alt=\"\ud83e\udd3e\ud83c\udffb\u200d\u2642\ufe0f\" src=\"https:\/\/static.xx.fbcdn.net\/images\/emoji.php\/v9\/te\/1\/16\/1f93e_1f3fb_200d_2642.png\"><img loading=\"lazy\" decoding=\"async\" height=\"16\" width=\"16\" alt=\"\ud83c\udfc6\" src=\"https:\/\/static.xx.fbcdn.net\/images\/emoji.php\/v9\/tbe\/1\/16\/1f3c6.png\"><\/p>\n\n\n\n<figure class=\"wp-block-gallery columns-3 is-cropped wp-block-gallery-1 is-layout-flex wp-block-gallery-is-layout-flex\"><ul class=\"blocks-gallery-grid\"><li class=\"blocks-gallery-item\"><figure><img loading=\"lazy\" decoding=\"async\" width=\"768\" height=\"1024\" src=\"http:\/\/spp3.slawno.pl\/wp-content\/uploads\/2023\/03\/1-5-768x1024.jpg\" alt=\"\" data-id=\"16806\" data-full-url=\"http:\/\/spp3.slawno.pl\/wp-content\/uploads\/2023\/03\/1-5.jpg\" data-link=\"http:\/\/spp3.slawno.pl\/?attachment_id=16806\" class=\"wp-image-16806\" srcset=\"http:\/\/spp3.slawno.pl\/wp-content\/uploads\/2023\/03\/1-5-768x1024.jpg 768w, http:\/\/spp3.slawno.pl\/wp-content\/uploads\/2023\/03\/1-5-225x300.jpg 225w, http:\/\/spp3.slawno.pl\/wp-content\/uploads\/2023\/03\/1-5-1152x1536.jpg 1152w, http:\/\/spp3.slawno.pl\/wp-content\/uploads\/2023\/03\/1-5.jpg 1512w\" sizes=\"(max-width: 768px) 100vw, 768px\" \/><\/figure><\/li><li class=\"blocks-gallery-item\"><figure><img loading=\"lazy\" decoding=\"async\" width=\"1024\" height=\"768\" src=\"http:\/\/spp3.slawno.pl\/wp-content\/uploads\/2023\/03\/2-3-1024x768.jpg\" alt=\"\" data-id=\"16807\" data-full-url=\"http:\/\/spp3.slawno.pl\/wp-content\/uploads\/2023\/03\/2-3.jpg\" data-link=\"http:\/\/spp3.slawno.pl\/?attachment_id=16807\" class=\"wp-image-16807\" srcset=\"http:\/\/spp3.slawno.pl\/wp-content\/uploads\/2023\/03\/2-3-1024x768.jpg 1024w, http:\/\/spp3.slawno.pl\/wp-content\/uploads\/2023\/03\/2-3-300x225.jpg 300w, http:\/\/spp3.slawno.pl\/wp-content\/uploads\/2023\/03\/2-3-768x576.jpg 768w, http:\/\/spp3.slawno.pl\/wp-content\/uploads\/2023\/03\/2-3-1536x1152.jpg 1536w, http:\/\/spp3.slawno.pl\/wp-content\/uploads\/2023\/03\/2-3-678x509.jpg 678w, http:\/\/spp3.slawno.pl\/wp-content\/uploads\/2023\/03\/2-3-326x245.jpg 326w, http:\/\/spp3.slawno.pl\/wp-content\/uploads\/2023\/03\/2-3-80x60.jpg 80w, http:\/\/spp3.slawno.pl\/wp-content\/uploads\/2023\/03\/2-3.jpg 2016w\" sizes=\"(max-width: 1024px) 100vw, 1024px\" \/><\/figure><\/li><li class=\"blocks-gallery-item\"><figure><img loading=\"lazy\" decoding=\"async\" width=\"768\" height=\"1024\" src=\"http:\/\/spp3.slawno.pl\/wp-content\/uploads\/2023\/03\/3-1-768x1024.jpg\" alt=\"\" data-id=\"16808\" data-full-url=\"http:\/\/spp3.slawno.pl\/wp-content\/uploads\/2023\/03\/3-1.jpg\" data-link=\"http:\/\/spp3.slawno.pl\/?attachment_id=16808\" class=\"wp-image-16808\" srcset=\"http:\/\/spp3.slawno.pl\/wp-content\/uploads\/2023\/03\/3-1-768x1024.jpg 768w, http:\/\/spp3.slawno.pl\/wp-content\/uploads\/2023\/03\/3-1-225x300.jpg 225w, http:\/\/spp3.slawno.pl\/wp-content\/uploads\/2023\/03\/3-1-1152x1536.jpg 1152w, http:\/\/spp3.slawno.pl\/wp-content\/uploads\/2023\/03\/3-1.jpg 1512w\" sizes=\"(max-width: 768px) 100vw, 768px\" \/><\/figure><\/li><li class=\"blocks-gallery-item\"><figure><img loading=\"lazy\" decoding=\"async\" width=\"768\" height=\"1024\" src=\"http:\/\/spp3.slawno.pl\/wp-content\/uploads\/2023\/03\/4-1-768x1024.jpg\" alt=\"\" data-id=\"16809\" data-full-url=\"http:\/\/spp3.slawno.pl\/wp-content\/uploads\/2023\/03\/4-1.jpg\" data-link=\"http:\/\/spp3.slawno.pl\/?attachment_id=16809\" class=\"wp-image-16809\" srcset=\"http:\/\/spp3.slawno.pl\/wp-content\/uploads\/2023\/03\/4-1-768x1024.jpg 768w, http:\/\/spp3.slawno.pl\/wp-content\/uploads\/2023\/03\/4-1-225x300.jpg 225w, http:\/\/spp3.slawno.pl\/wp-content\/uploads\/2023\/03\/4-1-1152x1536.jpg 1152w, http:\/\/spp3.slawno.pl\/wp-content\/uploads\/2023\/03\/4-1.jpg 1512w\" sizes=\"(max-width: 768px) 100vw, 768px\" \/><\/figure><\/li><li class=\"blocks-gallery-item\"><figure><img loading=\"lazy\" decoding=\"async\" width=\"768\" height=\"1024\" src=\"http:\/\/spp3.slawno.pl\/wp-content\/uploads\/2023\/03\/5-1-768x1024.jpg\" alt=\"\" data-id=\"16810\" data-full-url=\"http:\/\/spp3.slawno.pl\/wp-content\/uploads\/2023\/03\/5-1.jpg\" data-link=\"http:\/\/spp3.slawno.pl\/?attachment_id=16810\" class=\"wp-image-16810\" srcset=\"http:\/\/spp3.slawno.pl\/wp-content\/uploads\/2023\/03\/5-1-768x1024.jpg 768w, http:\/\/spp3.slawno.pl\/wp-content\/uploads\/2023\/03\/5-1-225x300.jpg 225w, http:\/\/spp3.slawno.pl\/wp-content\/uploads\/2023\/03\/5-1-1152x1536.jpg 1152w, http:\/\/spp3.slawno.pl\/wp-content\/uploads\/2023\/03\/5-1.jpg 1512w\" sizes=\"(max-width: 768px) 100vw, 768px\" \/><\/figure><\/li><li class=\"blocks-gallery-item\"><figure><img loading=\"lazy\" decoding=\"async\" width=\"1024\" height=\"768\" src=\"http:\/\/spp3.slawno.pl\/wp-content\/uploads\/2023\/03\/6-1024x768.jpg\" alt=\"\" data-id=\"16811\" data-full-url=\"http:\/\/spp3.slawno.pl\/wp-content\/uploads\/2023\/03\/6.jpg\" data-link=\"http:\/\/spp3.slawno.pl\/?attachment_id=16811\" class=\"wp-image-16811\" srcset=\"http:\/\/spp3.slawno.pl\/wp-content\/uploads\/2023\/03\/6-1024x768.jpg 1024w, http:\/\/spp3.slawno.pl\/wp-content\/uploads\/2023\/03\/6-300x225.jpg 300w, http:\/\/spp3.slawno.pl\/wp-content\/uploads\/2023\/03\/6-768x576.jpg 768w, http:\/\/spp3.slawno.pl\/wp-content\/uploads\/2023\/03\/6-1536x1152.jpg 1536w, http:\/\/spp3.slawno.pl\/wp-content\/uploads\/2023\/03\/6-678x509.jpg 678w, http:\/\/spp3.slawno.pl\/wp-content\/uploads\/2023\/03\/6-326x245.jpg 326w, http:\/\/spp3.slawno.pl\/wp-content\/uploads\/2023\/03\/6-80x60.jpg 80w, http:\/\/spp3.slawno.pl\/wp-content\/uploads\/2023\/03\/6.jpg 2016w\" sizes=\"(max-width: 1024px) 100vw, 1024px\" \/><\/figure><\/li><li class=\"blocks-gallery-item\"><figure><img loading=\"lazy\" decoding=\"async\" width=\"768\" height=\"1024\" src=\"http:\/\/spp3.slawno.pl\/wp-content\/uploads\/2023\/03\/7-768x1024.jpg\" alt=\"\" data-id=\"16812\" data-full-url=\"http:\/\/spp3.slawno.pl\/wp-content\/uploads\/2023\/03\/7.jpg\" data-link=\"http:\/\/spp3.slawno.pl\/?attachment_id=16812\" class=\"wp-image-16812\" srcset=\"http:\/\/spp3.slawno.pl\/wp-content\/uploads\/2023\/03\/7-768x1024.jpg 768w, http:\/\/spp3.slawno.pl\/wp-content\/uploads\/2023\/03\/7-225x300.jpg 225w, http:\/\/spp3.slawno.pl\/wp-content\/uploads\/2023\/03\/7-1152x1536.jpg 1152w, http:\/\/spp3.slawno.pl\/wp-content\/uploads\/2023\/03\/7.jpg 1512w\" sizes=\"(max-width: 768px) 100vw, 768px\" \/><\/figure><\/li><li class=\"blocks-gallery-item\"><figure><img loading=\"lazy\" decoding=\"async\" width=\"768\" height=\"1024\" src=\"http:\/\/spp3.slawno.pl\/wp-content\/uploads\/2023\/03\/8-768x1024.jpg\" alt=\"\" data-id=\"16813\" data-full-url=\"http:\/\/spp3.slawno.pl\/wp-content\/uploads\/2023\/03\/8.jpg\" data-link=\"http:\/\/spp3.slawno.pl\/?attachment_id=16813\" class=\"wp-image-16813\" srcset=\"http:\/\/spp3.slawno.pl\/wp-content\/uploads\/2023\/03\/8-768x1024.jpg 768w, http:\/\/spp3.slawno.pl\/wp-content\/uploads\/2023\/03\/8-225x300.jpg 225w, http:\/\/spp3.slawno.pl\/wp-content\/uploads\/2023\/03\/8-1152x1536.jpg 1152w, http:\/\/spp3.slawno.pl\/wp-content\/uploads\/2023\/03\/8.jpg 1512w\" sizes=\"(max-width: 768px) 100vw, 768px\" \/><\/figure><\/li><li class=\"blocks-gallery-item\"><figure><img loading=\"lazy\" decoding=\"async\" width=\"768\" height=\"1024\" src=\"http:\/\/spp3.slawno.pl\/wp-content\/uploads\/2023\/03\/9-768x1024.jpg\" alt=\"\" data-id=\"16814\" data-full-url=\"http:\/\/spp3.slawno.pl\/wp-content\/uploads\/2023\/03\/9.jpg\" data-link=\"http:\/\/spp3.slawno.pl\/?attachment_id=16814\" class=\"wp-image-16814\" srcset=\"http:\/\/spp3.slawno.pl\/wp-content\/uploads\/2023\/03\/9-768x1024.jpg 768w, http:\/\/spp3.slawno.pl\/wp-content\/uploads\/2023\/03\/9-225x300.jpg 225w, http:\/\/spp3.slawno.pl\/wp-content\/uploads\/2023\/03\/9-1152x1536.jpg 1152w, http:\/\/spp3.slawno.pl\/wp-content\/uploads\/2023\/03\/9.jpg 1512w\" sizes=\"(max-width: 768px) 100vw, 768px\" \/><\/figure><\/li><li class=\"blocks-gallery-item\"><figure><img loading=\"lazy\" decoding=\"async\" width=\"768\" height=\"1024\" src=\"http:\/\/spp3.slawno.pl\/wp-content\/uploads\/2023\/03\/10-768x1024.jpg\" alt=\"\" data-id=\"16815\" data-full-url=\"http:\/\/spp3.slawno.pl\/wp-content\/uploads\/2023\/03\/10.jpg\" data-link=\"http:\/\/spp3.slawno.pl\/?attachment_id=16815\" class=\"wp-image-16815\" srcset=\"http:\/\/spp3.slawno.pl\/wp-content\/uploads\/2023\/03\/10-768x1024.jpg 768w, http:\/\/spp3.slawno.pl\/wp-content\/uploads\/2023\/03\/10-225x300.jpg 225w, http:\/\/spp3.slawno.pl\/wp-content\/uploads\/2023\/03\/10-1152x1536.jpg 1152w, http:\/\/spp3.slawno.pl\/wp-content\/uploads\/2023\/03\/10.jpg 1512w\" sizes=\"(max-width: 768px) 100vw, 768px\" \/><\/figure><\/li><\/ul><\/figure>\n","protected":false},"excerpt":{"rendered":"<div class=\"mh-excerpt\"><p>Mi\u0142o nam poinformowa\u0107, \u017ce dru\u017cyna dziewcz\u0105t zaj\u0119\u0142a II miejsce w Mistrzostwach Regionu w mini pi\u0142k\u0119 r\u0119czn\u0105. Serdecznie gratulujemy<\/p>\n<\/div>","protected":false},"author":2,"featured_media":16806,"comment_status":"closed","ping_status":"open","sticky":false,"template":"","format":"standard","meta":{"footnotes":""},"categories":[1],"tags":[],"class_list":["post-16805","post","type-post","status-publish","format-standard","has-post-thumbnail","hentry","category-bez-kategorii"],"_links":{"self":[{"href":"http:\/\/spp3.slawno.pl\/index.php?rest_route=\/wp\/v2\/posts\/16805"}],"collection":[{"href":"http:\/\/spp3.slawno.pl\/index.php?rest_route=\/wp\/v2\/posts"}],"about":[{"href":"http:\/\/spp3.slawno.pl\/index.php?rest_route=\/wp\/v2\/types\/post"}],"author":[{"embeddable":true,"href":"http:\/\/spp3.slawno.pl\/index.php?rest_route=\/wp\/v2\/users\/2"}],"replies":[{"embeddable":true,"href":"http:\/\/spp3.slawno.pl\/index.php?rest_route=%2Fwp%2Fv2%2Fcomments&post=16805"}],"version-history":[{"count":1,"href":"http:\/\/spp3.slawno.pl\/index.php?rest_route=\/wp\/v2\/posts\/16805\/revisions"}],"predecessor-version":[{"id":16816,"href":"http:\/\/spp3.slawno.pl\/index.php?rest_route=\/wp\/v2\/posts\/16805\/revisions\/16816"}],"wp:featuredmedia":[{"embeddable":true,"href":"http:\/\/spp3.slawno.pl\/index.php?rest_route=\/wp\/v2\/media\/16806"}],"wp:attachment":[{"href":"http:\/\/spp3.slawno.pl\/index.php?rest_route=%2Fwp%2Fv2%2Fmedia&parent=16805"}],"wp:term":[{"taxonomy":"category","embeddable":true,"href":"http:\/\/spp3.slawno.pl\/index.php?rest_route=%2Fwp%2Fv2%2Fcategories&post=16805"},{"taxonomy":"post_tag","embeddable":true,"href":"http:\/\/spp3.slawno.pl\/index.php?rest_route=%2Fwp%2Fv2%2Ftags&post=16805"}],"curies":[{"name":"wp","href":"https:\/\/api.w.org\/{rel}","templated":true}]}}