{"id":16818,"date":"2023-03-20T09:34:29","date_gmt":"2023-03-20T08:34:29","guid":{"rendered":"http:\/\/spp3.slawno.pl\/?p=16818"},"modified":"2023-03-20T09:34:30","modified_gmt":"2023-03-20T08:34:30","slug":"miejski-przeglad-amatorskiego-ruchu-artystycznego","status":"publish","type":"post","link":"http:\/\/spp3.slawno.pl\/?p=16818","title":{"rendered":"Miejski Przegl\u0105d Amatorskiego Ruchu Artystycznego"},"content":{"rendered":"\n<p>16 marca w S\u0142awie\u0144skim Domu Kultury odby\u0142 si\u0119 Miejski Przegl\u0105d Amatorskiego Ruchu Artystycznego. Mi\u0142o nam poinformowa\u0107, i\u017c laureatami w kategorii klas I-III zostali uczniowie naszej szko\u0142y: Pola Koz\u0142owska kl. III a oraz Julian Koz\u0142owski kl. II a. <\/p>\n\n\n\n<p>Gratulujemy i trzymamy kciuki za dalsze sukcesy na przegl\u0105dzie powiatowym MKR 25 marca w Dar\u0142owie <img loading=\"lazy\" decoding=\"async\" height=\"16\" width=\"16\" alt=\"\ud83e\udd1e\" src=\"https:\/\/static.xx.fbcdn.net\/images\/emoji.php\/v9\/te5\/1\/16\/1f91e.png\">.<\/p>\n\n\n\n<figure class=\"wp-block-gallery columns-3 is-cropped wp-block-gallery-1 is-layout-flex wp-block-gallery-is-layout-flex\"><ul class=\"blocks-gallery-grid\"><li class=\"blocks-gallery-item\"><figure><img loading=\"lazy\" decoding=\"async\" width=\"1024\" height=\"536\" src=\"http:\/\/spp3.slawno.pl\/wp-content\/uploads\/2023\/03\/1-6-1024x536.jpg\" alt=\"\" data-id=\"16819\" data-full-url=\"http:\/\/spp3.slawno.pl\/wp-content\/uploads\/2023\/03\/1-6.jpg\" data-link=\"http:\/\/spp3.slawno.pl\/?attachment_id=16819\" class=\"wp-image-16819\" srcset=\"http:\/\/spp3.slawno.pl\/wp-content\/uploads\/2023\/03\/1-6-1024x536.jpg 1024w, http:\/\/spp3.slawno.pl\/wp-content\/uploads\/2023\/03\/1-6-300x157.jpg 300w, http:\/\/spp3.slawno.pl\/wp-content\/uploads\/2023\/03\/1-6-768x402.jpg 768w, http:\/\/spp3.slawno.pl\/wp-content\/uploads\/2023\/03\/1-6-1536x804.jpg 1536w, http:\/\/spp3.slawno.pl\/wp-content\/uploads\/2023\/03\/1-6.jpg 1600w\" sizes=\"(max-width: 1024px) 100vw, 1024px\" \/><\/figure><\/li><li class=\"blocks-gallery-item\"><figure><img loading=\"lazy\" decoding=\"async\" width=\"1024\" height=\"465\" src=\"http:\/\/spp3.slawno.pl\/wp-content\/uploads\/2023\/03\/2-4-1024x465.jpg\" alt=\"\" data-id=\"16820\" data-full-url=\"http:\/\/spp3.slawno.pl\/wp-content\/uploads\/2023\/03\/2-4.jpg\" data-link=\"http:\/\/spp3.slawno.pl\/?attachment_id=16820\" class=\"wp-image-16820\" srcset=\"http:\/\/spp3.slawno.pl\/wp-content\/uploads\/2023\/03\/2-4-1024x465.jpg 1024w, http:\/\/spp3.slawno.pl\/wp-content\/uploads\/2023\/03\/2-4-300x136.jpg 300w, http:\/\/spp3.slawno.pl\/wp-content\/uploads\/2023\/03\/2-4-768x349.jpg 768w, http:\/\/spp3.slawno.pl\/wp-content\/uploads\/2023\/03\/2-4.jpg 1408w\" sizes=\"(max-width: 1024px) 100vw, 1024px\" \/><\/figure><\/li><li class=\"blocks-gallery-item\"><figure><img loading=\"lazy\" decoding=\"async\" width=\"1024\" height=\"583\" src=\"http:\/\/spp3.slawno.pl\/wp-content\/uploads\/2023\/03\/3-2-1024x583.jpg\" alt=\"\" data-id=\"16821\" data-full-url=\"http:\/\/spp3.slawno.pl\/wp-content\/uploads\/2023\/03\/3-2.jpg\" data-link=\"http:\/\/spp3.slawno.pl\/?attachment_id=16821\" class=\"wp-image-16821\" srcset=\"http:\/\/spp3.slawno.pl\/wp-content\/uploads\/2023\/03\/3-2-1024x583.jpg 1024w, http:\/\/spp3.slawno.pl\/wp-content\/uploads\/2023\/03\/3-2-300x171.jpg 300w, http:\/\/spp3.slawno.pl\/wp-content\/uploads\/2023\/03\/3-2-768x437.jpg 768w, http:\/\/spp3.slawno.pl\/wp-content\/uploads\/2023\/03\/3-2-1536x875.jpg 1536w, http:\/\/spp3.slawno.pl\/wp-content\/uploads\/2023\/03\/3-2.jpg 1600w\" sizes=\"(max-width: 1024px) 100vw, 1024px\" \/><\/figure><\/li><li class=\"blocks-gallery-item\"><figure><img loading=\"lazy\" decoding=\"async\" width=\"1024\" height=\"653\" src=\"http:\/\/spp3.slawno.pl\/wp-content\/uploads\/2023\/03\/4-2-1024x653.jpg\" alt=\"\" data-id=\"16822\" data-full-url=\"http:\/\/spp3.slawno.pl\/wp-content\/uploads\/2023\/03\/4-2.jpg\" data-link=\"http:\/\/spp3.slawno.pl\/?attachment_id=16822\" class=\"wp-image-16822\" srcset=\"http:\/\/spp3.slawno.pl\/wp-content\/uploads\/2023\/03\/4-2-1024x653.jpg 1024w, http:\/\/spp3.slawno.pl\/wp-content\/uploads\/2023\/03\/4-2-300x191.jpg 300w, http:\/\/spp3.slawno.pl\/wp-content\/uploads\/2023\/03\/4-2-768x490.jpg 768w, http:\/\/spp3.slawno.pl\/wp-content\/uploads\/2023\/03\/4-2-1536x979.jpg 1536w, http:\/\/spp3.slawno.pl\/wp-content\/uploads\/2023\/03\/4-2.jpg 1600w\" sizes=\"(max-width: 1024px) 100vw, 1024px\" \/><\/figure><\/li><li class=\"blocks-gallery-item\"><figure><img loading=\"lazy\" decoding=\"async\" width=\"1024\" height=\"644\" src=\"http:\/\/spp3.slawno.pl\/wp-content\/uploads\/2023\/03\/5-2-1024x644.jpg\" alt=\"\" data-id=\"16823\" data-full-url=\"http:\/\/spp3.slawno.pl\/wp-content\/uploads\/2023\/03\/5-2.jpg\" data-link=\"http:\/\/spp3.slawno.pl\/?attachment_id=16823\" class=\"wp-image-16823\" srcset=\"http:\/\/spp3.slawno.pl\/wp-content\/uploads\/2023\/03\/5-2-1024x644.jpg 1024w, http:\/\/spp3.slawno.pl\/wp-content\/uploads\/2023\/03\/5-2-300x189.jpg 300w, http:\/\/spp3.slawno.pl\/wp-content\/uploads\/2023\/03\/5-2-768x483.jpg 768w, http:\/\/spp3.slawno.pl\/wp-content\/uploads\/2023\/03\/5-2-1536x966.jpg 1536w, http:\/\/spp3.slawno.pl\/wp-content\/uploads\/2023\/03\/5-2.jpg 1600w\" sizes=\"(max-width: 1024px) 100vw, 1024px\" \/><\/figure><\/li><\/ul><\/figure>\n","protected":false},"excerpt":{"rendered":"<div class=\"mh-excerpt\"><p>16 marca w S\u0142awie\u0144skim Domu Kultury odby\u0142 si\u0119 Miejski Przegl\u0105d Amatorskiego Ruchu Artystycznego. Mi\u0142o nam poinformowa\u0107, i\u017c laureatami w kategorii klas I-III zostali uczniowie naszej <a class=\"mh-excerpt-more\" href=\"http:\/\/spp3.slawno.pl\/?p=16818\" title=\"Miejski Przegl\u0105d Amatorskiego Ruchu Artystycznego\">[&#8230;]<\/a><\/p>\n<\/div>","protected":false},"author":2,"featured_media":16822,"comment_status":"closed","ping_status":"open","sticky":false,"template":"","format":"standard","meta":{"footnotes":""},"categories":[1],"tags":[],"class_list":["post-16818","post","type-post","status-publish","format-standard","has-post-thumbnail","hentry","category-bez-kategorii"],"_links":{"self":[{"href":"http:\/\/spp3.slawno.pl\/index.php?rest_route=\/wp\/v2\/posts\/16818"}],"collection":[{"href":"http:\/\/spp3.slawno.pl\/index.php?rest_route=\/wp\/v2\/posts"}],"about":[{"href":"http:\/\/spp3.slawno.pl\/index.php?rest_route=\/wp\/v2\/types\/post"}],"author":[{"embeddable":true,"href":"http:\/\/spp3.slawno.pl\/index.php?rest_route=\/wp\/v2\/users\/2"}],"replies":[{"embeddable":true,"href":"http:\/\/spp3.slawno.pl\/index.php?rest_route=%2Fwp%2Fv2%2Fcomments&post=16818"}],"version-history":[{"count":1,"href":"http:\/\/spp3.slawno.pl\/index.php?rest_route=\/wp\/v2\/posts\/16818\/revisions"}],"predecessor-version":[{"id":16824,"href":"http:\/\/spp3.slawno.pl\/index.php?rest_route=\/wp\/v2\/posts\/16818\/revisions\/16824"}],"wp:featuredmedia":[{"embeddable":true,"href":"http:\/\/spp3.slawno.pl\/index.php?rest_route=\/wp\/v2\/media\/16822"}],"wp:attachment":[{"href":"http:\/\/spp3.slawno.pl\/index.php?rest_route=%2Fwp%2Fv2%2Fmedia&parent=16818"}],"wp:term":[{"taxonomy":"category","embeddable":true,"href":"http:\/\/spp3.slawno.pl\/index.php?rest_route=%2Fwp%2Fv2%2Fcategories&post=16818"},{"taxonomy":"post_tag","embeddable":true,"href":"http:\/\/spp3.slawno.pl\/index.php?rest_route=%2Fwp%2Fv2%2Ftags&post=16818"}],"curies":[{"name":"wp","href":"https:\/\/api.w.org\/{rel}","templated":true}]}}