{"id":1722,"date":"2018-02-25T20:35:41","date_gmt":"2018-02-25T19:35:41","guid":{"rendered":"http:\/\/spp3.slawno.pl\/?p=1722"},"modified":"2018-03-04T22:14:48","modified_gmt":"2018-03-04T21:14:48","slug":"konkurs-na-szalowa-maske-karnawalowa","status":"publish","type":"post","link":"http:\/\/spp3.slawno.pl\/?p=1722","title":{"rendered":"Konkurs na oryginaln\u0105 mask\u0119 karnawa\u0142ow\u0105"},"content":{"rendered":"<p>W lutym rozstrzygni\u0119ty zosta\u0142 konkurs na najciekawsz\u0105 mask\u0119 karnawa\u0142ow\u0105.<\/p>\n<p><img loading=\"lazy\" decoding=\"async\" class=\"alignnone  wp-image-1752\" src=\"http:\/\/spp3.slawno.pl\/wp-content\/uploads\/2018\/02\/Karnawa\u0142-maska.jpg\" alt=\"\" width=\"656\" height=\"369\" srcset=\"http:\/\/spp3.slawno.pl\/wp-content\/uploads\/2018\/02\/Karnawa\u0142-maska.jpg 868w, http:\/\/spp3.slawno.pl\/wp-content\/uploads\/2018\/02\/Karnawa\u0142-maska-300x169.jpg 300w, http:\/\/spp3.slawno.pl\/wp-content\/uploads\/2018\/02\/Karnawa\u0142-maska-768x432.jpg 768w, http:\/\/spp3.slawno.pl\/wp-content\/uploads\/2018\/02\/Karnawa\u0142-maska-678x381.jpg 678w\" sizes=\"(max-width: 656px) 100vw, 656px\" \/><\/p>\n<p>Prace zachwyci\u0142y zar\u00f3wno nauczycieli jak i samych uczni\u00f3w, kt\u00f3rzy podczas g\u0142osowania zdecydowali o wynikach konkursu.<\/p>\n<p><img loading=\"lazy\" decoding=\"async\" class=\"alignnone wp-image-1728\" src=\"http:\/\/spp3.slawno.pl\/wp-content\/uploads\/2018\/03\/Maski-karnawa\u01422018.jpg\" alt=\"\" width=\"656\" height=\"369\" srcset=\"http:\/\/spp3.slawno.pl\/wp-content\/uploads\/2018\/03\/Maski-karnawa\u01422018.jpg 768w, http:\/\/spp3.slawno.pl\/wp-content\/uploads\/2018\/03\/Maski-karnawa\u01422018-300x169.jpg 300w, http:\/\/spp3.slawno.pl\/wp-content\/uploads\/2018\/03\/Maski-karnawa\u01422018-678x381.jpg 678w\" sizes=\"(max-width: 656px) 100vw, 656px\" \/><\/p>\n<p>I miejsce &#8211; Micha\u0142 Kos<\/p>\n<p>II miejsce &#8211; Nadia Korotusz<\/p>\n<p>III miejsce &#8211; Zuzanna Dul<\/p>\n<p>IV miejsce Oliwia Recka<\/p>\n<p>Gratulujemy wszystkim uczestnikom konkursu!<\/p>\n<p><img loading=\"lazy\" decoding=\"async\" class=\"alignnone size-full wp-image-1729\" src=\"http:\/\/spp3.slawno.pl\/wp-content\/uploads\/2018\/03\/Maski-karnawa\u01422018a.jpg\" alt=\"\" width=\"768\" height=\"432\" srcset=\"http:\/\/spp3.slawno.pl\/wp-content\/uploads\/2018\/03\/Maski-karnawa\u01422018a.jpg 768w, http:\/\/spp3.slawno.pl\/wp-content\/uploads\/2018\/03\/Maski-karnawa\u01422018a-300x169.jpg 300w, http:\/\/spp3.slawno.pl\/wp-content\/uploads\/2018\/03\/Maski-karnawa\u01422018a-678x381.jpg 678w\" sizes=\"(max-width: 768px) 100vw, 768px\" \/><\/p>\n<p>&nbsp;<\/p>\n","protected":false},"excerpt":{"rendered":"<div class=\"mh-excerpt\"><p>W lutym rozstrzygni\u0119ty zosta\u0142 konkurs na najciekawsz\u0105 mask\u0119 karnawa\u0142ow\u0105. Prace zachwyci\u0142y zar\u00f3wno nauczycieli jak i samych uczni\u00f3w, kt\u00f3rzy podczas g\u0142osowania zdecydowali o wynikach konkursu. I <a class=\"mh-excerpt-more\" href=\"http:\/\/spp3.slawno.pl\/?p=1722\" title=\"Konkurs na oryginaln\u0105 mask\u0119 karnawa\u0142ow\u0105\">[&#8230;]<\/a><\/p>\n<\/div>","protected":false},"author":2,"featured_media":1729,"comment_status":"closed","ping_status":"open","sticky":false,"template":"","format":"standard","meta":{"footnotes":""},"categories":[7],"tags":[],"class_list":["post-1722","post","type-post","status-publish","format-standard","has-post-thumbnail","hentry","category-konkursy"],"_links":{"self":[{"href":"http:\/\/spp3.slawno.pl\/index.php?rest_route=\/wp\/v2\/posts\/1722"}],"collection":[{"href":"http:\/\/spp3.slawno.pl\/index.php?rest_route=\/wp\/v2\/posts"}],"about":[{"href":"http:\/\/spp3.slawno.pl\/index.php?rest_route=\/wp\/v2\/types\/post"}],"author":[{"embeddable":true,"href":"http:\/\/spp3.slawno.pl\/index.php?rest_route=\/wp\/v2\/users\/2"}],"replies":[{"embeddable":true,"href":"http:\/\/spp3.slawno.pl\/index.php?rest_route=%2Fwp%2Fv2%2Fcomments&post=1722"}],"version-history":[{"count":5,"href":"http:\/\/spp3.slawno.pl\/index.php?rest_route=\/wp\/v2\/posts\/1722\/revisions"}],"predecessor-version":[{"id":1753,"href":"http:\/\/spp3.slawno.pl\/index.php?rest_route=\/wp\/v2\/posts\/1722\/revisions\/1753"}],"wp:featuredmedia":[{"embeddable":true,"href":"http:\/\/spp3.slawno.pl\/index.php?rest_route=\/wp\/v2\/media\/1729"}],"wp:attachment":[{"href":"http:\/\/spp3.slawno.pl\/index.php?rest_route=%2Fwp%2Fv2%2Fmedia&parent=1722"}],"wp:term":[{"taxonomy":"category","embeddable":true,"href":"http:\/\/spp3.slawno.pl\/index.php?rest_route=%2Fwp%2Fv2%2Fcategories&post=1722"},{"taxonomy":"post_tag","embeddable":true,"href":"http:\/\/spp3.slawno.pl\/index.php?rest_route=%2Fwp%2Fv2%2Ftags&post=1722"}],"curies":[{"name":"wp","href":"https:\/\/api.w.org\/{rel}","templated":true}]}}