{"id":1789,"date":"2018-03-17T13:00:17","date_gmt":"2018-03-17T12:00:17","guid":{"rendered":"http:\/\/spp3.slawno.pl\/?p=1789"},"modified":"2018-03-17T13:15:16","modified_gmt":"2018-03-17T12:15:16","slug":"ix-diecezjalny-konkurs-wiedzy-religijnej","status":"publish","type":"post","link":"http:\/\/spp3.slawno.pl\/?p=1789","title":{"rendered":"IX Diecezjalny Konkurs Wiedzy Religijnej"},"content":{"rendered":"<p>W dniu <strong>14 marca w S\u0142upsku<\/strong> odby\u0142 si\u0119 etap rejonowy <strong>IX Diecezjalnego Konkursu Wiedzy Religijnej. <\/strong><\/p>\n<p>Nasz\u0105 szko\u0142\u0119 reprezentowa\u0142y trzy uczennice:<\/p>\n<p>Aleksandra Kowalczyk,<\/p>\n<p>Rozalia Morka,<\/p>\n<p>Karolina K\u0119sik.<\/p>\n<p>W\u015br\u00f3d 30 uczestnik\u00f3w Aleksandra Kowalczyk zaj\u0119\u0142a II \u2013 miejsce i zakwalifikowa\u0142a si\u0119 do \u015bcis\u0142ego fina\u0142u, kt\u00f3ry odb\u0119dzie si\u0119 9 maja w Koszalinie w siedzibie Centrum Edukacji Nauczycieli.Uczennice do konkursu przygotowywa\u0142a p. katechetka Jadwiga Choro\u015b<\/p>\n<h6><span style=\"color: #999999;\">Zdj\u0119cie pobrane ze strony pixabay.com<\/span><\/h6>\n","protected":false},"excerpt":{"rendered":"<div class=\"mh-excerpt\"><p>W dniu 14 marca w S\u0142upsku odby\u0142 si\u0119 etap rejonowy IX Diecezjalnego Konkursu Wiedzy Religijnej. Nasz\u0105 szko\u0142\u0119 reprezentowa\u0142y trzy uczennice: Aleksandra Kowalczyk, Rozalia Morka, Karolina <a class=\"mh-excerpt-more\" href=\"http:\/\/spp3.slawno.pl\/?p=1789\" title=\"IX Diecezjalny Konkurs Wiedzy Religijnej\">[&#8230;]<\/a><\/p>\n<\/div>","protected":false},"author":2,"featured_media":1792,"comment_status":"closed","ping_status":"open","sticky":false,"template":"","format":"standard","meta":{"footnotes":""},"categories":[7],"tags":[],"class_list":["post-1789","post","type-post","status-publish","format-standard","has-post-thumbnail","hentry","category-konkursy"],"_links":{"self":[{"href":"http:\/\/spp3.slawno.pl\/index.php?rest_route=\/wp\/v2\/posts\/1789"}],"collection":[{"href":"http:\/\/spp3.slawno.pl\/index.php?rest_route=\/wp\/v2\/posts"}],"about":[{"href":"http:\/\/spp3.slawno.pl\/index.php?rest_route=\/wp\/v2\/types\/post"}],"author":[{"embeddable":true,"href":"http:\/\/spp3.slawno.pl\/index.php?rest_route=\/wp\/v2\/users\/2"}],"replies":[{"embeddable":true,"href":"http:\/\/spp3.slawno.pl\/index.php?rest_route=%2Fwp%2Fv2%2Fcomments&post=1789"}],"version-history":[{"count":6,"href":"http:\/\/spp3.slawno.pl\/index.php?rest_route=\/wp\/v2\/posts\/1789\/revisions"}],"predecessor-version":[{"id":1796,"href":"http:\/\/spp3.slawno.pl\/index.php?rest_route=\/wp\/v2\/posts\/1789\/revisions\/1796"}],"wp:featuredmedia":[{"embeddable":true,"href":"http:\/\/spp3.slawno.pl\/index.php?rest_route=\/wp\/v2\/media\/1792"}],"wp:attachment":[{"href":"http:\/\/spp3.slawno.pl\/index.php?rest_route=%2Fwp%2Fv2%2Fmedia&parent=1789"}],"wp:term":[{"taxonomy":"category","embeddable":true,"href":"http:\/\/spp3.slawno.pl\/index.php?rest_route=%2Fwp%2Fv2%2Fcategories&post=1789"},{"taxonomy":"post_tag","embeddable":true,"href":"http:\/\/spp3.slawno.pl\/index.php?rest_route=%2Fwp%2Fv2%2Ftags&post=1789"}],"curies":[{"name":"wp","href":"https:\/\/api.w.org\/{rel}","templated":true}]}}