{"id":19402,"date":"2024-03-22T08:14:53","date_gmt":"2024-03-22T07:14:53","guid":{"rendered":"http:\/\/spp3.slawno.pl\/?p=19402"},"modified":"2024-03-22T08:14:54","modified_gmt":"2024-03-22T07:14:54","slug":"ix-powiatowy-turniej-teatralny","status":"publish","type":"post","link":"http:\/\/spp3.slawno.pl\/?p=19402","title":{"rendered":"IX Powiatowy Turniej Teatralny"},"content":{"rendered":"\n<p>IX Powiatowy Turniej Teatralny 20 marca, ju\u017c po raz kolejny, wzi\u0119li\u015bmy udzia\u0142 w turnieju teatralnym, kt\u00f3ry odby\u0142 si\u0119 w s\u0142awie\u0144skim liceum. M\u0142odzi aktorzy zaprezentowa\u0142, ,Krzes\u0142o &#8221; I. Iredy\u0144skiego, a w\u015br\u00f3d postaci mogli\u015bmy zobaczy\u0107 mi\u0119dzy innymi: Pana Lipk\u0119, Burmistrza i Z\u0142odzieja. Wyr\u00f3\u017cnienia za udzia\u0142 w spektaklu zdobyli: B. Cir\u00f3g, O. Klimek i K. Le\u015bk\u00f3w. Gratulujemy i \u017cyczymy dalszych sukces\u00f3w na scenie !!<\/p>\n\n\n\n<figure class=\"wp-block-gallery columns-3 is-cropped wp-block-gallery-1 is-layout-flex wp-block-gallery-is-layout-flex\"><ul class=\"blocks-gallery-grid\"><li class=\"blocks-gallery-item\"><figure><img loading=\"lazy\" decoding=\"async\" width=\"1024\" height=\"768\" src=\"http:\/\/spp3.slawno.pl\/wp-content\/uploads\/2024\/03\/1-6-1024x768.jpg\" alt=\"\" data-id=\"19403\" data-full-url=\"http:\/\/spp3.slawno.pl\/wp-content\/uploads\/2024\/03\/1-6.jpg\" data-link=\"http:\/\/spp3.slawno.pl\/?attachment_id=19403\" class=\"wp-image-19403\" srcset=\"http:\/\/spp3.slawno.pl\/wp-content\/uploads\/2024\/03\/1-6-1024x768.jpg 1024w, http:\/\/spp3.slawno.pl\/wp-content\/uploads\/2024\/03\/1-6-300x225.jpg 300w, http:\/\/spp3.slawno.pl\/wp-content\/uploads\/2024\/03\/1-6-768x576.jpg 768w, http:\/\/spp3.slawno.pl\/wp-content\/uploads\/2024\/03\/1-6-1536x1152.jpg 1536w, http:\/\/spp3.slawno.pl\/wp-content\/uploads\/2024\/03\/1-6-678x509.jpg 678w, http:\/\/spp3.slawno.pl\/wp-content\/uploads\/2024\/03\/1-6-326x245.jpg 326w, http:\/\/spp3.slawno.pl\/wp-content\/uploads\/2024\/03\/1-6-80x60.jpg 80w, http:\/\/spp3.slawno.pl\/wp-content\/uploads\/2024\/03\/1-6.jpg 1600w\" sizes=\"(max-width: 1024px) 100vw, 1024px\" \/><\/figure><\/li><li class=\"blocks-gallery-item\"><figure><img loading=\"lazy\" decoding=\"async\" width=\"1011\" height=\"1024\" src=\"http:\/\/spp3.slawno.pl\/wp-content\/uploads\/2024\/03\/2-4-1011x1024.jpg\" alt=\"\" data-id=\"19404\" data-full-url=\"http:\/\/spp3.slawno.pl\/wp-content\/uploads\/2024\/03\/2-4.jpg\" data-link=\"http:\/\/spp3.slawno.pl\/?attachment_id=19404\" class=\"wp-image-19404\" srcset=\"http:\/\/spp3.slawno.pl\/wp-content\/uploads\/2024\/03\/2-4-1011x1024.jpg 1011w, http:\/\/spp3.slawno.pl\/wp-content\/uploads\/2024\/03\/2-4-296x300.jpg 296w, http:\/\/spp3.slawno.pl\/wp-content\/uploads\/2024\/03\/2-4-768x778.jpg 768w, http:\/\/spp3.slawno.pl\/wp-content\/uploads\/2024\/03\/2-4.jpg 1280w\" sizes=\"(max-width: 1011px) 100vw, 1011px\" \/><\/figure><\/li><li class=\"blocks-gallery-item\"><figure><img loading=\"lazy\" decoding=\"async\" width=\"1024\" height=\"1024\" src=\"http:\/\/spp3.slawno.pl\/wp-content\/uploads\/2024\/03\/3-4-1024x1024.jpg\" alt=\"\" data-id=\"19405\" data-full-url=\"http:\/\/spp3.slawno.pl\/wp-content\/uploads\/2024\/03\/3-4.jpg\" data-link=\"http:\/\/spp3.slawno.pl\/?attachment_id=19405\" class=\"wp-image-19405\" srcset=\"http:\/\/spp3.slawno.pl\/wp-content\/uploads\/2024\/03\/3-4-1024x1024.jpg 1024w, http:\/\/spp3.slawno.pl\/wp-content\/uploads\/2024\/03\/3-4-300x300.jpg 300w, http:\/\/spp3.slawno.pl\/wp-content\/uploads\/2024\/03\/3-4-150x150.jpg 150w, http:\/\/spp3.slawno.pl\/wp-content\/uploads\/2024\/03\/3-4-768x768.jpg 768w, http:\/\/spp3.slawno.pl\/wp-content\/uploads\/2024\/03\/3-4.jpg 1302w\" sizes=\"(max-width: 1024px) 100vw, 1024px\" \/><\/figure><\/li><li class=\"blocks-gallery-item\"><figure><img loading=\"lazy\" decoding=\"async\" width=\"768\" height=\"1024\" src=\"http:\/\/spp3.slawno.pl\/wp-content\/uploads\/2024\/03\/4-4-768x1024.jpg\" alt=\"\" data-id=\"19406\" data-full-url=\"http:\/\/spp3.slawno.pl\/wp-content\/uploads\/2024\/03\/4-4.jpg\" data-link=\"http:\/\/spp3.slawno.pl\/?attachment_id=19406\" class=\"wp-image-19406\" srcset=\"http:\/\/spp3.slawno.pl\/wp-content\/uploads\/2024\/03\/4-4-768x1024.jpg 768w, http:\/\/spp3.slawno.pl\/wp-content\/uploads\/2024\/03\/4-4-225x300.jpg 225w, http:\/\/spp3.slawno.pl\/wp-content\/uploads\/2024\/03\/4-4-1152x1536.jpg 1152w, http:\/\/spp3.slawno.pl\/wp-content\/uploads\/2024\/03\/4-4.jpg 1200w\" sizes=\"(max-width: 768px) 100vw, 768px\" \/><\/figure><\/li><li class=\"blocks-gallery-item\"><figure><img loading=\"lazy\" decoding=\"async\" width=\"650\" height=\"1024\" src=\"http:\/\/spp3.slawno.pl\/wp-content\/uploads\/2024\/03\/5-4-650x1024.jpg\" alt=\"\" data-id=\"19407\" data-full-url=\"http:\/\/spp3.slawno.pl\/wp-content\/uploads\/2024\/03\/5-4.jpg\" data-link=\"http:\/\/spp3.slawno.pl\/?attachment_id=19407\" class=\"wp-image-19407\" srcset=\"http:\/\/spp3.slawno.pl\/wp-content\/uploads\/2024\/03\/5-4-650x1024.jpg 650w, http:\/\/spp3.slawno.pl\/wp-content\/uploads\/2024\/03\/5-4-190x300.jpg 190w, http:\/\/spp3.slawno.pl\/wp-content\/uploads\/2024\/03\/5-4-768x1211.jpg 768w, http:\/\/spp3.slawno.pl\/wp-content\/uploads\/2024\/03\/5-4.jpg 944w\" sizes=\"(max-width: 650px) 100vw, 650px\" \/><\/figure><\/li><li class=\"blocks-gallery-item\"><figure><img loading=\"lazy\" decoding=\"async\" width=\"826\" height=\"1024\" src=\"http:\/\/spp3.slawno.pl\/wp-content\/uploads\/2024\/03\/6-4-826x1024.jpg\" alt=\"\" data-id=\"19408\" data-full-url=\"http:\/\/spp3.slawno.pl\/wp-content\/uploads\/2024\/03\/6-4.jpg\" data-link=\"http:\/\/spp3.slawno.pl\/?attachment_id=19408\" class=\"wp-image-19408\" srcset=\"http:\/\/spp3.slawno.pl\/wp-content\/uploads\/2024\/03\/6-4-826x1024.jpg 826w, http:\/\/spp3.slawno.pl\/wp-content\/uploads\/2024\/03\/6-4-242x300.jpg 242w, http:\/\/spp3.slawno.pl\/wp-content\/uploads\/2024\/03\/6-4-768x952.jpg 768w, http:\/\/spp3.slawno.pl\/wp-content\/uploads\/2024\/03\/6-4.jpg 1200w\" sizes=\"(max-width: 826px) 100vw, 826px\" \/><\/figure><\/li><li class=\"blocks-gallery-item\"><figure><img loading=\"lazy\" decoding=\"async\" width=\"947\" height=\"1024\" src=\"http:\/\/spp3.slawno.pl\/wp-content\/uploads\/2024\/03\/7-4-947x1024.jpg\" alt=\"\" data-id=\"19409\" data-full-url=\"http:\/\/spp3.slawno.pl\/wp-content\/uploads\/2024\/03\/7-4.jpg\" data-link=\"http:\/\/spp3.slawno.pl\/?attachment_id=19409\" class=\"wp-image-19409\" srcset=\"http:\/\/spp3.slawno.pl\/wp-content\/uploads\/2024\/03\/7-4-947x1024.jpg 947w, http:\/\/spp3.slawno.pl\/wp-content\/uploads\/2024\/03\/7-4-277x300.jpg 277w, http:\/\/spp3.slawno.pl\/wp-content\/uploads\/2024\/03\/7-4-768x831.jpg 768w, http:\/\/spp3.slawno.pl\/wp-content\/uploads\/2024\/03\/7-4.jpg 1370w\" sizes=\"(max-width: 947px) 100vw, 947px\" \/><\/figure><\/li><li class=\"blocks-gallery-item\"><figure><img loading=\"lazy\" decoding=\"async\" width=\"892\" height=\"1024\" src=\"http:\/\/spp3.slawno.pl\/wp-content\/uploads\/2024\/03\/8-4-892x1024.jpg\" alt=\"\" data-id=\"19410\" data-full-url=\"http:\/\/spp3.slawno.pl\/wp-content\/uploads\/2024\/03\/8-4.jpg\" data-link=\"http:\/\/spp3.slawno.pl\/?attachment_id=19410\" class=\"wp-image-19410\" srcset=\"http:\/\/spp3.slawno.pl\/wp-content\/uploads\/2024\/03\/8-4-892x1024.jpg 892w, http:\/\/spp3.slawno.pl\/wp-content\/uploads\/2024\/03\/8-4-261x300.jpg 261w, http:\/\/spp3.slawno.pl\/wp-content\/uploads\/2024\/03\/8-4-768x882.jpg 768w, http:\/\/spp3.slawno.pl\/wp-content\/uploads\/2024\/03\/8-4.jpg 1296w\" sizes=\"(max-width: 892px) 100vw, 892px\" \/><\/figure><\/li><li class=\"blocks-gallery-item\"><figure><img loading=\"lazy\" decoding=\"async\" width=\"716\" height=\"1024\" src=\"http:\/\/spp3.slawno.pl\/wp-content\/uploads\/2024\/03\/9-4-716x1024.jpg\" alt=\"\" data-id=\"19411\" data-full-url=\"http:\/\/spp3.slawno.pl\/wp-content\/uploads\/2024\/03\/9-4.jpg\" data-link=\"http:\/\/spp3.slawno.pl\/?attachment_id=19411\" class=\"wp-image-19411\" srcset=\"http:\/\/spp3.slawno.pl\/wp-content\/uploads\/2024\/03\/9-4-716x1024.jpg 716w, http:\/\/spp3.slawno.pl\/wp-content\/uploads\/2024\/03\/9-4-210x300.jpg 210w, http:\/\/spp3.slawno.pl\/wp-content\/uploads\/2024\/03\/9-4-768x1099.jpg 768w, http:\/\/spp3.slawno.pl\/wp-content\/uploads\/2024\/03\/9-4.jpg 1040w\" sizes=\"(max-width: 716px) 100vw, 716px\" \/><\/figure><\/li><li class=\"blocks-gallery-item\"><figure><img loading=\"lazy\" decoding=\"async\" width=\"793\" height=\"1024\" src=\"http:\/\/spp3.slawno.pl\/wp-content\/uploads\/2024\/03\/10-4-793x1024.jpg\" alt=\"\" data-id=\"19412\" data-full-url=\"http:\/\/spp3.slawno.pl\/wp-content\/uploads\/2024\/03\/10-4.jpg\" data-link=\"http:\/\/spp3.slawno.pl\/?attachment_id=19412\" class=\"wp-image-19412\" srcset=\"http:\/\/spp3.slawno.pl\/wp-content\/uploads\/2024\/03\/10-4-793x1024.jpg 793w, http:\/\/spp3.slawno.pl\/wp-content\/uploads\/2024\/03\/10-4-232x300.jpg 232w, http:\/\/spp3.slawno.pl\/wp-content\/uploads\/2024\/03\/10-4-768x992.jpg 768w, http:\/\/spp3.slawno.pl\/wp-content\/uploads\/2024\/03\/10-4.jpg 1152w\" sizes=\"(max-width: 793px) 100vw, 793px\" \/><\/figure><\/li><li class=\"blocks-gallery-item\"><figure><img loading=\"lazy\" decoding=\"async\" width=\"683\" height=\"1024\" src=\"http:\/\/spp3.slawno.pl\/wp-content\/uploads\/2024\/03\/11-4-683x1024.jpg\" alt=\"\" data-id=\"19413\" data-full-url=\"http:\/\/spp3.slawno.pl\/wp-content\/uploads\/2024\/03\/11-4.jpg\" data-link=\"http:\/\/spp3.slawno.pl\/?attachment_id=19413\" class=\"wp-image-19413\" srcset=\"http:\/\/spp3.slawno.pl\/wp-content\/uploads\/2024\/03\/11-4-683x1024.jpg 683w, http:\/\/spp3.slawno.pl\/wp-content\/uploads\/2024\/03\/11-4-200x300.jpg 200w, http:\/\/spp3.slawno.pl\/wp-content\/uploads\/2024\/03\/11-4-768x1152.jpg 768w, http:\/\/spp3.slawno.pl\/wp-content\/uploads\/2024\/03\/11-4.jpg 992w\" sizes=\"(max-width: 683px) 100vw, 683px\" \/><\/figure><\/li><\/ul><\/figure>\n","protected":false},"excerpt":{"rendered":"<div class=\"mh-excerpt\"><p>IX Powiatowy Turniej Teatralny 20 marca, ju\u017c po raz kolejny, wzi\u0119li\u015bmy udzia\u0142 w turnieju teatralnym, kt\u00f3ry odby\u0142 si\u0119 w s\u0142awie\u0144skim liceum. M\u0142odzi aktorzy zaprezentowa\u0142, ,Krzes\u0142o <a class=\"mh-excerpt-more\" href=\"http:\/\/spp3.slawno.pl\/?p=19402\" title=\"IX Powiatowy Turniej Teatralny\">[&#8230;]<\/a><\/p>\n<\/div>","protected":false},"author":2,"featured_media":19403,"comment_status":"closed","ping_status":"open","sticky":false,"template":"","format":"standard","meta":{"footnotes":""},"categories":[1],"tags":[],"class_list":["post-19402","post","type-post","status-publish","format-standard","has-post-thumbnail","hentry","category-bez-kategorii"],"_links":{"self":[{"href":"http:\/\/spp3.slawno.pl\/index.php?rest_route=\/wp\/v2\/posts\/19402"}],"collection":[{"href":"http:\/\/spp3.slawno.pl\/index.php?rest_route=\/wp\/v2\/posts"}],"about":[{"href":"http:\/\/spp3.slawno.pl\/index.php?rest_route=\/wp\/v2\/types\/post"}],"author":[{"embeddable":true,"href":"http:\/\/spp3.slawno.pl\/index.php?rest_route=\/wp\/v2\/users\/2"}],"replies":[{"embeddable":true,"href":"http:\/\/spp3.slawno.pl\/index.php?rest_route=%2Fwp%2Fv2%2Fcomments&post=19402"}],"version-history":[{"count":1,"href":"http:\/\/spp3.slawno.pl\/index.php?rest_route=\/wp\/v2\/posts\/19402\/revisions"}],"predecessor-version":[{"id":19414,"href":"http:\/\/spp3.slawno.pl\/index.php?rest_route=\/wp\/v2\/posts\/19402\/revisions\/19414"}],"wp:featuredmedia":[{"embeddable":true,"href":"http:\/\/spp3.slawno.pl\/index.php?rest_route=\/wp\/v2\/media\/19403"}],"wp:attachment":[{"href":"http:\/\/spp3.slawno.pl\/index.php?rest_route=%2Fwp%2Fv2%2Fmedia&parent=19402"}],"wp:term":[{"taxonomy":"category","embeddable":true,"href":"http:\/\/spp3.slawno.pl\/index.php?rest_route=%2Fwp%2Fv2%2Fcategories&post=19402"},{"taxonomy":"post_tag","embeddable":true,"href":"http:\/\/spp3.slawno.pl\/index.php?rest_route=%2Fwp%2Fv2%2Ftags&post=19402"}],"curies":[{"name":"wp","href":"https:\/\/api.w.org\/{rel}","templated":true}]}}