{"id":19446,"date":"2024-03-22T08:43:34","date_gmt":"2024-03-22T07:43:34","guid":{"rendered":"http:\/\/spp3.slawno.pl\/?p=19446"},"modified":"2024-03-22T08:43:35","modified_gmt":"2024-03-22T07:43:35","slug":"powiatowy-konkurs-wiedzy-o-polsce-znam-swoj-kraj","status":"publish","type":"post","link":"http:\/\/spp3.slawno.pl\/?p=19446","title":{"rendered":"Powiatowy Konkurs Wiedzy o Polsce &#8222;Znam sw\u00f3j kraj&#8221;"},"content":{"rendered":"\n<p>20 marca 2024 roku w Szkole Podstawowej Nr 3 w Dar\u0142owie odby\u0142 si\u0119 Powiatowy Konkurs Wiedzy o Polsce &#8222;Znam sw\u00f3j kraj&#8221;. Adresatami konkursu byli uczniowie klas trzecich. Szko\u0142\u0119 reprezentowa\u0142 3-osobowy zesp\u00f3\u0142 w sk\u0142adzie: Przemys\u0142aw Noga, Wojciech \u0106wik, Antoni Gierszewski. Gratulujemy!<\/p>\n\n\n\n<figure class=\"wp-block-gallery columns-3 is-cropped wp-block-gallery-1 is-layout-flex wp-block-gallery-is-layout-flex\"><ul class=\"blocks-gallery-grid\"><li class=\"blocks-gallery-item\"><figure><img loading=\"lazy\" decoding=\"async\" width=\"1024\" height=\"1024\" src=\"http:\/\/spp3.slawno.pl\/wp-content\/uploads\/2024\/03\/4-7-1024x1024.jpg\" alt=\"\" data-id=\"19447\" data-full-url=\"http:\/\/spp3.slawno.pl\/wp-content\/uploads\/2024\/03\/4-7.jpg\" data-link=\"http:\/\/spp3.slawno.pl\/?attachment_id=19447\" class=\"wp-image-19447\" srcset=\"http:\/\/spp3.slawno.pl\/wp-content\/uploads\/2024\/03\/4-7-1024x1024.jpg 1024w, http:\/\/spp3.slawno.pl\/wp-content\/uploads\/2024\/03\/4-7-300x300.jpg 300w, http:\/\/spp3.slawno.pl\/wp-content\/uploads\/2024\/03\/4-7-150x150.jpg 150w, http:\/\/spp3.slawno.pl\/wp-content\/uploads\/2024\/03\/4-7-768x768.jpg 768w, http:\/\/spp3.slawno.pl\/wp-content\/uploads\/2024\/03\/4-7-1536x1536.jpg 1536w, http:\/\/spp3.slawno.pl\/wp-content\/uploads\/2024\/03\/4-7.jpg 1736w\" sizes=\"(max-width: 1024px) 100vw, 1024px\" \/><\/figure><\/li><li class=\"blocks-gallery-item\"><figure><img loading=\"lazy\" decoding=\"async\" width=\"1024\" height=\"1024\" src=\"http:\/\/spp3.slawno.pl\/wp-content\/uploads\/2024\/03\/3-7-1024x1024.jpg\" alt=\"\" data-id=\"19448\" data-full-url=\"http:\/\/spp3.slawno.pl\/wp-content\/uploads\/2024\/03\/3-7.jpg\" data-link=\"http:\/\/spp3.slawno.pl\/?attachment_id=19448\" class=\"wp-image-19448\" srcset=\"http:\/\/spp3.slawno.pl\/wp-content\/uploads\/2024\/03\/3-7-1024x1024.jpg 1024w, http:\/\/spp3.slawno.pl\/wp-content\/uploads\/2024\/03\/3-7-300x300.jpg 300w, http:\/\/spp3.slawno.pl\/wp-content\/uploads\/2024\/03\/3-7-150x150.jpg 150w, http:\/\/spp3.slawno.pl\/wp-content\/uploads\/2024\/03\/3-7-768x768.jpg 768w, http:\/\/spp3.slawno.pl\/wp-content\/uploads\/2024\/03\/3-7-1536x1536.jpg 1536w, http:\/\/spp3.slawno.pl\/wp-content\/uploads\/2024\/03\/3-7.jpg 1736w\" sizes=\"(max-width: 1024px) 100vw, 1024px\" \/><\/figure><\/li><li class=\"blocks-gallery-item\"><figure><img loading=\"lazy\" decoding=\"async\" width=\"1024\" height=\"1024\" src=\"http:\/\/spp3.slawno.pl\/wp-content\/uploads\/2024\/03\/2-7-1024x1024.jpg\" alt=\"\" data-id=\"19449\" data-full-url=\"http:\/\/spp3.slawno.pl\/wp-content\/uploads\/2024\/03\/2-7.jpg\" data-link=\"http:\/\/spp3.slawno.pl\/?attachment_id=19449\" class=\"wp-image-19449\" srcset=\"http:\/\/spp3.slawno.pl\/wp-content\/uploads\/2024\/03\/2-7-1024x1024.jpg 1024w, http:\/\/spp3.slawno.pl\/wp-content\/uploads\/2024\/03\/2-7-300x300.jpg 300w, http:\/\/spp3.slawno.pl\/wp-content\/uploads\/2024\/03\/2-7-150x150.jpg 150w, http:\/\/spp3.slawno.pl\/wp-content\/uploads\/2024\/03\/2-7-768x768.jpg 768w, http:\/\/spp3.slawno.pl\/wp-content\/uploads\/2024\/03\/2-7-1536x1536.jpg 1536w, http:\/\/spp3.slawno.pl\/wp-content\/uploads\/2024\/03\/2-7.jpg 1736w\" sizes=\"(max-width: 1024px) 100vw, 1024px\" \/><\/figure><\/li><\/ul><\/figure>\n","protected":false},"excerpt":{"rendered":"<div class=\"mh-excerpt\"><p>20 marca 2024 roku w Szkole Podstawowej Nr 3 w Dar\u0142owie odby\u0142 si\u0119 Powiatowy Konkurs Wiedzy o Polsce &#8222;Znam sw\u00f3j kraj&#8221;. Adresatami konkursu byli uczniowie <a class=\"mh-excerpt-more\" href=\"http:\/\/spp3.slawno.pl\/?p=19446\" title=\"Powiatowy Konkurs Wiedzy o Polsce &#8222;Znam sw\u00f3j kraj&#8221;\">[&#8230;]<\/a><\/p>\n<\/div>","protected":false},"author":2,"featured_media":19449,"comment_status":"closed","ping_status":"open","sticky":false,"template":"","format":"standard","meta":{"footnotes":""},"categories":[1],"tags":[],"class_list":["post-19446","post","type-post","status-publish","format-standard","has-post-thumbnail","hentry","category-bez-kategorii"],"_links":{"self":[{"href":"http:\/\/spp3.slawno.pl\/index.php?rest_route=\/wp\/v2\/posts\/19446"}],"collection":[{"href":"http:\/\/spp3.slawno.pl\/index.php?rest_route=\/wp\/v2\/posts"}],"about":[{"href":"http:\/\/spp3.slawno.pl\/index.php?rest_route=\/wp\/v2\/types\/post"}],"author":[{"embeddable":true,"href":"http:\/\/spp3.slawno.pl\/index.php?rest_route=\/wp\/v2\/users\/2"}],"replies":[{"embeddable":true,"href":"http:\/\/spp3.slawno.pl\/index.php?rest_route=%2Fwp%2Fv2%2Fcomments&post=19446"}],"version-history":[{"count":1,"href":"http:\/\/spp3.slawno.pl\/index.php?rest_route=\/wp\/v2\/posts\/19446\/revisions"}],"predecessor-version":[{"id":19450,"href":"http:\/\/spp3.slawno.pl\/index.php?rest_route=\/wp\/v2\/posts\/19446\/revisions\/19450"}],"wp:featuredmedia":[{"embeddable":true,"href":"http:\/\/spp3.slawno.pl\/index.php?rest_route=\/wp\/v2\/media\/19449"}],"wp:attachment":[{"href":"http:\/\/spp3.slawno.pl\/index.php?rest_route=%2Fwp%2Fv2%2Fmedia&parent=19446"}],"wp:term":[{"taxonomy":"category","embeddable":true,"href":"http:\/\/spp3.slawno.pl\/index.php?rest_route=%2Fwp%2Fv2%2Fcategories&post=19446"},{"taxonomy":"post_tag","embeddable":true,"href":"http:\/\/spp3.slawno.pl\/index.php?rest_route=%2Fwp%2Fv2%2Ftags&post=19446"}],"curies":[{"name":"wp","href":"https:\/\/api.w.org\/{rel}","templated":true}]}}