{"id":19495,"date":"2024-03-26T08:08:36","date_gmt":"2024-03-26T07:08:36","guid":{"rendered":"http:\/\/spp3.slawno.pl\/?p=19495"},"modified":"2024-03-26T08:08:37","modified_gmt":"2024-03-26T07:08:37","slug":"swiatowy-dzien-zespolu-downa","status":"publish","type":"post","link":"http:\/\/spp3.slawno.pl\/?p=19495","title":{"rendered":"\u015awiatowy Dzie\u0144 Zespo\u0142u Downa"},"content":{"rendered":"\n<p>21 marca obchodzony jest \u015awiatowy Dzie\u0144 Zespo\u0142u Downa. Z tej okazji pedagog szkolny przeprowadzi\u0142 zaj\u0119cia w klasach I &#8211; III. Uczniowie uzyskali wiedz\u0119 na temat Zespo\u0142u Downa. Wys\u0142uchali r\u00f3wnie\u017c opowie\u015bci o dziewczynce z t\u0105 przypad\u0142o\u015bci\u0105 genetyczn\u0105. W czasie zaj\u0119\u0107 dzieci dzieli\u0142y si\u0119 wiedz\u0105 jak mo\u017cna u\u0142atwi\u0107 funkcjonowanie osobom niepe\u0142nosprawnym w \u017cyciu codziennym.<\/p>\n\n\n\n<figure class=\"wp-block-gallery columns-2 is-cropped wp-block-gallery-1 is-layout-flex wp-block-gallery-is-layout-flex\"><ul class=\"blocks-gallery-grid\"><li class=\"blocks-gallery-item\"><figure><img loading=\"lazy\" decoding=\"async\" width=\"1024\" height=\"461\" src=\"http:\/\/spp3.slawno.pl\/wp-content\/uploads\/2024\/03\/2-11-1024x461.jpg\" alt=\"\" data-id=\"19496\" data-full-url=\"http:\/\/spp3.slawno.pl\/wp-content\/uploads\/2024\/03\/2-11.jpg\" data-link=\"http:\/\/spp3.slawno.pl\/?attachment_id=19496\" class=\"wp-image-19496\" srcset=\"http:\/\/spp3.slawno.pl\/wp-content\/uploads\/2024\/03\/2-11-1024x461.jpg 1024w, http:\/\/spp3.slawno.pl\/wp-content\/uploads\/2024\/03\/2-11-300x135.jpg 300w, http:\/\/spp3.slawno.pl\/wp-content\/uploads\/2024\/03\/2-11-768x346.jpg 768w, http:\/\/spp3.slawno.pl\/wp-content\/uploads\/2024\/03\/2-11-1536x692.jpg 1536w, http:\/\/spp3.slawno.pl\/wp-content\/uploads\/2024\/03\/2-11.jpg 1600w\" sizes=\"(max-width: 1024px) 100vw, 1024px\" \/><\/figure><\/li><li class=\"blocks-gallery-item\"><figure><img loading=\"lazy\" decoding=\"async\" width=\"1024\" height=\"461\" src=\"http:\/\/spp3.slawno.pl\/wp-content\/uploads\/2024\/03\/1-12-1024x461.jpg\" alt=\"\" data-id=\"19497\" data-full-url=\"http:\/\/spp3.slawno.pl\/wp-content\/uploads\/2024\/03\/1-12.jpg\" data-link=\"http:\/\/spp3.slawno.pl\/?attachment_id=19497\" class=\"wp-image-19497\" srcset=\"http:\/\/spp3.slawno.pl\/wp-content\/uploads\/2024\/03\/1-12-1024x461.jpg 1024w, http:\/\/spp3.slawno.pl\/wp-content\/uploads\/2024\/03\/1-12-300x135.jpg 300w, http:\/\/spp3.slawno.pl\/wp-content\/uploads\/2024\/03\/1-12-768x346.jpg 768w, http:\/\/spp3.slawno.pl\/wp-content\/uploads\/2024\/03\/1-12-1536x692.jpg 1536w, http:\/\/spp3.slawno.pl\/wp-content\/uploads\/2024\/03\/1-12.jpg 1600w\" sizes=\"(max-width: 1024px) 100vw, 1024px\" \/><\/figure><\/li><\/ul><\/figure>\n","protected":false},"excerpt":{"rendered":"<div class=\"mh-excerpt\"><p>21 marca obchodzony jest \u015awiatowy Dzie\u0144 Zespo\u0142u Downa. Z tej okazji pedagog szkolny przeprowadzi\u0142 zaj\u0119cia w klasach I &#8211; III. Uczniowie uzyskali wiedz\u0119 na temat <a class=\"mh-excerpt-more\" href=\"http:\/\/spp3.slawno.pl\/?p=19495\" title=\"\u015awiatowy Dzie\u0144 Zespo\u0142u Downa\">[&#8230;]<\/a><\/p>\n<\/div>","protected":false},"author":2,"featured_media":19498,"comment_status":"closed","ping_status":"open","sticky":false,"template":"","format":"standard","meta":{"footnotes":""},"categories":[1],"tags":[],"class_list":["post-19495","post","type-post","status-publish","format-standard","has-post-thumbnail","hentry","category-bez-kategorii"],"_links":{"self":[{"href":"http:\/\/spp3.slawno.pl\/index.php?rest_route=\/wp\/v2\/posts\/19495"}],"collection":[{"href":"http:\/\/spp3.slawno.pl\/index.php?rest_route=\/wp\/v2\/posts"}],"about":[{"href":"http:\/\/spp3.slawno.pl\/index.php?rest_route=\/wp\/v2\/types\/post"}],"author":[{"embeddable":true,"href":"http:\/\/spp3.slawno.pl\/index.php?rest_route=\/wp\/v2\/users\/2"}],"replies":[{"embeddable":true,"href":"http:\/\/spp3.slawno.pl\/index.php?rest_route=%2Fwp%2Fv2%2Fcomments&post=19495"}],"version-history":[{"count":1,"href":"http:\/\/spp3.slawno.pl\/index.php?rest_route=\/wp\/v2\/posts\/19495\/revisions"}],"predecessor-version":[{"id":19499,"href":"http:\/\/spp3.slawno.pl\/index.php?rest_route=\/wp\/v2\/posts\/19495\/revisions\/19499"}],"wp:featuredmedia":[{"embeddable":true,"href":"http:\/\/spp3.slawno.pl\/index.php?rest_route=\/wp\/v2\/media\/19498"}],"wp:attachment":[{"href":"http:\/\/spp3.slawno.pl\/index.php?rest_route=%2Fwp%2Fv2%2Fmedia&parent=19495"}],"wp:term":[{"taxonomy":"category","embeddable":true,"href":"http:\/\/spp3.slawno.pl\/index.php?rest_route=%2Fwp%2Fv2%2Fcategories&post=19495"},{"taxonomy":"post_tag","embeddable":true,"href":"http:\/\/spp3.slawno.pl\/index.php?rest_route=%2Fwp%2Fv2%2Ftags&post=19495"}],"curies":[{"name":"wp","href":"https:\/\/api.w.org\/{rel}","templated":true}]}}