{"id":19500,"date":"2024-03-26T08:20:13","date_gmt":"2024-03-26T07:20:13","guid":{"rendered":"http:\/\/spp3.slawno.pl\/?p=19500"},"modified":"2024-03-26T08:20:14","modified_gmt":"2024-03-26T07:20:14","slug":"lista-osob-do-klas-pierwszych","status":"publish","type":"post","link":"http:\/\/spp3.slawno.pl\/?p=19500","title":{"rendered":"Lista os\u00f3b do klas pierwszych"},"content":{"rendered":"\n<p>Przed sekretariatem szko\u0142y zosta\u0142a wywieszona lista os\u00f3b zakwalifikowanych oraz niezakwalifikowanych do klas pierwszych w I etapie post\u0119powania rekrutacyjnego na rok szkolny 2024 \/ 2025<\/p>\n\n\n\n<figure class=\"wp-block-gallery columns-1 is-cropped wp-block-gallery-1 is-layout-flex wp-block-gallery-is-layout-flex\"><ul class=\"blocks-gallery-grid\"><li class=\"blocks-gallery-item\"><figure><img loading=\"lazy\" decoding=\"async\" width=\"600\" height=\"200\" src=\"http:\/\/spp3.slawno.pl\/wp-content\/uploads\/2024\/03\/obraz_2024-03-26_081928455.png\" alt=\"\" data-id=\"19501\" data-full-url=\"http:\/\/spp3.slawno.pl\/wp-content\/uploads\/2024\/03\/obraz_2024-03-26_081928455.png\" data-link=\"http:\/\/spp3.slawno.pl\/?attachment_id=19501\" class=\"wp-image-19501\" srcset=\"http:\/\/spp3.slawno.pl\/wp-content\/uploads\/2024\/03\/obraz_2024-03-26_081928455.png 600w, http:\/\/spp3.slawno.pl\/wp-content\/uploads\/2024\/03\/obraz_2024-03-26_081928455-300x100.png 300w\" sizes=\"(max-width: 600px) 100vw, 600px\" \/><\/figure><\/li><\/ul><\/figure>\n","protected":false},"excerpt":{"rendered":"<div class=\"mh-excerpt\"><p>Przed sekretariatem szko\u0142y zosta\u0142a wywieszona lista os\u00f3b zakwalifikowanych oraz niezakwalifikowanych do klas pierwszych w I etapie post\u0119powania rekrutacyjnego na rok szkolny 2024 \/ 2025<\/p>\n<\/div>","protected":false},"author":2,"featured_media":19501,"comment_status":"closed","ping_status":"open","sticky":false,"template":"","format":"standard","meta":{"footnotes":""},"categories":[1],"tags":[],"class_list":["post-19500","post","type-post","status-publish","format-standard","has-post-thumbnail","hentry","category-bez-kategorii"],"_links":{"self":[{"href":"http:\/\/spp3.slawno.pl\/index.php?rest_route=\/wp\/v2\/posts\/19500"}],"collection":[{"href":"http:\/\/spp3.slawno.pl\/index.php?rest_route=\/wp\/v2\/posts"}],"about":[{"href":"http:\/\/spp3.slawno.pl\/index.php?rest_route=\/wp\/v2\/types\/post"}],"author":[{"embeddable":true,"href":"http:\/\/spp3.slawno.pl\/index.php?rest_route=\/wp\/v2\/users\/2"}],"replies":[{"embeddable":true,"href":"http:\/\/spp3.slawno.pl\/index.php?rest_route=%2Fwp%2Fv2%2Fcomments&post=19500"}],"version-history":[{"count":1,"href":"http:\/\/spp3.slawno.pl\/index.php?rest_route=\/wp\/v2\/posts\/19500\/revisions"}],"predecessor-version":[{"id":19502,"href":"http:\/\/spp3.slawno.pl\/index.php?rest_route=\/wp\/v2\/posts\/19500\/revisions\/19502"}],"wp:featuredmedia":[{"embeddable":true,"href":"http:\/\/spp3.slawno.pl\/index.php?rest_route=\/wp\/v2\/media\/19501"}],"wp:attachment":[{"href":"http:\/\/spp3.slawno.pl\/index.php?rest_route=%2Fwp%2Fv2%2Fmedia&parent=19500"}],"wp:term":[{"taxonomy":"category","embeddable":true,"href":"http:\/\/spp3.slawno.pl\/index.php?rest_route=%2Fwp%2Fv2%2Fcategories&post=19500"},{"taxonomy":"post_tag","embeddable":true,"href":"http:\/\/spp3.slawno.pl\/index.php?rest_route=%2Fwp%2Fv2%2Ftags&post=19500"}],"curies":[{"name":"wp","href":"https:\/\/api.w.org\/{rel}","templated":true}]}}