{"id":19645,"date":"2024-05-13T08:16:22","date_gmt":"2024-05-13T06:16:22","guid":{"rendered":"http:\/\/spp3.slawno.pl\/?p=19645"},"modified":"2024-05-13T08:16:24","modified_gmt":"2024-05-13T06:16:24","slug":"diecezjalny-konkurs-wiedzy-religijnej-2","status":"publish","type":"post","link":"http:\/\/spp3.slawno.pl\/?p=19645","title":{"rendered":"Diecezjalny Konkurs Wiedzy Religijnej"},"content":{"rendered":"\n<p>W dniu 8.05.2024 odby\u0142 si\u0119 fina\u0142 Diecezjalnego Konkursu Wiedzy Religijnej w Koszalinie. Konkurs ten sk\u0142ada\u0142 si\u0119 z trzech etap\u00f3w szkolnego, rejonowego i fina\u0142u w CEN w Koszalinie. Nasz\u0105 szko\u0142\u0119 na finale reprezentowa\u0142a uczennica kl. VIA Maja \u015awistek otrzymuj\u0105c tytu\u0142 finalisty. Gratulujemy<img loading=\"lazy\" decoding=\"async\" height=\"16\" width=\"16\" alt=\"\u203c\ufe0f\" src=\"https:\/\/static.xx.fbcdn.net\/images\/emoji.php\/v9\/t77\/1\/16\/203c.png\"><\/p>\n\n\n\n<figure class=\"wp-block-gallery columns-3 is-cropped wp-block-gallery-1 is-layout-flex wp-block-gallery-is-layout-flex\"><ul class=\"blocks-gallery-grid\"><li class=\"blocks-gallery-item\"><figure><img loading=\"lazy\" decoding=\"async\" width=\"1024\" height=\"577\" src=\"http:\/\/spp3.slawno.pl\/wp-content\/uploads\/2024\/05\/1-1024x577.jpg\" alt=\"\" data-id=\"19646\" data-full-url=\"http:\/\/spp3.slawno.pl\/wp-content\/uploads\/2024\/05\/1.jpg\" data-link=\"http:\/\/spp3.slawno.pl\/?attachment_id=19646\" class=\"wp-image-19646\" srcset=\"http:\/\/spp3.slawno.pl\/wp-content\/uploads\/2024\/05\/1-1024x577.jpg 1024w, http:\/\/spp3.slawno.pl\/wp-content\/uploads\/2024\/05\/1-300x169.jpg 300w, http:\/\/spp3.slawno.pl\/wp-content\/uploads\/2024\/05\/1-768x432.jpg 768w, http:\/\/spp3.slawno.pl\/wp-content\/uploads\/2024\/05\/1-1536x865.jpg 1536w, http:\/\/spp3.slawno.pl\/wp-content\/uploads\/2024\/05\/1-678x381.jpg 678w, http:\/\/spp3.slawno.pl\/wp-content\/uploads\/2024\/05\/1.jpg 2000w\" sizes=\"(max-width: 1024px) 100vw, 1024px\" \/><\/figure><\/li><li class=\"blocks-gallery-item\"><figure><img loading=\"lazy\" decoding=\"async\" width=\"1024\" height=\"577\" src=\"http:\/\/spp3.slawno.pl\/wp-content\/uploads\/2024\/05\/2-1024x577.jpg\" alt=\"\" data-id=\"19647\" data-full-url=\"http:\/\/spp3.slawno.pl\/wp-content\/uploads\/2024\/05\/2.jpg\" data-link=\"http:\/\/spp3.slawno.pl\/?attachment_id=19647\" class=\"wp-image-19647\" srcset=\"http:\/\/spp3.slawno.pl\/wp-content\/uploads\/2024\/05\/2-1024x577.jpg 1024w, http:\/\/spp3.slawno.pl\/wp-content\/uploads\/2024\/05\/2-300x169.jpg 300w, http:\/\/spp3.slawno.pl\/wp-content\/uploads\/2024\/05\/2-768x432.jpg 768w, http:\/\/spp3.slawno.pl\/wp-content\/uploads\/2024\/05\/2-1536x865.jpg 1536w, http:\/\/spp3.slawno.pl\/wp-content\/uploads\/2024\/05\/2-678x381.jpg 678w, http:\/\/spp3.slawno.pl\/wp-content\/uploads\/2024\/05\/2.jpg 2000w\" sizes=\"(max-width: 1024px) 100vw, 1024px\" \/><\/figure><\/li><li class=\"blocks-gallery-item\"><figure><img loading=\"lazy\" decoding=\"async\" width=\"1024\" height=\"577\" src=\"http:\/\/spp3.slawno.pl\/wp-content\/uploads\/2024\/05\/3-1024x577.jpg\" alt=\"\" data-id=\"19648\" data-full-url=\"http:\/\/spp3.slawno.pl\/wp-content\/uploads\/2024\/05\/3.jpg\" data-link=\"http:\/\/spp3.slawno.pl\/?attachment_id=19648\" class=\"wp-image-19648\" srcset=\"http:\/\/spp3.slawno.pl\/wp-content\/uploads\/2024\/05\/3-1024x577.jpg 1024w, http:\/\/spp3.slawno.pl\/wp-content\/uploads\/2024\/05\/3-300x169.jpg 300w, http:\/\/spp3.slawno.pl\/wp-content\/uploads\/2024\/05\/3-768x432.jpg 768w, http:\/\/spp3.slawno.pl\/wp-content\/uploads\/2024\/05\/3-1536x865.jpg 1536w, http:\/\/spp3.slawno.pl\/wp-content\/uploads\/2024\/05\/3-678x381.jpg 678w, http:\/\/spp3.slawno.pl\/wp-content\/uploads\/2024\/05\/3.jpg 2000w\" sizes=\"(max-width: 1024px) 100vw, 1024px\" \/><\/figure><\/li><li class=\"blocks-gallery-item\"><figure><img loading=\"lazy\" decoding=\"async\" width=\"1024\" height=\"577\" src=\"http:\/\/spp3.slawno.pl\/wp-content\/uploads\/2024\/05\/4-1024x577.jpg\" alt=\"\" data-id=\"19649\" data-full-url=\"http:\/\/spp3.slawno.pl\/wp-content\/uploads\/2024\/05\/4.jpg\" data-link=\"http:\/\/spp3.slawno.pl\/?attachment_id=19649\" class=\"wp-image-19649\" srcset=\"http:\/\/spp3.slawno.pl\/wp-content\/uploads\/2024\/05\/4-1024x577.jpg 1024w, http:\/\/spp3.slawno.pl\/wp-content\/uploads\/2024\/05\/4-300x169.jpg 300w, http:\/\/spp3.slawno.pl\/wp-content\/uploads\/2024\/05\/4-768x432.jpg 768w, http:\/\/spp3.slawno.pl\/wp-content\/uploads\/2024\/05\/4-1536x865.jpg 1536w, http:\/\/spp3.slawno.pl\/wp-content\/uploads\/2024\/05\/4-678x381.jpg 678w, http:\/\/spp3.slawno.pl\/wp-content\/uploads\/2024\/05\/4.jpg 2000w\" sizes=\"(max-width: 1024px) 100vw, 1024px\" \/><\/figure><\/li><li class=\"blocks-gallery-item\"><figure><img loading=\"lazy\" decoding=\"async\" width=\"1024\" height=\"577\" src=\"http:\/\/spp3.slawno.pl\/wp-content\/uploads\/2024\/05\/5-1024x577.jpg\" alt=\"\" data-id=\"19650\" data-full-url=\"http:\/\/spp3.slawno.pl\/wp-content\/uploads\/2024\/05\/5.jpg\" data-link=\"http:\/\/spp3.slawno.pl\/?attachment_id=19650\" class=\"wp-image-19650\" srcset=\"http:\/\/spp3.slawno.pl\/wp-content\/uploads\/2024\/05\/5-1024x577.jpg 1024w, http:\/\/spp3.slawno.pl\/wp-content\/uploads\/2024\/05\/5-300x169.jpg 300w, http:\/\/spp3.slawno.pl\/wp-content\/uploads\/2024\/05\/5-768x432.jpg 768w, http:\/\/spp3.slawno.pl\/wp-content\/uploads\/2024\/05\/5-1536x865.jpg 1536w, http:\/\/spp3.slawno.pl\/wp-content\/uploads\/2024\/05\/5-678x381.jpg 678w, http:\/\/spp3.slawno.pl\/wp-content\/uploads\/2024\/05\/5.jpg 2000w\" sizes=\"(max-width: 1024px) 100vw, 1024px\" \/><\/figure><\/li><li class=\"blocks-gallery-item\"><figure><img loading=\"lazy\" decoding=\"async\" width=\"1024\" height=\"707\" src=\"http:\/\/spp3.slawno.pl\/wp-content\/uploads\/2024\/05\/6-1024x707.jpg\" alt=\"\" data-id=\"19651\" data-full-url=\"http:\/\/spp3.slawno.pl\/wp-content\/uploads\/2024\/05\/6.jpg\" data-link=\"http:\/\/spp3.slawno.pl\/?attachment_id=19651\" class=\"wp-image-19651\" srcset=\"http:\/\/spp3.slawno.pl\/wp-content\/uploads\/2024\/05\/6-1024x707.jpg 1024w, http:\/\/spp3.slawno.pl\/wp-content\/uploads\/2024\/05\/6-300x207.jpg 300w, http:\/\/spp3.slawno.pl\/wp-content\/uploads\/2024\/05\/6-768x530.jpg 768w, http:\/\/spp3.slawno.pl\/wp-content\/uploads\/2024\/05\/6-1536x1060.jpg 1536w, http:\/\/spp3.slawno.pl\/wp-content\/uploads\/2024\/05\/6.jpg 1604w\" sizes=\"(max-width: 1024px) 100vw, 1024px\" \/><\/figure><\/li><\/ul><\/figure>\n","protected":false},"excerpt":{"rendered":"<div class=\"mh-excerpt\"><p>W dniu 8.05.2024 odby\u0142 si\u0119 fina\u0142 Diecezjalnego Konkursu Wiedzy Religijnej w Koszalinie. Konkurs ten sk\u0142ada\u0142 si\u0119 z trzech etap\u00f3w szkolnego, rejonowego i fina\u0142u w CEN <a class=\"mh-excerpt-more\" href=\"http:\/\/spp3.slawno.pl\/?p=19645\" title=\"Diecezjalny Konkurs Wiedzy Religijnej\">[&#8230;]<\/a><\/p>\n<\/div>","protected":false},"author":2,"featured_media":19651,"comment_status":"closed","ping_status":"open","sticky":false,"template":"","format":"standard","meta":{"footnotes":""},"categories":[1],"tags":[],"class_list":["post-19645","post","type-post","status-publish","format-standard","has-post-thumbnail","hentry","category-bez-kategorii"],"_links":{"self":[{"href":"http:\/\/spp3.slawno.pl\/index.php?rest_route=\/wp\/v2\/posts\/19645"}],"collection":[{"href":"http:\/\/spp3.slawno.pl\/index.php?rest_route=\/wp\/v2\/posts"}],"about":[{"href":"http:\/\/spp3.slawno.pl\/index.php?rest_route=\/wp\/v2\/types\/post"}],"author":[{"embeddable":true,"href":"http:\/\/spp3.slawno.pl\/index.php?rest_route=\/wp\/v2\/users\/2"}],"replies":[{"embeddable":true,"href":"http:\/\/spp3.slawno.pl\/index.php?rest_route=%2Fwp%2Fv2%2Fcomments&post=19645"}],"version-history":[{"count":1,"href":"http:\/\/spp3.slawno.pl\/index.php?rest_route=\/wp\/v2\/posts\/19645\/revisions"}],"predecessor-version":[{"id":19652,"href":"http:\/\/spp3.slawno.pl\/index.php?rest_route=\/wp\/v2\/posts\/19645\/revisions\/19652"}],"wp:featuredmedia":[{"embeddable":true,"href":"http:\/\/spp3.slawno.pl\/index.php?rest_route=\/wp\/v2\/media\/19651"}],"wp:attachment":[{"href":"http:\/\/spp3.slawno.pl\/index.php?rest_route=%2Fwp%2Fv2%2Fmedia&parent=19645"}],"wp:term":[{"taxonomy":"category","embeddable":true,"href":"http:\/\/spp3.slawno.pl\/index.php?rest_route=%2Fwp%2Fv2%2Fcategories&post=19645"},{"taxonomy":"post_tag","embeddable":true,"href":"http:\/\/spp3.slawno.pl\/index.php?rest_route=%2Fwp%2Fv2%2Ftags&post=19645"}],"curies":[{"name":"wp","href":"https:\/\/api.w.org\/{rel}","templated":true}]}}