{"id":19683,"date":"2024-05-13T12:00:04","date_gmt":"2024-05-13T10:00:04","guid":{"rendered":"http:\/\/spp3.slawno.pl\/?p=19683"},"modified":"2024-05-13T12:00:05","modified_gmt":"2024-05-13T10:00:05","slug":"zwiedzanie-szlaku-piastowskiego","status":"publish","type":"post","link":"http:\/\/spp3.slawno.pl\/?p=19683","title":{"rendered":"Zwiedzanie Szlaku Piastowskiego"},"content":{"rendered":"\n<p>29-30 kwietnia klasy si\u00f3dme wybra\u0142y si\u0119 na zwiedzanie Szlaku Piastowskiego. Ruszyli\u015bmy \u017ce S\u0142awna o 4.00 w kierunku \u017bnina. Stamt\u0105d kolejk\u0105 w\u0105skotorow\u0105 do Biskupina a potem Gniezno, K\u00f3rnik, Rogalin, Puszczykowo i Pozna\u0144. By\u0142o ciekawie, weso\u0142o no i humory dopisywa\u0142y.<img loading=\"lazy\" decoding=\"async\" height=\"16\" width=\"16\" alt=\"\ud83d\udc4f\" src=\"https:\/\/static.xx.fbcdn.net\/images\/emoji.php\/v9\/tfe\/1\/16\/1f44f.png\"><img loading=\"lazy\" decoding=\"async\" height=\"16\" width=\"16\" alt=\"\ud83d\udc4f\" src=\"https:\/\/static.xx.fbcdn.net\/images\/emoji.php\/v9\/tfe\/1\/16\/1f44f.png\"><\/p>\n\n\n\n<figure class=\"wp-block-gallery columns-3 is-cropped wp-block-gallery-1 is-layout-flex wp-block-gallery-is-layout-flex\"><ul class=\"blocks-gallery-grid\"><li class=\"blocks-gallery-item\"><figure><img loading=\"lazy\" decoding=\"async\" width=\"1024\" height=\"768\" src=\"http:\/\/spp3.slawno.pl\/wp-content\/uploads\/2024\/05\/1-3-1024x768.jpg\" alt=\"\" data-id=\"19684\" data-full-url=\"http:\/\/spp3.slawno.pl\/wp-content\/uploads\/2024\/05\/1-3.jpg\" data-link=\"http:\/\/spp3.slawno.pl\/?attachment_id=19684\" class=\"wp-image-19684\" srcset=\"http:\/\/spp3.slawno.pl\/wp-content\/uploads\/2024\/05\/1-3-1024x768.jpg 1024w, http:\/\/spp3.slawno.pl\/wp-content\/uploads\/2024\/05\/1-3-300x225.jpg 300w, http:\/\/spp3.slawno.pl\/wp-content\/uploads\/2024\/05\/1-3-768x576.jpg 768w, http:\/\/spp3.slawno.pl\/wp-content\/uploads\/2024\/05\/1-3-1536x1152.jpg 1536w, http:\/\/spp3.slawno.pl\/wp-content\/uploads\/2024\/05\/1-3-678x509.jpg 678w, http:\/\/spp3.slawno.pl\/wp-content\/uploads\/2024\/05\/1-3-326x245.jpg 326w, http:\/\/spp3.slawno.pl\/wp-content\/uploads\/2024\/05\/1-3-80x60.jpg 80w, http:\/\/spp3.slawno.pl\/wp-content\/uploads\/2024\/05\/1-3.jpg 1600w\" sizes=\"(max-width: 1024px) 100vw, 1024px\" \/><\/figure><\/li><li class=\"blocks-gallery-item\"><figure><img loading=\"lazy\" decoding=\"async\" width=\"1024\" height=\"768\" src=\"http:\/\/spp3.slawno.pl\/wp-content\/uploads\/2024\/05\/2-3-1024x768.jpg\" alt=\"\" data-id=\"19685\" data-full-url=\"http:\/\/spp3.slawno.pl\/wp-content\/uploads\/2024\/05\/2-3.jpg\" data-link=\"http:\/\/spp3.slawno.pl\/?attachment_id=19685\" class=\"wp-image-19685\" srcset=\"http:\/\/spp3.slawno.pl\/wp-content\/uploads\/2024\/05\/2-3-1024x768.jpg 1024w, http:\/\/spp3.slawno.pl\/wp-content\/uploads\/2024\/05\/2-3-300x225.jpg 300w, http:\/\/spp3.slawno.pl\/wp-content\/uploads\/2024\/05\/2-3-768x576.jpg 768w, http:\/\/spp3.slawno.pl\/wp-content\/uploads\/2024\/05\/2-3-1536x1152.jpg 1536w, http:\/\/spp3.slawno.pl\/wp-content\/uploads\/2024\/05\/2-3-678x509.jpg 678w, http:\/\/spp3.slawno.pl\/wp-content\/uploads\/2024\/05\/2-3-326x245.jpg 326w, http:\/\/spp3.slawno.pl\/wp-content\/uploads\/2024\/05\/2-3-80x60.jpg 80w, http:\/\/spp3.slawno.pl\/wp-content\/uploads\/2024\/05\/2-3.jpg 1600w\" sizes=\"(max-width: 1024px) 100vw, 1024px\" \/><\/figure><\/li><li class=\"blocks-gallery-item\"><figure><img loading=\"lazy\" decoding=\"async\" width=\"1024\" height=\"768\" src=\"http:\/\/spp3.slawno.pl\/wp-content\/uploads\/2024\/05\/3-3-1024x768.jpg\" alt=\"\" data-id=\"19686\" data-full-url=\"http:\/\/spp3.slawno.pl\/wp-content\/uploads\/2024\/05\/3-3.jpg\" data-link=\"http:\/\/spp3.slawno.pl\/?attachment_id=19686\" class=\"wp-image-19686\" srcset=\"http:\/\/spp3.slawno.pl\/wp-content\/uploads\/2024\/05\/3-3-1024x768.jpg 1024w, http:\/\/spp3.slawno.pl\/wp-content\/uploads\/2024\/05\/3-3-300x225.jpg 300w, http:\/\/spp3.slawno.pl\/wp-content\/uploads\/2024\/05\/3-3-768x576.jpg 768w, http:\/\/spp3.slawno.pl\/wp-content\/uploads\/2024\/05\/3-3-1536x1152.jpg 1536w, http:\/\/spp3.slawno.pl\/wp-content\/uploads\/2024\/05\/3-3-678x509.jpg 678w, http:\/\/spp3.slawno.pl\/wp-content\/uploads\/2024\/05\/3-3-326x245.jpg 326w, http:\/\/spp3.slawno.pl\/wp-content\/uploads\/2024\/05\/3-3-80x60.jpg 80w, http:\/\/spp3.slawno.pl\/wp-content\/uploads\/2024\/05\/3-3.jpg 1600w\" sizes=\"(max-width: 1024px) 100vw, 1024px\" \/><\/figure><\/li><li class=\"blocks-gallery-item\"><figure><img loading=\"lazy\" decoding=\"async\" width=\"1024\" height=\"768\" src=\"http:\/\/spp3.slawno.pl\/wp-content\/uploads\/2024\/05\/4-3-1024x768.jpg\" alt=\"\" data-id=\"19687\" data-full-url=\"http:\/\/spp3.slawno.pl\/wp-content\/uploads\/2024\/05\/4-3.jpg\" data-link=\"http:\/\/spp3.slawno.pl\/?attachment_id=19687\" class=\"wp-image-19687\" srcset=\"http:\/\/spp3.slawno.pl\/wp-content\/uploads\/2024\/05\/4-3-1024x768.jpg 1024w, http:\/\/spp3.slawno.pl\/wp-content\/uploads\/2024\/05\/4-3-300x225.jpg 300w, http:\/\/spp3.slawno.pl\/wp-content\/uploads\/2024\/05\/4-3-768x576.jpg 768w, http:\/\/spp3.slawno.pl\/wp-content\/uploads\/2024\/05\/4-3-1536x1152.jpg 1536w, http:\/\/spp3.slawno.pl\/wp-content\/uploads\/2024\/05\/4-3-678x509.jpg 678w, http:\/\/spp3.slawno.pl\/wp-content\/uploads\/2024\/05\/4-3-326x245.jpg 326w, http:\/\/spp3.slawno.pl\/wp-content\/uploads\/2024\/05\/4-3-80x60.jpg 80w, http:\/\/spp3.slawno.pl\/wp-content\/uploads\/2024\/05\/4-3.jpg 1600w\" sizes=\"(max-width: 1024px) 100vw, 1024px\" \/><\/figure><\/li><li class=\"blocks-gallery-item\"><figure><img loading=\"lazy\" decoding=\"async\" width=\"1024\" height=\"768\" src=\"http:\/\/spp3.slawno.pl\/wp-content\/uploads\/2024\/05\/5-3-1024x768.jpg\" alt=\"\" data-id=\"19688\" data-full-url=\"http:\/\/spp3.slawno.pl\/wp-content\/uploads\/2024\/05\/5-3.jpg\" data-link=\"http:\/\/spp3.slawno.pl\/?attachment_id=19688\" class=\"wp-image-19688\" srcset=\"http:\/\/spp3.slawno.pl\/wp-content\/uploads\/2024\/05\/5-3-1024x768.jpg 1024w, http:\/\/spp3.slawno.pl\/wp-content\/uploads\/2024\/05\/5-3-300x225.jpg 300w, http:\/\/spp3.slawno.pl\/wp-content\/uploads\/2024\/05\/5-3-768x576.jpg 768w, http:\/\/spp3.slawno.pl\/wp-content\/uploads\/2024\/05\/5-3-1536x1152.jpg 1536w, http:\/\/spp3.slawno.pl\/wp-content\/uploads\/2024\/05\/5-3-678x509.jpg 678w, http:\/\/spp3.slawno.pl\/wp-content\/uploads\/2024\/05\/5-3-326x245.jpg 326w, http:\/\/spp3.slawno.pl\/wp-content\/uploads\/2024\/05\/5-3-80x60.jpg 80w, http:\/\/spp3.slawno.pl\/wp-content\/uploads\/2024\/05\/5-3.jpg 1600w\" sizes=\"(max-width: 1024px) 100vw, 1024px\" \/><\/figure><\/li><li class=\"blocks-gallery-item\"><figure><img loading=\"lazy\" decoding=\"async\" width=\"768\" height=\"1024\" src=\"http:\/\/spp3.slawno.pl\/wp-content\/uploads\/2024\/05\/6-3-768x1024.jpg\" alt=\"\" data-id=\"19689\" data-full-url=\"http:\/\/spp3.slawno.pl\/wp-content\/uploads\/2024\/05\/6-3.jpg\" data-link=\"http:\/\/spp3.slawno.pl\/?attachment_id=19689\" class=\"wp-image-19689\" srcset=\"http:\/\/spp3.slawno.pl\/wp-content\/uploads\/2024\/05\/6-3-768x1024.jpg 768w, http:\/\/spp3.slawno.pl\/wp-content\/uploads\/2024\/05\/6-3-225x300.jpg 225w, http:\/\/spp3.slawno.pl\/wp-content\/uploads\/2024\/05\/6-3-1152x1536.jpg 1152w, http:\/\/spp3.slawno.pl\/wp-content\/uploads\/2024\/05\/6-3.jpg 1200w\" sizes=\"(max-width: 768px) 100vw, 768px\" \/><\/figure><\/li><\/ul><\/figure>\n","protected":false},"excerpt":{"rendered":"<div class=\"mh-excerpt\"><p>29-30 kwietnia klasy si\u00f3dme wybra\u0142y si\u0119 na zwiedzanie Szlaku Piastowskiego. Ruszyli\u015bmy \u017ce S\u0142awna o 4.00 w kierunku \u017bnina. Stamt\u0105d kolejk\u0105 w\u0105skotorow\u0105 do Biskupina a potem <a class=\"mh-excerpt-more\" href=\"http:\/\/spp3.slawno.pl\/?p=19683\" title=\"Zwiedzanie Szlaku Piastowskiego\">[&#8230;]<\/a><\/p>\n<\/div>","protected":false},"author":2,"featured_media":19684,"comment_status":"closed","ping_status":"open","sticky":false,"template":"","format":"standard","meta":{"footnotes":""},"categories":[1],"tags":[],"class_list":["post-19683","post","type-post","status-publish","format-standard","has-post-thumbnail","hentry","category-bez-kategorii"],"_links":{"self":[{"href":"http:\/\/spp3.slawno.pl\/index.php?rest_route=\/wp\/v2\/posts\/19683"}],"collection":[{"href":"http:\/\/spp3.slawno.pl\/index.php?rest_route=\/wp\/v2\/posts"}],"about":[{"href":"http:\/\/spp3.slawno.pl\/index.php?rest_route=\/wp\/v2\/types\/post"}],"author":[{"embeddable":true,"href":"http:\/\/spp3.slawno.pl\/index.php?rest_route=\/wp\/v2\/users\/2"}],"replies":[{"embeddable":true,"href":"http:\/\/spp3.slawno.pl\/index.php?rest_route=%2Fwp%2Fv2%2Fcomments&post=19683"}],"version-history":[{"count":1,"href":"http:\/\/spp3.slawno.pl\/index.php?rest_route=\/wp\/v2\/posts\/19683\/revisions"}],"predecessor-version":[{"id":19690,"href":"http:\/\/spp3.slawno.pl\/index.php?rest_route=\/wp\/v2\/posts\/19683\/revisions\/19690"}],"wp:featuredmedia":[{"embeddable":true,"href":"http:\/\/spp3.slawno.pl\/index.php?rest_route=\/wp\/v2\/media\/19684"}],"wp:attachment":[{"href":"http:\/\/spp3.slawno.pl\/index.php?rest_route=%2Fwp%2Fv2%2Fmedia&parent=19683"}],"wp:term":[{"taxonomy":"category","embeddable":true,"href":"http:\/\/spp3.slawno.pl\/index.php?rest_route=%2Fwp%2Fv2%2Fcategories&post=19683"},{"taxonomy":"post_tag","embeddable":true,"href":"http:\/\/spp3.slawno.pl\/index.php?rest_route=%2Fwp%2Fv2%2Ftags&post=19683"}],"curies":[{"name":"wp","href":"https:\/\/api.w.org\/{rel}","templated":true}]}}