{"id":2082,"date":"2018-06-18T20:25:40","date_gmt":"2018-06-18T18:25:40","guid":{"rendered":"http:\/\/spp3.slawno.pl\/?p=2082"},"modified":"2018-06-18T20:33:16","modified_gmt":"2018-06-18T18:33:16","slug":"wycieczka-pierwszakow","status":"publish","type":"post","link":"http:\/\/spp3.slawno.pl\/?p=2082","title":{"rendered":"Wycieczka pierwszak\u00f3w"},"content":{"rendered":"<p>Dnia 11 czerwca 2018 roku klasy pierwsze wybra\u0142y si\u0119 na wycieczk\u0119 do Parku Dinozaur\u00f3w w \u0141ebie. Na miejscu czeka\u0142o na nich sporo atrakcji m.in. p\u0142ukalnia z\u0142ota, pojazdy Flinston\u00f3w, kino 7D, bajkowe kolejki, labirynt luster, zamek strach\u00f3w, Bajlandia, wioska india\u0144ska, plac\u00a0zabaw. Jenak najwi\u0119ksz\u0105 atrakcj\u0105 by\u0142y rekonstrukcje dinozaur\u00f3w i innych wymar\u0142ych zwierz\u0105t.<\/p>\n<p><img loading=\"lazy\" decoding=\"async\" class=\"size-large wp-image-2083\" src=\"http:\/\/spp3.slawno.pl\/wp-content\/uploads\/2018\/06\/Wycieczka-do-parku-dinozaur\u00f3w-1024x578.jpg\" alt=\"\" width=\"1024\" height=\"578\" srcset=\"http:\/\/spp3.slawno.pl\/wp-content\/uploads\/2018\/06\/Wycieczka-do-parku-dinozaur\u00f3w-1024x578.jpg 1024w, http:\/\/spp3.slawno.pl\/wp-content\/uploads\/2018\/06\/Wycieczka-do-parku-dinozaur\u00f3w-300x169.jpg 300w, http:\/\/spp3.slawno.pl\/wp-content\/uploads\/2018\/06\/Wycieczka-do-parku-dinozaur\u00f3w-768x433.jpg 768w, http:\/\/spp3.slawno.pl\/wp-content\/uploads\/2018\/06\/Wycieczka-do-parku-dinozaur\u00f3w.jpg 1191w\" sizes=\"(max-width: 1024px) 100vw, 1024px\" \/><\/p>\n<p><img loading=\"lazy\" decoding=\"async\" class=\" wp-image-2084\" src=\"http:\/\/spp3.slawno.pl\/wp-content\/uploads\/2018\/06\/Wycieczka-do-parku-dinozaur\u00f3w1-578x1024.jpg\" alt=\"\" width=\"482\" height=\"854\" srcset=\"http:\/\/spp3.slawno.pl\/wp-content\/uploads\/2018\/06\/Wycieczka-do-parku-dinozaur\u00f3w1-578x1024.jpg 578w, http:\/\/spp3.slawno.pl\/wp-content\/uploads\/2018\/06\/Wycieczka-do-parku-dinozaur\u00f3w1-169x300.jpg 169w, http:\/\/spp3.slawno.pl\/wp-content\/uploads\/2018\/06\/Wycieczka-do-parku-dinozaur\u00f3w1.jpg 672w\" sizes=\"(max-width: 482px) 100vw, 482px\" \/><\/p>\n<p><img loading=\"lazy\" decoding=\"async\" class=\" wp-image-2086\" src=\"http:\/\/spp3.slawno.pl\/wp-content\/uploads\/2018\/06\/Wycieczka-do-parku-dinozaur\u00f3w3-1024x578.jpg\" alt=\"\" width=\"883\" height=\"499\" srcset=\"http:\/\/spp3.slawno.pl\/wp-content\/uploads\/2018\/06\/Wycieczka-do-parku-dinozaur\u00f3w3-1024x578.jpg 1024w, http:\/\/spp3.slawno.pl\/wp-content\/uploads\/2018\/06\/Wycieczka-do-parku-dinozaur\u00f3w3-300x169.jpg 300w, http:\/\/spp3.slawno.pl\/wp-content\/uploads\/2018\/06\/Wycieczka-do-parku-dinozaur\u00f3w3-768x433.jpg 768w, http:\/\/spp3.slawno.pl\/wp-content\/uploads\/2018\/06\/Wycieczka-do-parku-dinozaur\u00f3w3.jpg 1191w\" sizes=\"(max-width: 883px) 100vw, 883px\" \/><\/p>\n<p><img loading=\"lazy\" decoding=\"async\" class=\" wp-image-2087\" src=\"http:\/\/spp3.slawno.pl\/wp-content\/uploads\/2018\/06\/Wycieczka-do-parku-dinozaur\u00f3w4-578x1024.jpg\" alt=\"\" width=\"455\" height=\"806\" srcset=\"http:\/\/spp3.slawno.pl\/wp-content\/uploads\/2018\/06\/Wycieczka-do-parku-dinozaur\u00f3w4-578x1024.jpg 578w, http:\/\/spp3.slawno.pl\/wp-content\/uploads\/2018\/06\/Wycieczka-do-parku-dinozaur\u00f3w4-169x300.jpg 169w, http:\/\/spp3.slawno.pl\/wp-content\/uploads\/2018\/06\/Wycieczka-do-parku-dinozaur\u00f3w4.jpg 672w\" sizes=\"(max-width: 455px) 100vw, 455px\" \/><\/p>\n","protected":false},"excerpt":{"rendered":"<div class=\"mh-excerpt\"><p>Dnia 11 czerwca 2018 roku klasy pierwsze wybra\u0142y si\u0119 na wycieczk\u0119 do Parku Dinozaur\u00f3w w \u0141ebie. Na miejscu czeka\u0142o na nich sporo atrakcji m.in. p\u0142ukalnia <a class=\"mh-excerpt-more\" href=\"http:\/\/spp3.slawno.pl\/?p=2082\" title=\"Wycieczka pierwszak\u00f3w\">[&#8230;]<\/a><\/p>\n<\/div>","protected":false},"author":2,"featured_media":2085,"comment_status":"closed","ping_status":"open","sticky":false,"template":"","format":"standard","meta":{"footnotes":""},"categories":[8],"tags":[],"class_list":["post-2082","post","type-post","status-publish","format-standard","has-post-thumbnail","hentry","category-wydarzenia"],"_links":{"self":[{"href":"http:\/\/spp3.slawno.pl\/index.php?rest_route=\/wp\/v2\/posts\/2082"}],"collection":[{"href":"http:\/\/spp3.slawno.pl\/index.php?rest_route=\/wp\/v2\/posts"}],"about":[{"href":"http:\/\/spp3.slawno.pl\/index.php?rest_route=\/wp\/v2\/types\/post"}],"author":[{"embeddable":true,"href":"http:\/\/spp3.slawno.pl\/index.php?rest_route=\/wp\/v2\/users\/2"}],"replies":[{"embeddable":true,"href":"http:\/\/spp3.slawno.pl\/index.php?rest_route=%2Fwp%2Fv2%2Fcomments&post=2082"}],"version-history":[{"count":3,"href":"http:\/\/spp3.slawno.pl\/index.php?rest_route=\/wp\/v2\/posts\/2082\/revisions"}],"predecessor-version":[{"id":2097,"href":"http:\/\/spp3.slawno.pl\/index.php?rest_route=\/wp\/v2\/posts\/2082\/revisions\/2097"}],"wp:featuredmedia":[{"embeddable":true,"href":"http:\/\/spp3.slawno.pl\/index.php?rest_route=\/wp\/v2\/media\/2085"}],"wp:attachment":[{"href":"http:\/\/spp3.slawno.pl\/index.php?rest_route=%2Fwp%2Fv2%2Fmedia&parent=2082"}],"wp:term":[{"taxonomy":"category","embeddable":true,"href":"http:\/\/spp3.slawno.pl\/index.php?rest_route=%2Fwp%2Fv2%2Fcategories&post=2082"},{"taxonomy":"post_tag","embeddable":true,"href":"http:\/\/spp3.slawno.pl\/index.php?rest_route=%2Fwp%2Fv2%2Ftags&post=2082"}],"curies":[{"name":"wp","href":"https:\/\/api.w.org\/{rel}","templated":true}]}}