{"id":2540,"date":"2018-11-05T21:47:59","date_gmt":"2018-11-05T20:47:59","guid":{"rendered":"http:\/\/spp3.slawno.pl\/?p=2540"},"modified":"2018-11-05T21:48:25","modified_gmt":"2018-11-05T20:48:25","slug":"zajecia-w-slawienskim-domu-kultury","status":"publish","type":"post","link":"http:\/\/spp3.slawno.pl\/?p=2540","title":{"rendered":"Zaj\u0119cia w S\u0142awie\u0144skim Domu Kultury"},"content":{"rendered":"<p>Na zaproszenie pani Izabeli Soza\u0144skiej-Majchrzak, dyrektor s\u0142awie\u0144skiego Domu Kultury uczniowie klasy 1 c w pa\u017adzierniku uczestniczyli w warsztatach w\u0142\u00f3kiennictwa. Poznali histori\u0119 lalek z ga\u0142gank\u00f3w oraz z pomoc\u0105 pani Agaty, autorki wystawy lalek wykonali swoje w\u0142asne laleczki ze \u015bcink\u00f3w materia\u0142u. lalki te zosta\u0142y do\u0142\u0105czone do wystawy\u00a0 w SDK, gdzie mo\u017cna je podziwia\u0107.<\/p>\n<p>&nbsp;<\/p>\n<p><img loading=\"lazy\" decoding=\"async\" class=\"alignnone size-full wp-image-2541\" src=\"http:\/\/spp3.slawno.pl\/wp-content\/uploads\/2018\/11\/Zaj\u0119cia-SDK-2018.jpg\" alt=\"\" width=\"768\" height=\"576\" srcset=\"http:\/\/spp3.slawno.pl\/wp-content\/uploads\/2018\/11\/Zaj\u0119cia-SDK-2018.jpg 768w, http:\/\/spp3.slawno.pl\/wp-content\/uploads\/2018\/11\/Zaj\u0119cia-SDK-2018-300x225.jpg 300w, http:\/\/spp3.slawno.pl\/wp-content\/uploads\/2018\/11\/Zaj\u0119cia-SDK-2018-678x509.jpg 678w, http:\/\/spp3.slawno.pl\/wp-content\/uploads\/2018\/11\/Zaj\u0119cia-SDK-2018-326x245.jpg 326w, http:\/\/spp3.slawno.pl\/wp-content\/uploads\/2018\/11\/Zaj\u0119cia-SDK-2018-80x60.jpg 80w\" sizes=\"(max-width: 768px) 100vw, 768px\" \/> <img loading=\"lazy\" decoding=\"async\" class=\"alignnone size-large wp-image-2542\" src=\"http:\/\/spp3.slawno.pl\/wp-content\/uploads\/2018\/11\/Zaj\u0119cia-SDK-2018a.jpg\" alt=\"\" width=\"768\" height=\"576\" srcset=\"http:\/\/spp3.slawno.pl\/wp-content\/uploads\/2018\/11\/Zaj\u0119cia-SDK-2018a.jpg 768w, http:\/\/spp3.slawno.pl\/wp-content\/uploads\/2018\/11\/Zaj\u0119cia-SDK-2018a-300x225.jpg 300w, http:\/\/spp3.slawno.pl\/wp-content\/uploads\/2018\/11\/Zaj\u0119cia-SDK-2018a-678x509.jpg 678w, http:\/\/spp3.slawno.pl\/wp-content\/uploads\/2018\/11\/Zaj\u0119cia-SDK-2018a-326x245.jpg 326w, http:\/\/spp3.slawno.pl\/wp-content\/uploads\/2018\/11\/Zaj\u0119cia-SDK-2018a-80x60.jpg 80w\" sizes=\"(max-width: 768px) 100vw, 768px\" \/><\/p>\n","protected":false},"excerpt":{"rendered":"<div class=\"mh-excerpt\"><p>Na zaproszenie pani Izabeli Soza\u0144skiej-Majchrzak, dyrektor s\u0142awie\u0144skiego Domu Kultury uczniowie klasy 1 c w pa\u017adzierniku uczestniczyli w warsztatach w\u0142\u00f3kiennictwa. Poznali histori\u0119 lalek z ga\u0142gank\u00f3w oraz <a class=\"mh-excerpt-more\" href=\"http:\/\/spp3.slawno.pl\/?p=2540\" title=\"Zaj\u0119cia w S\u0142awie\u0144skim Domu Kultury\">[&#8230;]<\/a><\/p>\n<\/div>","protected":false},"author":2,"featured_media":2543,"comment_status":"closed","ping_status":"open","sticky":false,"template":"","format":"standard","meta":{"footnotes":""},"categories":[8],"tags":[],"class_list":["post-2540","post","type-post","status-publish","format-standard","has-post-thumbnail","hentry","category-wydarzenia"],"_links":{"self":[{"href":"http:\/\/spp3.slawno.pl\/index.php?rest_route=\/wp\/v2\/posts\/2540"}],"collection":[{"href":"http:\/\/spp3.slawno.pl\/index.php?rest_route=\/wp\/v2\/posts"}],"about":[{"href":"http:\/\/spp3.slawno.pl\/index.php?rest_route=\/wp\/v2\/types\/post"}],"author":[{"embeddable":true,"href":"http:\/\/spp3.slawno.pl\/index.php?rest_route=\/wp\/v2\/users\/2"}],"replies":[{"embeddable":true,"href":"http:\/\/spp3.slawno.pl\/index.php?rest_route=%2Fwp%2Fv2%2Fcomments&post=2540"}],"version-history":[{"count":2,"href":"http:\/\/spp3.slawno.pl\/index.php?rest_route=\/wp\/v2\/posts\/2540\/revisions"}],"predecessor-version":[{"id":2545,"href":"http:\/\/spp3.slawno.pl\/index.php?rest_route=\/wp\/v2\/posts\/2540\/revisions\/2545"}],"wp:featuredmedia":[{"embeddable":true,"href":"http:\/\/spp3.slawno.pl\/index.php?rest_route=\/wp\/v2\/media\/2543"}],"wp:attachment":[{"href":"http:\/\/spp3.slawno.pl\/index.php?rest_route=%2Fwp%2Fv2%2Fmedia&parent=2540"}],"wp:term":[{"taxonomy":"category","embeddable":true,"href":"http:\/\/spp3.slawno.pl\/index.php?rest_route=%2Fwp%2Fv2%2Fcategories&post=2540"},{"taxonomy":"post_tag","embeddable":true,"href":"http:\/\/spp3.slawno.pl\/index.php?rest_route=%2Fwp%2Fv2%2Ftags&post=2540"}],"curies":[{"name":"wp","href":"https:\/\/api.w.org\/{rel}","templated":true}]}}