{"id":2547,"date":"2018-11-05T21:53:02","date_gmt":"2018-11-05T20:53:02","guid":{"rendered":"http:\/\/spp3.slawno.pl\/?p=2547"},"modified":"2018-11-05T21:53:02","modified_gmt":"2018-11-05T20:53:02","slug":"pierwszaki-w-bibliotece-szkolnej","status":"publish","type":"post","link":"http:\/\/spp3.slawno.pl\/?p=2547","title":{"rendered":"Pierwszaki w bibliotece szkolnej"},"content":{"rendered":"<p>Uczniowie klasy 1 c nie mogli doczeka\u0107 si\u0119 wizyty w bibliotece szkolnej. W ko\u0144cu nadszed\u0142 ten pa\u017adziernikowy dzie\u0144, gdy wypo\u017cyczyli swoj\u0105 pierwsz\u0105 ksi\u0105\u017ck\u0119. Jak nale\u017cy dba\u0107 o wypo\u017cyczone ksi\u0105\u017cki opowiedzia\u0142y panie bibliotekarki Jolanta Tilak oraz Alicja Go\u0142czy\u0144ska. By\u0142o super!<\/p>\n<p><img loading=\"lazy\" decoding=\"async\" class=\"alignnone size-full wp-image-2548\" src=\"http:\/\/spp3.slawno.pl\/wp-content\/uploads\/2018\/11\/Biblioteka-2018.jpg\" alt=\"\" width=\"768\" height=\"576\" srcset=\"http:\/\/spp3.slawno.pl\/wp-content\/uploads\/2018\/11\/Biblioteka-2018.jpg 768w, http:\/\/spp3.slawno.pl\/wp-content\/uploads\/2018\/11\/Biblioteka-2018-300x225.jpg 300w, http:\/\/spp3.slawno.pl\/wp-content\/uploads\/2018\/11\/Biblioteka-2018-678x509.jpg 678w, http:\/\/spp3.slawno.pl\/wp-content\/uploads\/2018\/11\/Biblioteka-2018-326x245.jpg 326w, http:\/\/spp3.slawno.pl\/wp-content\/uploads\/2018\/11\/Biblioteka-2018-80x60.jpg 80w\" sizes=\"(max-width: 768px) 100vw, 768px\" \/> <img loading=\"lazy\" decoding=\"async\" class=\"alignnone size-large wp-image-2550\" src=\"http:\/\/spp3.slawno.pl\/wp-content\/uploads\/2018\/11\/Biblioteka-2018b.jpg\" alt=\"\" width=\"768\" height=\"576\" srcset=\"http:\/\/spp3.slawno.pl\/wp-content\/uploads\/2018\/11\/Biblioteka-2018b.jpg 768w, http:\/\/spp3.slawno.pl\/wp-content\/uploads\/2018\/11\/Biblioteka-2018b-300x225.jpg 300w, http:\/\/spp3.slawno.pl\/wp-content\/uploads\/2018\/11\/Biblioteka-2018b-678x509.jpg 678w, http:\/\/spp3.slawno.pl\/wp-content\/uploads\/2018\/11\/Biblioteka-2018b-326x245.jpg 326w, http:\/\/spp3.slawno.pl\/wp-content\/uploads\/2018\/11\/Biblioteka-2018b-80x60.jpg 80w\" sizes=\"(max-width: 768px) 100vw, 768px\" \/><\/p>\n<p>&nbsp;<\/p>\n","protected":false},"excerpt":{"rendered":"<div class=\"mh-excerpt\"><p>Uczniowie klasy 1 c nie mogli doczeka\u0107 si\u0119 wizyty w bibliotece szkolnej. W ko\u0144cu nadszed\u0142 ten pa\u017adziernikowy dzie\u0144, gdy wypo\u017cyczyli swoj\u0105 pierwsz\u0105 ksi\u0105\u017ck\u0119. Jak nale\u017cy <a class=\"mh-excerpt-more\" href=\"http:\/\/spp3.slawno.pl\/?p=2547\" title=\"Pierwszaki w bibliotece szkolnej\">[&#8230;]<\/a><\/p>\n<\/div>","protected":false},"author":2,"featured_media":2549,"comment_status":"closed","ping_status":"open","sticky":false,"template":"","format":"standard","meta":{"footnotes":""},"categories":[1],"tags":[],"class_list":["post-2547","post","type-post","status-publish","format-standard","has-post-thumbnail","hentry","category-bez-kategorii"],"_links":{"self":[{"href":"http:\/\/spp3.slawno.pl\/index.php?rest_route=\/wp\/v2\/posts\/2547"}],"collection":[{"href":"http:\/\/spp3.slawno.pl\/index.php?rest_route=\/wp\/v2\/posts"}],"about":[{"href":"http:\/\/spp3.slawno.pl\/index.php?rest_route=\/wp\/v2\/types\/post"}],"author":[{"embeddable":true,"href":"http:\/\/spp3.slawno.pl\/index.php?rest_route=\/wp\/v2\/users\/2"}],"replies":[{"embeddable":true,"href":"http:\/\/spp3.slawno.pl\/index.php?rest_route=%2Fwp%2Fv2%2Fcomments&post=2547"}],"version-history":[{"count":1,"href":"http:\/\/spp3.slawno.pl\/index.php?rest_route=\/wp\/v2\/posts\/2547\/revisions"}],"predecessor-version":[{"id":2551,"href":"http:\/\/spp3.slawno.pl\/index.php?rest_route=\/wp\/v2\/posts\/2547\/revisions\/2551"}],"wp:featuredmedia":[{"embeddable":true,"href":"http:\/\/spp3.slawno.pl\/index.php?rest_route=\/wp\/v2\/media\/2549"}],"wp:attachment":[{"href":"http:\/\/spp3.slawno.pl\/index.php?rest_route=%2Fwp%2Fv2%2Fmedia&parent=2547"}],"wp:term":[{"taxonomy":"category","embeddable":true,"href":"http:\/\/spp3.slawno.pl\/index.php?rest_route=%2Fwp%2Fv2%2Fcategories&post=2547"},{"taxonomy":"post_tag","embeddable":true,"href":"http:\/\/spp3.slawno.pl\/index.php?rest_route=%2Fwp%2Fv2%2Ftags&post=2547"}],"curies":[{"name":"wp","href":"https:\/\/api.w.org\/{rel}","templated":true}]}}