{"id":2552,"date":"2018-11-05T21:59:44","date_gmt":"2018-11-05T20:59:44","guid":{"rendered":"http:\/\/spp3.slawno.pl\/?p=2552"},"modified":"2018-11-05T21:59:56","modified_gmt":"2018-11-05T20:59:56","slug":"wizyta-klasy-pierwszej-w-zielonej-szkole","status":"publish","type":"post","link":"http:\/\/spp3.slawno.pl\/?p=2552","title":{"rendered":"Wizyta klasy pierwszej w Zielonej Szkole"},"content":{"rendered":"<p>Uczniowie klasy 1 c w pa\u017adzierniku uczestniczyli w zaj\u0119ciach edukacyjnych pt &#8222;Jesie\u0144 w lesie&#8221; w Zielonej Szkole w Pomi\u0142owie. Pani le\u015bnik Anna Krzesi\u0144ska w cudowny spos\u00f3b opowiedzia\u0142a dzieciom o \u017cyciu zwierz\u0105t w lesie o tej porze roku oraz o zmianach w przyrodzie. Na zako\u0144czenie wycieczki upieklismy pyszne kie\u0142baski na grillu oraz otrzymali\u015bmy pami\u0105tkowe ksi\u0105\u017ceczki. Dziekujemy!<img loading=\"lazy\" decoding=\"async\" class=\"alignnone size-full wp-image-2553\" src=\"http:\/\/spp3.slawno.pl\/wp-content\/uploads\/2018\/11\/Zielona-Szko\u0142a-2018.jpg\" alt=\"\" width=\"576\" height=\"768\" srcset=\"http:\/\/spp3.slawno.pl\/wp-content\/uploads\/2018\/11\/Zielona-Szko\u0142a-2018.jpg 576w, http:\/\/spp3.slawno.pl\/wp-content\/uploads\/2018\/11\/Zielona-Szko\u0142a-2018-225x300.jpg 225w\" sizes=\"(max-width: 576px) 100vw, 576px\" \/> <img loading=\"lazy\" decoding=\"async\" class=\"alignnone size-full wp-image-2554\" src=\"http:\/\/spp3.slawno.pl\/wp-content\/uploads\/2018\/11\/Zielona-Szko\u0142a-2018a.jpg\" alt=\"\" width=\"768\" height=\"576\" srcset=\"http:\/\/spp3.slawno.pl\/wp-content\/uploads\/2018\/11\/Zielona-Szko\u0142a-2018a.jpg 768w, http:\/\/spp3.slawno.pl\/wp-content\/uploads\/2018\/11\/Zielona-Szko\u0142a-2018a-300x225.jpg 300w, http:\/\/spp3.slawno.pl\/wp-content\/uploads\/2018\/11\/Zielona-Szko\u0142a-2018a-678x509.jpg 678w, http:\/\/spp3.slawno.pl\/wp-content\/uploads\/2018\/11\/Zielona-Szko\u0142a-2018a-326x245.jpg 326w, http:\/\/spp3.slawno.pl\/wp-content\/uploads\/2018\/11\/Zielona-Szko\u0142a-2018a-80x60.jpg 80w\" sizes=\"(max-width: 768px) 100vw, 768px\" \/><\/p>\n","protected":false},"excerpt":{"rendered":"<div class=\"mh-excerpt\"><p>Uczniowie klasy 1 c w pa\u017adzierniku uczestniczyli w zaj\u0119ciach edukacyjnych pt &#8222;Jesie\u0144 w lesie&#8221; w Zielonej Szkole w Pomi\u0142owie. Pani le\u015bnik Anna Krzesi\u0144ska w cudowny <a class=\"mh-excerpt-more\" href=\"http:\/\/spp3.slawno.pl\/?p=2552\" title=\"Wizyta klasy pierwszej w Zielonej Szkole\">[&#8230;]<\/a><\/p>\n<\/div>","protected":false},"author":2,"featured_media":2555,"comment_status":"closed","ping_status":"open","sticky":false,"template":"","format":"standard","meta":{"footnotes":""},"categories":[22,8],"tags":[],"class_list":["post-2552","post","type-post","status-publish","format-standard","has-post-thumbnail","hentry","category-lekcje-w-naszej-szkole-nie-sa-nudne","category-wydarzenia"],"_links":{"self":[{"href":"http:\/\/spp3.slawno.pl\/index.php?rest_route=\/wp\/v2\/posts\/2552"}],"collection":[{"href":"http:\/\/spp3.slawno.pl\/index.php?rest_route=\/wp\/v2\/posts"}],"about":[{"href":"http:\/\/spp3.slawno.pl\/index.php?rest_route=\/wp\/v2\/types\/post"}],"author":[{"embeddable":true,"href":"http:\/\/spp3.slawno.pl\/index.php?rest_route=\/wp\/v2\/users\/2"}],"replies":[{"embeddable":true,"href":"http:\/\/spp3.slawno.pl\/index.php?rest_route=%2Fwp%2Fv2%2Fcomments&post=2552"}],"version-history":[{"count":1,"href":"http:\/\/spp3.slawno.pl\/index.php?rest_route=\/wp\/v2\/posts\/2552\/revisions"}],"predecessor-version":[{"id":2556,"href":"http:\/\/spp3.slawno.pl\/index.php?rest_route=\/wp\/v2\/posts\/2552\/revisions\/2556"}],"wp:featuredmedia":[{"embeddable":true,"href":"http:\/\/spp3.slawno.pl\/index.php?rest_route=\/wp\/v2\/media\/2555"}],"wp:attachment":[{"href":"http:\/\/spp3.slawno.pl\/index.php?rest_route=%2Fwp%2Fv2%2Fmedia&parent=2552"}],"wp:term":[{"taxonomy":"category","embeddable":true,"href":"http:\/\/spp3.slawno.pl\/index.php?rest_route=%2Fwp%2Fv2%2Fcategories&post=2552"},{"taxonomy":"post_tag","embeddable":true,"href":"http:\/\/spp3.slawno.pl\/index.php?rest_route=%2Fwp%2Fv2%2Ftags&post=2552"}],"curies":[{"name":"wp","href":"https:\/\/api.w.org\/{rel}","templated":true}]}}