{"id":2561,"date":"2018-11-05T22:13:20","date_gmt":"2018-11-05T21:13:20","guid":{"rendered":"http:\/\/spp3.slawno.pl\/?p=2561"},"modified":"2018-11-05T22:13:20","modified_gmt":"2018-11-05T21:13:20","slug":"wizyta-uczniow-w-komisariacie-policji-w-slawnie","status":"publish","type":"post","link":"http:\/\/spp3.slawno.pl\/?p=2561","title":{"rendered":"Wizyta uczni\u00f3w w Komisariacie Policji w S\u0142awnie"},"content":{"rendered":"<p>W pa\u017adzierniku uczniowie klasy 1 c wybrali si\u0119 na wycieczk\u0119 do Komisariatu Policji w S\u0142awnie. Pani Agnieszka opowiedzia\u0142a dzieciom, jak wygl\u0105da praca policjanta. Mieli\u015bmy okazj\u0119 przymierzy\u0107 mundur policyjny. Utrwalili\u015bmy te\u017c zasady wzywania pomocy w razie zaistnia\u0142ej potrzeby oraz numery alarmowe. Dzi\u0119kujemy.<\/p>\n<p><img loading=\"lazy\" decoding=\"async\" class=\"alignnone size-large wp-image-2563\" src=\"http:\/\/spp3.slawno.pl\/wp-content\/uploads\/2018\/11\/Policja-2018a.jpg\" alt=\"\" width=\"768\" height=\"576\" srcset=\"http:\/\/spp3.slawno.pl\/wp-content\/uploads\/2018\/11\/Policja-2018a.jpg 768w, http:\/\/spp3.slawno.pl\/wp-content\/uploads\/2018\/11\/Policja-2018a-300x225.jpg 300w, http:\/\/spp3.slawno.pl\/wp-content\/uploads\/2018\/11\/Policja-2018a-678x509.jpg 678w, http:\/\/spp3.slawno.pl\/wp-content\/uploads\/2018\/11\/Policja-2018a-326x245.jpg 326w, http:\/\/spp3.slawno.pl\/wp-content\/uploads\/2018\/11\/Policja-2018a-80x60.jpg 80w\" sizes=\"(max-width: 768px) 100vw, 768px\" \/> <img loading=\"lazy\" decoding=\"async\" class=\"alignnone size-full wp-image-2564\" src=\"http:\/\/spp3.slawno.pl\/wp-content\/uploads\/2018\/11\/Policja-2018b.jpg\" alt=\"\" width=\"768\" height=\"576\" srcset=\"http:\/\/spp3.slawno.pl\/wp-content\/uploads\/2018\/11\/Policja-2018b.jpg 768w, http:\/\/spp3.slawno.pl\/wp-content\/uploads\/2018\/11\/Policja-2018b-300x225.jpg 300w, http:\/\/spp3.slawno.pl\/wp-content\/uploads\/2018\/11\/Policja-2018b-678x509.jpg 678w, http:\/\/spp3.slawno.pl\/wp-content\/uploads\/2018\/11\/Policja-2018b-326x245.jpg 326w, http:\/\/spp3.slawno.pl\/wp-content\/uploads\/2018\/11\/Policja-2018b-80x60.jpg 80w\" sizes=\"(max-width: 768px) 100vw, 768px\" \/><\/p>\n","protected":false},"excerpt":{"rendered":"<div class=\"mh-excerpt\"><p>W pa\u017adzierniku uczniowie klasy 1 c wybrali si\u0119 na wycieczk\u0119 do Komisariatu Policji w S\u0142awnie. Pani Agnieszka opowiedzia\u0142a dzieciom, jak wygl\u0105da praca policjanta. Mieli\u015bmy okazj\u0119 <a class=\"mh-excerpt-more\" href=\"http:\/\/spp3.slawno.pl\/?p=2561\" title=\"Wizyta uczni\u00f3w w Komisariacie Policji w S\u0142awnie\">[&#8230;]<\/a><\/p>\n<\/div>","protected":false},"author":2,"featured_media":2562,"comment_status":"closed","ping_status":"open","sticky":false,"template":"","format":"standard","meta":{"footnotes":""},"categories":[22,8],"tags":[],"class_list":["post-2561","post","type-post","status-publish","format-standard","has-post-thumbnail","hentry","category-lekcje-w-naszej-szkole-nie-sa-nudne","category-wydarzenia"],"_links":{"self":[{"href":"http:\/\/spp3.slawno.pl\/index.php?rest_route=\/wp\/v2\/posts\/2561"}],"collection":[{"href":"http:\/\/spp3.slawno.pl\/index.php?rest_route=\/wp\/v2\/posts"}],"about":[{"href":"http:\/\/spp3.slawno.pl\/index.php?rest_route=\/wp\/v2\/types\/post"}],"author":[{"embeddable":true,"href":"http:\/\/spp3.slawno.pl\/index.php?rest_route=\/wp\/v2\/users\/2"}],"replies":[{"embeddable":true,"href":"http:\/\/spp3.slawno.pl\/index.php?rest_route=%2Fwp%2Fv2%2Fcomments&post=2561"}],"version-history":[{"count":1,"href":"http:\/\/spp3.slawno.pl\/index.php?rest_route=\/wp\/v2\/posts\/2561\/revisions"}],"predecessor-version":[{"id":2565,"href":"http:\/\/spp3.slawno.pl\/index.php?rest_route=\/wp\/v2\/posts\/2561\/revisions\/2565"}],"wp:featuredmedia":[{"embeddable":true,"href":"http:\/\/spp3.slawno.pl\/index.php?rest_route=\/wp\/v2\/media\/2562"}],"wp:attachment":[{"href":"http:\/\/spp3.slawno.pl\/index.php?rest_route=%2Fwp%2Fv2%2Fmedia&parent=2561"}],"wp:term":[{"taxonomy":"category","embeddable":true,"href":"http:\/\/spp3.slawno.pl\/index.php?rest_route=%2Fwp%2Fv2%2Fcategories&post=2561"},{"taxonomy":"post_tag","embeddable":true,"href":"http:\/\/spp3.slawno.pl\/index.php?rest_route=%2Fwp%2Fv2%2Ftags&post=2561"}],"curies":[{"name":"wp","href":"https:\/\/api.w.org\/{rel}","templated":true}]}}