{"id":2576,"date":"2018-11-05T22:34:56","date_gmt":"2018-11-05T21:34:56","guid":{"rendered":"http:\/\/spp3.slawno.pl\/?p=2576"},"modified":"2018-11-05T22:37:34","modified_gmt":"2018-11-05T21:37:34","slug":"miedzynarodowy-dzien-kropki","status":"publish","type":"post","link":"http:\/\/spp3.slawno.pl\/?p=2576","title":{"rendered":"Mi\u0119dzynarodowy Dzie\u0144 Kropki"},"content":{"rendered":"<p>Dnia 14.09.2018r dzieci \u015bwietlicowe \u015bwi\u0119towa\u0142y MI\u0118DZYNARODOWY DZIE\u0143 KROPKI. Historia o Vashti \u2013 nie\u015bmia\u0142ej dziewczynce, kt\u00f3ra nie wierzy\u0142a w swoje mo\u017cliwo\u015bci, poruszy\u0142a serca dzieci. Vashti na lekcji plastyki nie mia\u0142a pomys\u0142u jak wyrazi\u0107 siebie za pomoc\u0105 znaczka. Uparcie twierdzi\u0142a, \u017ce nie potrafi malowa\u0107, a zamkni\u0119te farbki tylko j\u0105 irytowaly. Nauczycielka cierpliwie czeka\u0142a, a\u017c Vashti podejmie pr\u00f3b\u0119. Powiedzia\u0142a \u201ePostaw znaczek, a zobaczysz dok\u0105d Ci\u0119 przeniesie\u201d. Ksi\u0105\u017cka The Dot, z kt\u00f3rej pochodzi ta historia, opowiada o kropce, kt\u00f3ra zmieni\u0142a \u015bwiat ma\u0142ej Vashti, albo o Vashti, kt\u00f3ra dzi\u0119ki kropce uwierzy\u0142a w siebie.<\/p>\n<p>Uczniowie naszej \u015bwietlicy postanowili tak jak Vashti poszuka\u0107 swoich talent\u00f3w. Tego dnia zaj\u0119cia zamieni\u0142y si\u0119 w pracownie rozwijaj\u0105ce tw\u00f3rcze my\u015blenie i kreatywno\u015b\u0107. Ka\u017cdy pr\u00f3bowa\u0142 swoich si\u0142 podczas kropkowania.<\/p>\n<p><img loading=\"lazy\" decoding=\"async\" class=\"alignnone size-full wp-image-2581\" src=\"http:\/\/spp3.slawno.pl\/wp-content\/uploads\/2018\/11\/Dzie\u0144-Kropkid.jpg\" alt=\"\" width=\"864\" height=\"648\" srcset=\"http:\/\/spp3.slawno.pl\/wp-content\/uploads\/2018\/11\/Dzie\u0144-Kropkid.jpg 864w, http:\/\/spp3.slawno.pl\/wp-content\/uploads\/2018\/11\/Dzie\u0144-Kropkid-300x225.jpg 300w, http:\/\/spp3.slawno.pl\/wp-content\/uploads\/2018\/11\/Dzie\u0144-Kropkid-768x576.jpg 768w, http:\/\/spp3.slawno.pl\/wp-content\/uploads\/2018\/11\/Dzie\u0144-Kropkid-678x509.jpg 678w, http:\/\/spp3.slawno.pl\/wp-content\/uploads\/2018\/11\/Dzie\u0144-Kropkid-326x245.jpg 326w, http:\/\/spp3.slawno.pl\/wp-content\/uploads\/2018\/11\/Dzie\u0144-Kropkid-80x60.jpg 80w\" sizes=\"(max-width: 864px) 100vw, 864px\" \/><\/p>\n<p><img loading=\"lazy\" decoding=\"async\" class=\"alignnone size-full wp-image-2577\" src=\"http:\/\/spp3.slawno.pl\/wp-content\/uploads\/2018\/11\/Dzie\u0144-Kropkia.jpg\" alt=\"\" width=\"864\" height=\"648\" srcset=\"http:\/\/spp3.slawno.pl\/wp-content\/uploads\/2018\/11\/Dzie\u0144-Kropkia.jpg 864w, http:\/\/spp3.slawno.pl\/wp-content\/uploads\/2018\/11\/Dzie\u0144-Kropkia-300x225.jpg 300w, http:\/\/spp3.slawno.pl\/wp-content\/uploads\/2018\/11\/Dzie\u0144-Kropkia-768x576.jpg 768w, http:\/\/spp3.slawno.pl\/wp-content\/uploads\/2018\/11\/Dzie\u0144-Kropkia-678x509.jpg 678w, http:\/\/spp3.slawno.pl\/wp-content\/uploads\/2018\/11\/Dzie\u0144-Kropkia-326x245.jpg 326w, http:\/\/spp3.slawno.pl\/wp-content\/uploads\/2018\/11\/Dzie\u0144-Kropkia-80x60.jpg 80w\" sizes=\"(max-width: 864px) 100vw, 864px\" \/> <img loading=\"lazy\" decoding=\"async\" class=\"alignnone size-full wp-image-2579\" src=\"http:\/\/spp3.slawno.pl\/wp-content\/uploads\/2018\/11\/Dzie\u0144-Kropkic.jpg\" alt=\"\" width=\"864\" height=\"648\" srcset=\"http:\/\/spp3.slawno.pl\/wp-content\/uploads\/2018\/11\/Dzie\u0144-Kropkic.jpg 864w, http:\/\/spp3.slawno.pl\/wp-content\/uploads\/2018\/11\/Dzie\u0144-Kropkic-300x225.jpg 300w, http:\/\/spp3.slawno.pl\/wp-content\/uploads\/2018\/11\/Dzie\u0144-Kropkic-768x576.jpg 768w, http:\/\/spp3.slawno.pl\/wp-content\/uploads\/2018\/11\/Dzie\u0144-Kropkic-678x509.jpg 678w, http:\/\/spp3.slawno.pl\/wp-content\/uploads\/2018\/11\/Dzie\u0144-Kropkic-326x245.jpg 326w, http:\/\/spp3.slawno.pl\/wp-content\/uploads\/2018\/11\/Dzie\u0144-Kropkic-80x60.jpg 80w\" sizes=\"(max-width: 864px) 100vw, 864px\" \/><\/p>\n","protected":false},"excerpt":{"rendered":"<div class=\"mh-excerpt\"><p>Dnia 14.09.2018r dzieci \u015bwietlicowe \u015bwi\u0119towa\u0142y MI\u0118DZYNARODOWY DZIE\u0143 KROPKI. Historia o Vashti \u2013 nie\u015bmia\u0142ej dziewczynce, kt\u00f3ra nie wierzy\u0142a w swoje mo\u017cliwo\u015bci, poruszy\u0142a serca dzieci. Vashti na <a class=\"mh-excerpt-more\" href=\"http:\/\/spp3.slawno.pl\/?p=2576\" title=\"Mi\u0119dzynarodowy Dzie\u0144 Kropki\">[&#8230;]<\/a><\/p>\n<\/div>","protected":false},"author":2,"featured_media":2578,"comment_status":"closed","ping_status":"open","sticky":false,"template":"","format":"standard","meta":{"footnotes":""},"categories":[8,24],"tags":[],"class_list":["post-2576","post","type-post","status-publish","format-standard","has-post-thumbnail","hentry","category-wydarzenia","category-zajecia-na-swietlicy-szkolnej"],"_links":{"self":[{"href":"http:\/\/spp3.slawno.pl\/index.php?rest_route=\/wp\/v2\/posts\/2576"}],"collection":[{"href":"http:\/\/spp3.slawno.pl\/index.php?rest_route=\/wp\/v2\/posts"}],"about":[{"href":"http:\/\/spp3.slawno.pl\/index.php?rest_route=\/wp\/v2\/types\/post"}],"author":[{"embeddable":true,"href":"http:\/\/spp3.slawno.pl\/index.php?rest_route=\/wp\/v2\/users\/2"}],"replies":[{"embeddable":true,"href":"http:\/\/spp3.slawno.pl\/index.php?rest_route=%2Fwp%2Fv2%2Fcomments&post=2576"}],"version-history":[{"count":3,"href":"http:\/\/spp3.slawno.pl\/index.php?rest_route=\/wp\/v2\/posts\/2576\/revisions"}],"predecessor-version":[{"id":2583,"href":"http:\/\/spp3.slawno.pl\/index.php?rest_route=\/wp\/v2\/posts\/2576\/revisions\/2583"}],"wp:featuredmedia":[{"embeddable":true,"href":"http:\/\/spp3.slawno.pl\/index.php?rest_route=\/wp\/v2\/media\/2578"}],"wp:attachment":[{"href":"http:\/\/spp3.slawno.pl\/index.php?rest_route=%2Fwp%2Fv2%2Fmedia&parent=2576"}],"wp:term":[{"taxonomy":"category","embeddable":true,"href":"http:\/\/spp3.slawno.pl\/index.php?rest_route=%2Fwp%2Fv2%2Fcategories&post=2576"},{"taxonomy":"post_tag","embeddable":true,"href":"http:\/\/spp3.slawno.pl\/index.php?rest_route=%2Fwp%2Fv2%2Ftags&post=2576"}],"curies":[{"name":"wp","href":"https:\/\/api.w.org\/{rel}","templated":true}]}}