{"id":2584,"date":"2018-11-05T22:43:00","date_gmt":"2018-11-05T21:43:00","guid":{"rendered":"http:\/\/spp3.slawno.pl\/?p=2584"},"modified":"2018-11-05T22:43:00","modified_gmt":"2018-11-05T21:43:00","slug":"wizyta-uczniow-w-banku-pko-w-slawnie","status":"publish","type":"post","link":"http:\/\/spp3.slawno.pl\/?p=2584","title":{"rendered":"Wizyta uczni\u00f3w w Banku PKO w S\u0142awnie"},"content":{"rendered":"<p>Dnia 26 wrze\u015bnia 2018 roku wychowankowie \u015bwietlicy wraz z wychowawc\u0105 i opiekunem SKO\u00a0 wybrali si\u0119 do Banku PKO w S\u0142awnie. Dzi\u0119ki pracownikom banku uczniowie poznali organizacj\u0119 pracy banku, zobaczyli maszynki do liczenia monet i banknot\u00f3w. Dzieci uczy\u0142y si\u0119 rozpoznawa\u0107 fa\u0142szywe pieni\u0105dze oraz dowiedzia\u0142y si\u0119 dlaczego warto oszcz\u0119dza\u0107. Ch\u0119tni odpowiadali na niezliczone pytania, za kt\u00f3re otrzymali drobne upominki.<\/p>\n<p><img loading=\"lazy\" decoding=\"async\" class=\"alignnone size-large wp-image-2586\" src=\"http:\/\/spp3.slawno.pl\/wp-content\/uploads\/2018\/11\/Bank2018a.jpg\" alt=\"\" width=\"864\" height=\"648\" srcset=\"http:\/\/spp3.slawno.pl\/wp-content\/uploads\/2018\/11\/Bank2018a.jpg 864w, http:\/\/spp3.slawno.pl\/wp-content\/uploads\/2018\/11\/Bank2018a-300x225.jpg 300w, http:\/\/spp3.slawno.pl\/wp-content\/uploads\/2018\/11\/Bank2018a-768x576.jpg 768w, http:\/\/spp3.slawno.pl\/wp-content\/uploads\/2018\/11\/Bank2018a-678x509.jpg 678w, http:\/\/spp3.slawno.pl\/wp-content\/uploads\/2018\/11\/Bank2018a-326x245.jpg 326w, http:\/\/spp3.slawno.pl\/wp-content\/uploads\/2018\/11\/Bank2018a-80x60.jpg 80w\" sizes=\"(max-width: 864px) 100vw, 864px\" \/> <img loading=\"lazy\" decoding=\"async\" class=\"alignnone size-large wp-image-2587\" src=\"http:\/\/spp3.slawno.pl\/wp-content\/uploads\/2018\/11\/Bank2018b.jpg\" alt=\"\" width=\"864\" height=\"648\" srcset=\"http:\/\/spp3.slawno.pl\/wp-content\/uploads\/2018\/11\/Bank2018b.jpg 864w, http:\/\/spp3.slawno.pl\/wp-content\/uploads\/2018\/11\/Bank2018b-300x225.jpg 300w, http:\/\/spp3.slawno.pl\/wp-content\/uploads\/2018\/11\/Bank2018b-768x576.jpg 768w, http:\/\/spp3.slawno.pl\/wp-content\/uploads\/2018\/11\/Bank2018b-678x509.jpg 678w, http:\/\/spp3.slawno.pl\/wp-content\/uploads\/2018\/11\/Bank2018b-326x245.jpg 326w, http:\/\/spp3.slawno.pl\/wp-content\/uploads\/2018\/11\/Bank2018b-80x60.jpg 80w\" sizes=\"(max-width: 864px) 100vw, 864px\" \/> <img loading=\"lazy\" decoding=\"async\" class=\"alignnone size-large wp-image-2588\" src=\"http:\/\/spp3.slawno.pl\/wp-content\/uploads\/2018\/11\/Bank2018c.jpg\" alt=\"\" width=\"864\" height=\"648\" srcset=\"http:\/\/spp3.slawno.pl\/wp-content\/uploads\/2018\/11\/Bank2018c.jpg 864w, http:\/\/spp3.slawno.pl\/wp-content\/uploads\/2018\/11\/Bank2018c-300x225.jpg 300w, http:\/\/spp3.slawno.pl\/wp-content\/uploads\/2018\/11\/Bank2018c-768x576.jpg 768w, http:\/\/spp3.slawno.pl\/wp-content\/uploads\/2018\/11\/Bank2018c-678x509.jpg 678w, http:\/\/spp3.slawno.pl\/wp-content\/uploads\/2018\/11\/Bank2018c-326x245.jpg 326w, http:\/\/spp3.slawno.pl\/wp-content\/uploads\/2018\/11\/Bank2018c-80x60.jpg 80w\" sizes=\"(max-width: 864px) 100vw, 864px\" \/> <img loading=\"lazy\" decoding=\"async\" class=\"alignnone size-full wp-image-2589\" src=\"http:\/\/spp3.slawno.pl\/wp-content\/uploads\/2018\/11\/Bank2018d.jpg\" alt=\"\" width=\"864\" height=\"648\" srcset=\"http:\/\/spp3.slawno.pl\/wp-content\/uploads\/2018\/11\/Bank2018d.jpg 864w, http:\/\/spp3.slawno.pl\/wp-content\/uploads\/2018\/11\/Bank2018d-300x225.jpg 300w, http:\/\/spp3.slawno.pl\/wp-content\/uploads\/2018\/11\/Bank2018d-768x576.jpg 768w, http:\/\/spp3.slawno.pl\/wp-content\/uploads\/2018\/11\/Bank2018d-678x509.jpg 678w, http:\/\/spp3.slawno.pl\/wp-content\/uploads\/2018\/11\/Bank2018d-326x245.jpg 326w, http:\/\/spp3.slawno.pl\/wp-content\/uploads\/2018\/11\/Bank2018d-80x60.jpg 80w\" sizes=\"(max-width: 864px) 100vw, 864px\" \/><\/p>\n","protected":false},"excerpt":{"rendered":"<div class=\"mh-excerpt\"><p>Dnia 26 wrze\u015bnia 2018 roku wychowankowie \u015bwietlicy wraz z wychowawc\u0105 i opiekunem SKO\u00a0 wybrali si\u0119 do Banku PKO w S\u0142awnie. Dzi\u0119ki pracownikom banku uczniowie poznali <a class=\"mh-excerpt-more\" href=\"http:\/\/spp3.slawno.pl\/?p=2584\" title=\"Wizyta uczni\u00f3w w Banku PKO w S\u0142awnie\">[&#8230;]<\/a><\/p>\n<\/div>","protected":false},"author":2,"featured_media":2585,"comment_status":"closed","ping_status":"open","sticky":false,"template":"","format":"standard","meta":{"footnotes":""},"categories":[8,24],"tags":[],"class_list":["post-2584","post","type-post","status-publish","format-standard","has-post-thumbnail","hentry","category-wydarzenia","category-zajecia-na-swietlicy-szkolnej"],"_links":{"self":[{"href":"http:\/\/spp3.slawno.pl\/index.php?rest_route=\/wp\/v2\/posts\/2584"}],"collection":[{"href":"http:\/\/spp3.slawno.pl\/index.php?rest_route=\/wp\/v2\/posts"}],"about":[{"href":"http:\/\/spp3.slawno.pl\/index.php?rest_route=\/wp\/v2\/types\/post"}],"author":[{"embeddable":true,"href":"http:\/\/spp3.slawno.pl\/index.php?rest_route=\/wp\/v2\/users\/2"}],"replies":[{"embeddable":true,"href":"http:\/\/spp3.slawno.pl\/index.php?rest_route=%2Fwp%2Fv2%2Fcomments&post=2584"}],"version-history":[{"count":1,"href":"http:\/\/spp3.slawno.pl\/index.php?rest_route=\/wp\/v2\/posts\/2584\/revisions"}],"predecessor-version":[{"id":2590,"href":"http:\/\/spp3.slawno.pl\/index.php?rest_route=\/wp\/v2\/posts\/2584\/revisions\/2590"}],"wp:featuredmedia":[{"embeddable":true,"href":"http:\/\/spp3.slawno.pl\/index.php?rest_route=\/wp\/v2\/media\/2585"}],"wp:attachment":[{"href":"http:\/\/spp3.slawno.pl\/index.php?rest_route=%2Fwp%2Fv2%2Fmedia&parent=2584"}],"wp:term":[{"taxonomy":"category","embeddable":true,"href":"http:\/\/spp3.slawno.pl\/index.php?rest_route=%2Fwp%2Fv2%2Fcategories&post=2584"},{"taxonomy":"post_tag","embeddable":true,"href":"http:\/\/spp3.slawno.pl\/index.php?rest_route=%2Fwp%2Fv2%2Ftags&post=2584"}],"curies":[{"name":"wp","href":"https:\/\/api.w.org\/{rel}","templated":true}]}}