{"id":2591,"date":"2018-11-06T22:15:01","date_gmt":"2018-11-06T21:15:01","guid":{"rendered":"http:\/\/spp3.slawno.pl\/?p=2591"},"modified":"2018-11-06T22:15:01","modified_gmt":"2018-11-06T21:15:01","slug":"dzien-chlopaka-na-swietlicy-szkolnej","status":"publish","type":"post","link":"http:\/\/spp3.slawno.pl\/?p=2591","title":{"rendered":"Dzie\u0144 Ch\u0142opaka na \u015bwietlicy szkolnej"},"content":{"rendered":"<p>30 wrze\u015bnia dziewczynki ucz\u0119szczaj\u0105ce na \u015bwietlic\u0119 szkoln\u0105 z\u0142o\u017cy\u0142y \u017cyczenia swoim kolegom z okazji Dnia Ch\u0142opaka.\u00a0\u00a0 By\u0142y drobne upominki i s\u0142odko\u015bci. Taki dzie\u0144 to okazja do mi\u0142ej rozmowy i wspomnie\u0144, a tak\u017ce wsp\u00f3lnej fotografii.<\/p>\n<p><img loading=\"lazy\" decoding=\"async\" class=\"alignnone size-full wp-image-2593\" src=\"http:\/\/spp3.slawno.pl\/wp-content\/uploads\/2018\/11\/Dzie\u0144-Ch\u0142opaka1.jpg\" alt=\"\" width=\"864\" height=\"648\" srcset=\"http:\/\/spp3.slawno.pl\/wp-content\/uploads\/2018\/11\/Dzie\u0144-Ch\u0142opaka1.jpg 864w, http:\/\/spp3.slawno.pl\/wp-content\/uploads\/2018\/11\/Dzie\u0144-Ch\u0142opaka1-300x225.jpg 300w, http:\/\/spp3.slawno.pl\/wp-content\/uploads\/2018\/11\/Dzie\u0144-Ch\u0142opaka1-768x576.jpg 768w, http:\/\/spp3.slawno.pl\/wp-content\/uploads\/2018\/11\/Dzie\u0144-Ch\u0142opaka1-678x509.jpg 678w, http:\/\/spp3.slawno.pl\/wp-content\/uploads\/2018\/11\/Dzie\u0144-Ch\u0142opaka1-326x245.jpg 326w, http:\/\/spp3.slawno.pl\/wp-content\/uploads\/2018\/11\/Dzie\u0144-Ch\u0142opaka1-80x60.jpg 80w\" sizes=\"(max-width: 864px) 100vw, 864px\" \/><\/p>\n","protected":false},"excerpt":{"rendered":"<div class=\"mh-excerpt\"><p>30 wrze\u015bnia dziewczynki ucz\u0119szczaj\u0105ce na \u015bwietlic\u0119 szkoln\u0105 z\u0142o\u017cy\u0142y \u017cyczenia swoim kolegom z okazji Dnia Ch\u0142opaka.\u00a0\u00a0 By\u0142y drobne upominki i s\u0142odko\u015bci. Taki dzie\u0144 to okazja do <a class=\"mh-excerpt-more\" href=\"http:\/\/spp3.slawno.pl\/?p=2591\" title=\"Dzie\u0144 Ch\u0142opaka na \u015bwietlicy szkolnej\">[&#8230;]<\/a><\/p>\n<\/div>","protected":false},"author":2,"featured_media":2592,"comment_status":"closed","ping_status":"open","sticky":false,"template":"","format":"standard","meta":{"footnotes":""},"categories":[8,24],"tags":[],"class_list":["post-2591","post","type-post","status-publish","format-standard","has-post-thumbnail","hentry","category-wydarzenia","category-zajecia-na-swietlicy-szkolnej"],"_links":{"self":[{"href":"http:\/\/spp3.slawno.pl\/index.php?rest_route=\/wp\/v2\/posts\/2591"}],"collection":[{"href":"http:\/\/spp3.slawno.pl\/index.php?rest_route=\/wp\/v2\/posts"}],"about":[{"href":"http:\/\/spp3.slawno.pl\/index.php?rest_route=\/wp\/v2\/types\/post"}],"author":[{"embeddable":true,"href":"http:\/\/spp3.slawno.pl\/index.php?rest_route=\/wp\/v2\/users\/2"}],"replies":[{"embeddable":true,"href":"http:\/\/spp3.slawno.pl\/index.php?rest_route=%2Fwp%2Fv2%2Fcomments&post=2591"}],"version-history":[{"count":1,"href":"http:\/\/spp3.slawno.pl\/index.php?rest_route=\/wp\/v2\/posts\/2591\/revisions"}],"predecessor-version":[{"id":2594,"href":"http:\/\/spp3.slawno.pl\/index.php?rest_route=\/wp\/v2\/posts\/2591\/revisions\/2594"}],"wp:featuredmedia":[{"embeddable":true,"href":"http:\/\/spp3.slawno.pl\/index.php?rest_route=\/wp\/v2\/media\/2592"}],"wp:attachment":[{"href":"http:\/\/spp3.slawno.pl\/index.php?rest_route=%2Fwp%2Fv2%2Fmedia&parent=2591"}],"wp:term":[{"taxonomy":"category","embeddable":true,"href":"http:\/\/spp3.slawno.pl\/index.php?rest_route=%2Fwp%2Fv2%2Fcategories&post=2591"},{"taxonomy":"post_tag","embeddable":true,"href":"http:\/\/spp3.slawno.pl\/index.php?rest_route=%2Fwp%2Fv2%2Ftags&post=2591"}],"curies":[{"name":"wp","href":"https:\/\/api.w.org\/{rel}","templated":true}]}}