{"id":2595,"date":"2018-11-06T22:22:11","date_gmt":"2018-11-06T21:22:11","guid":{"rendered":"http:\/\/spp3.slawno.pl\/?p=2595"},"modified":"2018-11-06T22:22:11","modified_gmt":"2018-11-06T21:22:11","slug":"dzien-edukacji","status":"publish","type":"post","link":"http:\/\/spp3.slawno.pl\/?p=2595","title":{"rendered":"Dzie\u0144 Edukacji"},"content":{"rendered":"<p>Dzie\u0144 Edukacji Narodowej, cz\u0119\u015bciej zwany Dniem Nauczyciela, to idealny moment, aby okaza\u0107 szacunek i z\u0142o\u017cy\u0107 \u017cyczenia dyrekcji, nauczycielom, zaproszonym go\u015bciom oraz pracownikom szko\u0142y.<\/p>\n<p>W naszej szkole ten dzie\u0144 upami\u0119tnili\u015bmy dnia 13.10.2018 roku , odby\u0142o si\u0119 uroczyste spotkanie dzieci z nauczycielami. Uczniowie szko\u0142y i wychowankowie \u015bwietlicy wyrazili swoim nauczycielom wdzi\u0119czno\u015b\u0107 za codzienn\u0105 prac\u0119, trosk\u0119 i po\u015bwi\u0119cenie. W dniu ich \u015bwi\u0119ta przygotowali dla swoich pedagog\u00f3w artystyczn\u0105 uczt\u0119, zabarwion\u0105 du\u017c\u0105 dawk\u0105 humoru. Odtworzyli s\u0142owem, gestem, ta\u0144cem i piosenk\u0105 \u2013 klimat szkolnego \u017cycia. Przekazali najlepsze \u017cyczenia. Swoimi wyst\u0119pami dostarczyli zebranym go\u015bciom wielu wra\u017ce\u0144 wizualnych i muzycznych. W tym uroczystym dniu s\u0142owa podzi\u0119kowania i \u017cyczenia przekaza\u0142a zaproszonym go\u015bciom, pracownikom szko\u0142y i obs\u0142ugi, dyrektor szko\u0142y pani Dagmara Wojtczak.<\/p>\n<p>Na zako\u0144czenie uroczysto\u015bci reprezentanci \u015bwietlicy rozdali wszystkim zgromadzonym drobne upominki z \u017cyczeniami.<\/p>\n<p>&nbsp;<\/p>\n<p><img loading=\"lazy\" decoding=\"async\" class=\"alignnone size-large wp-image-2597\" src=\"http:\/\/spp3.slawno.pl\/wp-content\/uploads\/2018\/11\/Dzie\u0144-Edukacji1.jpg\" alt=\"\" width=\"576\" height=\"768\" srcset=\"http:\/\/spp3.slawno.pl\/wp-content\/uploads\/2018\/11\/Dzie\u0144-Edukacji1.jpg 576w, http:\/\/spp3.slawno.pl\/wp-content\/uploads\/2018\/11\/Dzie\u0144-Edukacji1-225x300.jpg 225w\" sizes=\"(max-width: 576px) 100vw, 576px\" \/> <img loading=\"lazy\" decoding=\"async\" class=\"alignnone size-large wp-image-2598\" src=\"http:\/\/spp3.slawno.pl\/wp-content\/uploads\/2018\/11\/Dzie\u0144-Edukacji2.jpg\" alt=\"\" width=\"576\" height=\"768\" srcset=\"http:\/\/spp3.slawno.pl\/wp-content\/uploads\/2018\/11\/Dzie\u0144-Edukacji2.jpg 576w, http:\/\/spp3.slawno.pl\/wp-content\/uploads\/2018\/11\/Dzie\u0144-Edukacji2-225x300.jpg 225w\" sizes=\"(max-width: 576px) 100vw, 576px\" \/> <img loading=\"lazy\" decoding=\"async\" class=\"alignnone size-full wp-image-2599\" src=\"http:\/\/spp3.slawno.pl\/wp-content\/uploads\/2018\/11\/Dzie\u0144-Edukacji3.jpg\" alt=\"\" width=\"576\" height=\"768\" srcset=\"http:\/\/spp3.slawno.pl\/wp-content\/uploads\/2018\/11\/Dzie\u0144-Edukacji3.jpg 576w, http:\/\/spp3.slawno.pl\/wp-content\/uploads\/2018\/11\/Dzie\u0144-Edukacji3-225x300.jpg 225w\" sizes=\"(max-width: 576px) 100vw, 576px\" \/><\/p>\n","protected":false},"excerpt":{"rendered":"<div class=\"mh-excerpt\"><p>Dzie\u0144 Edukacji Narodowej, cz\u0119\u015bciej zwany Dniem Nauczyciela, to idealny moment, aby okaza\u0107 szacunek i z\u0142o\u017cy\u0107 \u017cyczenia dyrekcji, nauczycielom, zaproszonym go\u015bciom oraz pracownikom szko\u0142y. W naszej <a class=\"mh-excerpt-more\" href=\"http:\/\/spp3.slawno.pl\/?p=2595\" title=\"Dzie\u0144 Edukacji\">[&#8230;]<\/a><\/p>\n<\/div>","protected":false},"author":2,"featured_media":2596,"comment_status":"closed","ping_status":"open","sticky":false,"template":"","format":"standard","meta":{"footnotes":""},"categories":[8,24],"tags":[],"class_list":["post-2595","post","type-post","status-publish","format-standard","has-post-thumbnail","hentry","category-wydarzenia","category-zajecia-na-swietlicy-szkolnej"],"_links":{"self":[{"href":"http:\/\/spp3.slawno.pl\/index.php?rest_route=\/wp\/v2\/posts\/2595"}],"collection":[{"href":"http:\/\/spp3.slawno.pl\/index.php?rest_route=\/wp\/v2\/posts"}],"about":[{"href":"http:\/\/spp3.slawno.pl\/index.php?rest_route=\/wp\/v2\/types\/post"}],"author":[{"embeddable":true,"href":"http:\/\/spp3.slawno.pl\/index.php?rest_route=\/wp\/v2\/users\/2"}],"replies":[{"embeddable":true,"href":"http:\/\/spp3.slawno.pl\/index.php?rest_route=%2Fwp%2Fv2%2Fcomments&post=2595"}],"version-history":[{"count":1,"href":"http:\/\/spp3.slawno.pl\/index.php?rest_route=\/wp\/v2\/posts\/2595\/revisions"}],"predecessor-version":[{"id":2600,"href":"http:\/\/spp3.slawno.pl\/index.php?rest_route=\/wp\/v2\/posts\/2595\/revisions\/2600"}],"wp:featuredmedia":[{"embeddable":true,"href":"http:\/\/spp3.slawno.pl\/index.php?rest_route=\/wp\/v2\/media\/2596"}],"wp:attachment":[{"href":"http:\/\/spp3.slawno.pl\/index.php?rest_route=%2Fwp%2Fv2%2Fmedia&parent=2595"}],"wp:term":[{"taxonomy":"category","embeddable":true,"href":"http:\/\/spp3.slawno.pl\/index.php?rest_route=%2Fwp%2Fv2%2Fcategories&post=2595"},{"taxonomy":"post_tag","embeddable":true,"href":"http:\/\/spp3.slawno.pl\/index.php?rest_route=%2Fwp%2Fv2%2Ftags&post=2595"}],"curies":[{"name":"wp","href":"https:\/\/api.w.org\/{rel}","templated":true}]}}