{"id":2601,"date":"2018-11-07T19:34:19","date_gmt":"2018-11-07T18:34:19","guid":{"rendered":"http:\/\/spp3.slawno.pl\/?p=2601"},"modified":"2018-11-07T19:34:19","modified_gmt":"2018-11-07T18:34:19","slug":"pani-lesnik-z-wizyta-na-swietlicy","status":"publish","type":"post","link":"http:\/\/spp3.slawno.pl\/?p=2601","title":{"rendered":"Pani le\u015bnik z wizyt\u0105 na \u015bwietlicy"},"content":{"rendered":"<p>W naszym kraju grzybobranie by\u0142o i jest bardzo popularne. Grzyby s\u0105 ch\u0119tnie spo\u017cywane przez ludzi ze wzgl\u0119du na walory smakowe i zapachowe. W naszych lasach ro\u015bnie wiele gatunk\u00f3w grzyb\u00f3w o r\u00f3\u017cnej toksyczno\u015bci. W\u015br\u00f3d nich wyst\u0119puj\u0105 grzyby jadalne, truj\u0105ce i niejadalne. Szczeg\u00f3lnie niebezpieczne s\u0105 grzyby truj\u0105ce, kt\u00f3re mog\u0105 sta\u0107 si\u0119 przyczyn\u0105 \u015bmiertelnych zatru\u0107 pokarmowych. W zwi\u0105zku z tym w \u015bwietlicy szkolnej dnia 510.2018r. go\u015bcili\u015bmy pani\u0105 Ann\u0119 Krzemi\u0144sk\u0105 \u2013 le\u015bnik z Nadle\u015bnictwa w S\u0142awnie.<\/p>\n<p>Na pocz\u0105tku spotkania pani le\u015bnik opowiedzia\u0142a o swoim mundurze, zwr\u00f3ci\u0142a uwag\u0119 na str\u00f3j do lasu i galowy. Pani opowiedzia\u0142a nam o swojej pracy, lesie i mieszkaj\u0105cych w nim zwierz\u0119tach. Motywem przewodnim spotkania by\u0142y grzyby. Wrzesie\u0144 i pa\u017adziernik to miesi\u0105ce, gdzie dzieci pod opiek\u0105 doros\u0142ych cz\u0119sto wybieraj\u0105 si\u0119 do lasu na grzybobranie. Pani Ania przyniesionymi, le\u015bnymi okazami przybli\u017cy\u0142a uczniom tematyk\u0119 lasu. Wszyscy mogli zobaczy\u0107 i posegregowa\u0107 grzyby jadalne, truj\u0105ce jak i niejadalne. Om\u00f3wi\u0142a podzia\u0142 grzyb\u00f3w, ich budow\u0119, grzyby z rurkami, blaszkami i g\u0105bkami. Przestrzeg\u0142a przed najcz\u0119\u015bciej mylonymi grzybami, ich zatruciem i profilaktyk\u0105.<\/p>\n<p>Dzieci pracowa\u0142y z du\u017cym zaanga\u017cowaniem, ch\u0119tnie odpowiada\u0142y na stawiane im pytania oraz same zadawa\u0142y wiele nurtuj\u0105cych ich pyta\u0144, na kt\u00f3re otrzymywa\u0142y wyczerpuj\u0105ce odpowiedzi.<\/p>\n<p>Spotkanie up\u0142yn\u0119\u0142o w mi\u0142ej atmosferze, a wys\u0142uchane wiadomo\u015bci poszerzy\u0142y wiedz\u0119 przyrodnicz\u0105 dzieci. Na koniec spotkania Pani Ania\u00a0 podkre\u015bli\u0142a, \u017ce cz\u0142owiek jest go\u015bciem<\/p>\n<p>w lesie i musi szanowa\u0107 zwyczaje gospodarzy, czyli zwierz\u0105t w nim mieszkaj\u0105cych.<\/p>\n<p><img loading=\"lazy\" decoding=\"async\" class=\"alignnone size-full wp-image-2602\" src=\"http:\/\/spp3.slawno.pl\/wp-content\/uploads\/2018\/11\/\u015awietlica-lesnik-2018.jpg\" alt=\"\" width=\"864\" height=\"648\" srcset=\"http:\/\/spp3.slawno.pl\/wp-content\/uploads\/2018\/11\/\u015awietlica-lesnik-2018.jpg 864w, http:\/\/spp3.slawno.pl\/wp-content\/uploads\/2018\/11\/\u015awietlica-lesnik-2018-300x225.jpg 300w, http:\/\/spp3.slawno.pl\/wp-content\/uploads\/2018\/11\/\u015awietlica-lesnik-2018-768x576.jpg 768w, http:\/\/spp3.slawno.pl\/wp-content\/uploads\/2018\/11\/\u015awietlica-lesnik-2018-678x509.jpg 678w, http:\/\/spp3.slawno.pl\/wp-content\/uploads\/2018\/11\/\u015awietlica-lesnik-2018-326x245.jpg 326w, http:\/\/spp3.slawno.pl\/wp-content\/uploads\/2018\/11\/\u015awietlica-lesnik-2018-80x60.jpg 80w\" sizes=\"(max-width: 864px) 100vw, 864px\" \/> <img loading=\"lazy\" decoding=\"async\" class=\"alignnone size-large wp-image-2603\" src=\"http:\/\/spp3.slawno.pl\/wp-content\/uploads\/2018\/11\/\u015awietlica-lesnik-2018a-1024x576.jpg\" alt=\"\" width=\"1024\" height=\"576\" srcset=\"http:\/\/spp3.slawno.pl\/wp-content\/uploads\/2018\/11\/\u015awietlica-lesnik-2018a-1024x576.jpg 1024w, http:\/\/spp3.slawno.pl\/wp-content\/uploads\/2018\/11\/\u015awietlica-lesnik-2018a-300x169.jpg 300w, http:\/\/spp3.slawno.pl\/wp-content\/uploads\/2018\/11\/\u015awietlica-lesnik-2018a-768x432.jpg 768w, http:\/\/spp3.slawno.pl\/wp-content\/uploads\/2018\/11\/\u015awietlica-lesnik-2018a-678x381.jpg 678w, http:\/\/spp3.slawno.pl\/wp-content\/uploads\/2018\/11\/\u015awietlica-lesnik-2018a.jpg 1210w\" sizes=\"(max-width: 1024px) 100vw, 1024px\" \/> <img loading=\"lazy\" decoding=\"async\" class=\"alignnone size-large wp-image-2605\" src=\"http:\/\/spp3.slawno.pl\/wp-content\/uploads\/2018\/11\/\u015awietlica-lesnik-2018c-1024x576.jpg\" alt=\"\" width=\"1024\" height=\"576\" srcset=\"http:\/\/spp3.slawno.pl\/wp-content\/uploads\/2018\/11\/\u015awietlica-lesnik-2018c-1024x576.jpg 1024w, http:\/\/spp3.slawno.pl\/wp-content\/uploads\/2018\/11\/\u015awietlica-lesnik-2018c-300x169.jpg 300w, http:\/\/spp3.slawno.pl\/wp-content\/uploads\/2018\/11\/\u015awietlica-lesnik-2018c-768x432.jpg 768w, http:\/\/spp3.slawno.pl\/wp-content\/uploads\/2018\/11\/\u015awietlica-lesnik-2018c-678x381.jpg 678w, http:\/\/spp3.slawno.pl\/wp-content\/uploads\/2018\/11\/\u015awietlica-lesnik-2018c.jpg 1210w\" sizes=\"(max-width: 1024px) 100vw, 1024px\" \/><\/p>\n","protected":false},"excerpt":{"rendered":"<div class=\"mh-excerpt\"><p>W naszym kraju grzybobranie by\u0142o i jest bardzo popularne. Grzyby s\u0105 ch\u0119tnie spo\u017cywane przez ludzi ze wzgl\u0119du na walory smakowe i zapachowe. W naszych lasach <a class=\"mh-excerpt-more\" href=\"http:\/\/spp3.slawno.pl\/?p=2601\" title=\"Pani le\u015bnik z wizyt\u0105 na \u015bwietlicy\">[&#8230;]<\/a><\/p>\n<\/div>","protected":false},"author":2,"featured_media":2604,"comment_status":"closed","ping_status":"open","sticky":false,"template":"","format":"standard","meta":{"footnotes":""},"categories":[8,24],"tags":[],"class_list":["post-2601","post","type-post","status-publish","format-standard","has-post-thumbnail","hentry","category-wydarzenia","category-zajecia-na-swietlicy-szkolnej"],"_links":{"self":[{"href":"http:\/\/spp3.slawno.pl\/index.php?rest_route=\/wp\/v2\/posts\/2601"}],"collection":[{"href":"http:\/\/spp3.slawno.pl\/index.php?rest_route=\/wp\/v2\/posts"}],"about":[{"href":"http:\/\/spp3.slawno.pl\/index.php?rest_route=\/wp\/v2\/types\/post"}],"author":[{"embeddable":true,"href":"http:\/\/spp3.slawno.pl\/index.php?rest_route=\/wp\/v2\/users\/2"}],"replies":[{"embeddable":true,"href":"http:\/\/spp3.slawno.pl\/index.php?rest_route=%2Fwp%2Fv2%2Fcomments&post=2601"}],"version-history":[{"count":1,"href":"http:\/\/spp3.slawno.pl\/index.php?rest_route=\/wp\/v2\/posts\/2601\/revisions"}],"predecessor-version":[{"id":2606,"href":"http:\/\/spp3.slawno.pl\/index.php?rest_route=\/wp\/v2\/posts\/2601\/revisions\/2606"}],"wp:featuredmedia":[{"embeddable":true,"href":"http:\/\/spp3.slawno.pl\/index.php?rest_route=\/wp\/v2\/media\/2604"}],"wp:attachment":[{"href":"http:\/\/spp3.slawno.pl\/index.php?rest_route=%2Fwp%2Fv2%2Fmedia&parent=2601"}],"wp:term":[{"taxonomy":"category","embeddable":true,"href":"http:\/\/spp3.slawno.pl\/index.php?rest_route=%2Fwp%2Fv2%2Fcategories&post=2601"},{"taxonomy":"post_tag","embeddable":true,"href":"http:\/\/spp3.slawno.pl\/index.php?rest_route=%2Fwp%2Fv2%2Ftags&post=2601"}],"curies":[{"name":"wp","href":"https:\/\/api.w.org\/{rel}","templated":true}]}}