{"id":2668,"date":"2018-11-07T23:02:37","date_gmt":"2018-11-07T22:02:37","guid":{"rendered":"http:\/\/spp3.slawno.pl\/?p=2668"},"modified":"2018-11-08T23:08:02","modified_gmt":"2018-11-08T22:08:02","slug":"czytanie-utworow-dla-dzieci-z-okazji-odzyskania-niepodleglosci-przez-polske","status":"publish","type":"post","link":"http:\/\/spp3.slawno.pl\/?p=2668","title":{"rendered":"Czytanie utwor\u00f3w dla dzieci z okazji odzyskania niepodleg\u0142o\u015bci przez Polsk\u0119"},"content":{"rendered":"<p>Z okazji rocznicy odzyskania niepodleg\u0142o\u015bci \u2013\u00a0w tym roku\u00a0 na \u015bwietlicy szkolnej\u00a0 czytane s\u0105 dzieciom utwory\u00a0napisane dla dzieci na pocz\u0105tku XX w.<\/p>\n<p><img loading=\"lazy\" decoding=\"async\" class=\"alignnone size-full wp-image-2669\" src=\"http:\/\/spp3.slawno.pl\/wp-content\/uploads\/2018\/11\/Czytanie-utwor\u00f3w.jpg\" alt=\"\" width=\"720\" height=\"540\" srcset=\"http:\/\/spp3.slawno.pl\/wp-content\/uploads\/2018\/11\/Czytanie-utwor\u00f3w.jpg 720w, http:\/\/spp3.slawno.pl\/wp-content\/uploads\/2018\/11\/Czytanie-utwor\u00f3w-300x225.jpg 300w, http:\/\/spp3.slawno.pl\/wp-content\/uploads\/2018\/11\/Czytanie-utwor\u00f3w-678x509.jpg 678w, http:\/\/spp3.slawno.pl\/wp-content\/uploads\/2018\/11\/Czytanie-utwor\u00f3w-326x245.jpg 326w, http:\/\/spp3.slawno.pl\/wp-content\/uploads\/2018\/11\/Czytanie-utwor\u00f3w-80x60.jpg 80w\" sizes=\"(max-width: 720px) 100vw, 720px\" \/> <img loading=\"lazy\" decoding=\"async\" class=\"alignnone size-full wp-image-2670\" src=\"http:\/\/spp3.slawno.pl\/wp-content\/uploads\/2018\/11\/Czytanie-utwor\u00f3w1.jpg\" alt=\"\" width=\"720\" height=\"540\" srcset=\"http:\/\/spp3.slawno.pl\/wp-content\/uploads\/2018\/11\/Czytanie-utwor\u00f3w1.jpg 720w, http:\/\/spp3.slawno.pl\/wp-content\/uploads\/2018\/11\/Czytanie-utwor\u00f3w1-300x225.jpg 300w, http:\/\/spp3.slawno.pl\/wp-content\/uploads\/2018\/11\/Czytanie-utwor\u00f3w1-678x509.jpg 678w, http:\/\/spp3.slawno.pl\/wp-content\/uploads\/2018\/11\/Czytanie-utwor\u00f3w1-326x245.jpg 326w, http:\/\/spp3.slawno.pl\/wp-content\/uploads\/2018\/11\/Czytanie-utwor\u00f3w1-80x60.jpg 80w\" sizes=\"(max-width: 720px) 100vw, 720px\" \/><\/p>\n","protected":false},"excerpt":{"rendered":"<div class=\"mh-excerpt\"><p>Z okazji rocznicy odzyskania niepodleg\u0142o\u015bci \u2013\u00a0w tym roku\u00a0 na \u015bwietlicy szkolnej\u00a0 czytane s\u0105 dzieciom utwory\u00a0napisane dla dzieci na pocz\u0105tku XX w.<\/p>\n<\/div>","protected":false},"author":2,"featured_media":2671,"comment_status":"closed","ping_status":"open","sticky":false,"template":"","format":"standard","meta":{"footnotes":""},"categories":[8,24],"tags":[],"class_list":["post-2668","post","type-post","status-publish","format-standard","has-post-thumbnail","hentry","category-wydarzenia","category-zajecia-na-swietlicy-szkolnej"],"_links":{"self":[{"href":"http:\/\/spp3.slawno.pl\/index.php?rest_route=\/wp\/v2\/posts\/2668"}],"collection":[{"href":"http:\/\/spp3.slawno.pl\/index.php?rest_route=\/wp\/v2\/posts"}],"about":[{"href":"http:\/\/spp3.slawno.pl\/index.php?rest_route=\/wp\/v2\/types\/post"}],"author":[{"embeddable":true,"href":"http:\/\/spp3.slawno.pl\/index.php?rest_route=\/wp\/v2\/users\/2"}],"replies":[{"embeddable":true,"href":"http:\/\/spp3.slawno.pl\/index.php?rest_route=%2Fwp%2Fv2%2Fcomments&post=2668"}],"version-history":[{"count":1,"href":"http:\/\/spp3.slawno.pl\/index.php?rest_route=\/wp\/v2\/posts\/2668\/revisions"}],"predecessor-version":[{"id":2672,"href":"http:\/\/spp3.slawno.pl\/index.php?rest_route=\/wp\/v2\/posts\/2668\/revisions\/2672"}],"wp:featuredmedia":[{"embeddable":true,"href":"http:\/\/spp3.slawno.pl\/index.php?rest_route=\/wp\/v2\/media\/2671"}],"wp:attachment":[{"href":"http:\/\/spp3.slawno.pl\/index.php?rest_route=%2Fwp%2Fv2%2Fmedia&parent=2668"}],"wp:term":[{"taxonomy":"category","embeddable":true,"href":"http:\/\/spp3.slawno.pl\/index.php?rest_route=%2Fwp%2Fv2%2Fcategories&post=2668"},{"taxonomy":"post_tag","embeddable":true,"href":"http:\/\/spp3.slawno.pl\/index.php?rest_route=%2Fwp%2Fv2%2Ftags&post=2668"}],"curies":[{"name":"wp","href":"https:\/\/api.w.org\/{rel}","templated":true}]}}