{"id":2758,"date":"2018-12-03T22:02:41","date_gmt":"2018-12-03T21:02:41","guid":{"rendered":"http:\/\/spp3.slawno.pl\/?p=2758"},"modified":"2018-12-03T22:04:16","modified_gmt":"2018-12-03T21:04:16","slug":"2758","status":"publish","type":"post","link":"http:\/\/spp3.slawno.pl\/?p=2758","title":{"rendered":",,Miko\u0142ajkowe Spotkania&#8221;"},"content":{"rendered":"<p>Klasa 2a pojecha\u0142a do Nowego Teatru w S\u0142upsku na przedstawienie ,,Miko\u0142ajkowe Spotkania&#8221;. By\u0142o cudownie. Mieli\u015bmy okazj\u0119 spotka\u0107 si\u0119 z Miko\u0142ajem, porozmawia\u0107 z aktorami.<\/p>\n<p><img loading=\"lazy\" decoding=\"async\" class=\"alignnone size-full wp-image-2761\" src=\"http:\/\/spp3.slawno.pl\/wp-content\/uploads\/2018\/12\/Miko\u0142ajki-2018b.jpg\" alt=\"\" width=\"826\" height=\"620\" srcset=\"http:\/\/spp3.slawno.pl\/wp-content\/uploads\/2018\/12\/Miko\u0142ajki-2018b.jpg 826w, http:\/\/spp3.slawno.pl\/wp-content\/uploads\/2018\/12\/Miko\u0142ajki-2018b-300x225.jpg 300w, http:\/\/spp3.slawno.pl\/wp-content\/uploads\/2018\/12\/Miko\u0142ajki-2018b-768x576.jpg 768w, http:\/\/spp3.slawno.pl\/wp-content\/uploads\/2018\/12\/Miko\u0142ajki-2018b-678x509.jpg 678w, http:\/\/spp3.slawno.pl\/wp-content\/uploads\/2018\/12\/Miko\u0142ajki-2018b-326x245.jpg 326w, http:\/\/spp3.slawno.pl\/wp-content\/uploads\/2018\/12\/Miko\u0142ajki-2018b-80x60.jpg 80w\" sizes=\"(max-width: 826px) 100vw, 826px\" \/><\/p>\n<p><img loading=\"lazy\" decoding=\"async\" class=\"alignnone size-full wp-image-2759\" src=\"http:\/\/spp3.slawno.pl\/wp-content\/uploads\/2018\/12\/Miko\u0142ajki-2018.jpg\" alt=\"\" width=\"620\" height=\"826\" srcset=\"http:\/\/spp3.slawno.pl\/wp-content\/uploads\/2018\/12\/Miko\u0142ajki-2018.jpg 620w, http:\/\/spp3.slawno.pl\/wp-content\/uploads\/2018\/12\/Miko\u0142ajki-2018-225x300.jpg 225w\" sizes=\"(max-width: 620px) 100vw, 620px\" \/><\/p>\n<p>&nbsp;<\/p>\n","protected":false},"excerpt":{"rendered":"<div class=\"mh-excerpt\"><p>Klasa 2a pojecha\u0142a do Nowego Teatru w S\u0142upsku na przedstawienie ,,Miko\u0142ajkowe Spotkania&#8221;. By\u0142o cudownie. Mieli\u015bmy okazj\u0119 spotka\u0107 si\u0119 z Miko\u0142ajem, porozmawia\u0107 z aktorami. &nbsp;<\/p>\n<\/div>","protected":false},"author":2,"featured_media":2760,"comment_status":"closed","ping_status":"open","sticky":false,"template":"","format":"standard","meta":{"footnotes":""},"categories":[22,8],"tags":[],"class_list":["post-2758","post","type-post","status-publish","format-standard","has-post-thumbnail","hentry","category-lekcje-w-naszej-szkole-nie-sa-nudne","category-wydarzenia"],"_links":{"self":[{"href":"http:\/\/spp3.slawno.pl\/index.php?rest_route=\/wp\/v2\/posts\/2758"}],"collection":[{"href":"http:\/\/spp3.slawno.pl\/index.php?rest_route=\/wp\/v2\/posts"}],"about":[{"href":"http:\/\/spp3.slawno.pl\/index.php?rest_route=\/wp\/v2\/types\/post"}],"author":[{"embeddable":true,"href":"http:\/\/spp3.slawno.pl\/index.php?rest_route=\/wp\/v2\/users\/2"}],"replies":[{"embeddable":true,"href":"http:\/\/spp3.slawno.pl\/index.php?rest_route=%2Fwp%2Fv2%2Fcomments&post=2758"}],"version-history":[{"count":2,"href":"http:\/\/spp3.slawno.pl\/index.php?rest_route=\/wp\/v2\/posts\/2758\/revisions"}],"predecessor-version":[{"id":2763,"href":"http:\/\/spp3.slawno.pl\/index.php?rest_route=\/wp\/v2\/posts\/2758\/revisions\/2763"}],"wp:featuredmedia":[{"embeddable":true,"href":"http:\/\/spp3.slawno.pl\/index.php?rest_route=\/wp\/v2\/media\/2760"}],"wp:attachment":[{"href":"http:\/\/spp3.slawno.pl\/index.php?rest_route=%2Fwp%2Fv2%2Fmedia&parent=2758"}],"wp:term":[{"taxonomy":"category","embeddable":true,"href":"http:\/\/spp3.slawno.pl\/index.php?rest_route=%2Fwp%2Fv2%2Fcategories&post=2758"},{"taxonomy":"post_tag","embeddable":true,"href":"http:\/\/spp3.slawno.pl\/index.php?rest_route=%2Fwp%2Fv2%2Ftags&post=2758"}],"curies":[{"name":"wp","href":"https:\/\/api.w.org\/{rel}","templated":true}]}}