{"id":2764,"date":"2018-12-04T16:14:22","date_gmt":"2018-12-04T15:14:22","guid":{"rendered":"http:\/\/spp3.slawno.pl\/?p=2764"},"modified":"2018-12-04T16:14:22","modified_gmt":"2018-12-04T15:14:22","slug":"narodowy-program-rozwoju-czytelnictwa-2","status":"publish","type":"post","link":"http:\/\/spp3.slawno.pl\/?p=2764","title":{"rendered":"Narodowy Program Rozwoju Czytelnictwa"},"content":{"rendered":"<p>\u015awi\u0119ta tu\u017c, tu\u017c&#8230;.W ramach Narodowego Programu Rozwoju Czytelnictwa klasa II a i III wybra\u0142y s\u00ec\u0119 do Bibliteki Publicznej Miejskiej, aby wys\u0142ucha\u0107 \u015bwi\u0105tecznych bajek czytanych przez pracownik\u00f3w biblioteki.<\/p>\n<p><img loading=\"lazy\" decoding=\"async\" class=\"alignnone size-full wp-image-2767\" src=\"http:\/\/spp3.slawno.pl\/wp-content\/uploads\/2018\/12\/Narodowy-Program-Rozwoju-Czytelnictwab.jpg\" alt=\"\" width=\"826\" height=\"620\" srcset=\"http:\/\/spp3.slawno.pl\/wp-content\/uploads\/2018\/12\/Narodowy-Program-Rozwoju-Czytelnictwab.jpg 826w, http:\/\/spp3.slawno.pl\/wp-content\/uploads\/2018\/12\/Narodowy-Program-Rozwoju-Czytelnictwab-300x225.jpg 300w, http:\/\/spp3.slawno.pl\/wp-content\/uploads\/2018\/12\/Narodowy-Program-Rozwoju-Czytelnictwab-768x576.jpg 768w, http:\/\/spp3.slawno.pl\/wp-content\/uploads\/2018\/12\/Narodowy-Program-Rozwoju-Czytelnictwab-678x509.jpg 678w, http:\/\/spp3.slawno.pl\/wp-content\/uploads\/2018\/12\/Narodowy-Program-Rozwoju-Czytelnictwab-326x245.jpg 326w, http:\/\/spp3.slawno.pl\/wp-content\/uploads\/2018\/12\/Narodowy-Program-Rozwoju-Czytelnictwab-80x60.jpg 80w\" sizes=\"(max-width: 826px) 100vw, 826px\" \/><\/p>\n<p><img loading=\"lazy\" decoding=\"async\" class=\"alignnone size-full wp-image-2765\" src=\"http:\/\/spp3.slawno.pl\/wp-content\/uploads\/2018\/12\/Narodowy-Program-Rozwoju-Czytelnictwa.jpg\" alt=\"\" width=\"826\" height=\"620\" srcset=\"http:\/\/spp3.slawno.pl\/wp-content\/uploads\/2018\/12\/Narodowy-Program-Rozwoju-Czytelnictwa.jpg 826w, http:\/\/spp3.slawno.pl\/wp-content\/uploads\/2018\/12\/Narodowy-Program-Rozwoju-Czytelnictwa-300x225.jpg 300w, http:\/\/spp3.slawno.pl\/wp-content\/uploads\/2018\/12\/Narodowy-Program-Rozwoju-Czytelnictwa-768x576.jpg 768w, http:\/\/spp3.slawno.pl\/wp-content\/uploads\/2018\/12\/Narodowy-Program-Rozwoju-Czytelnictwa-678x509.jpg 678w, http:\/\/spp3.slawno.pl\/wp-content\/uploads\/2018\/12\/Narodowy-Program-Rozwoju-Czytelnictwa-326x245.jpg 326w, http:\/\/spp3.slawno.pl\/wp-content\/uploads\/2018\/12\/Narodowy-Program-Rozwoju-Czytelnictwa-80x60.jpg 80w\" sizes=\"(max-width: 826px) 100vw, 826px\" \/><\/p>\n","protected":false},"excerpt":{"rendered":"<div class=\"mh-excerpt\"><p>\u015awi\u0119ta tu\u017c, tu\u017c&#8230;.W ramach Narodowego Programu Rozwoju Czytelnictwa klasa II a i III wybra\u0142y s\u00ec\u0119 do Bibliteki Publicznej Miejskiej, aby wys\u0142ucha\u0107 \u015bwi\u0105tecznych bajek czytanych przez <a class=\"mh-excerpt-more\" href=\"http:\/\/spp3.slawno.pl\/?p=2764\" title=\"Narodowy Program Rozwoju Czytelnictwa\">[&#8230;]<\/a><\/p>\n<\/div>","protected":false},"author":2,"featured_media":2766,"comment_status":"closed","ping_status":"open","sticky":false,"template":"","format":"standard","meta":{"footnotes":""},"categories":[22,8],"tags":[],"class_list":["post-2764","post","type-post","status-publish","format-standard","has-post-thumbnail","hentry","category-lekcje-w-naszej-szkole-nie-sa-nudne","category-wydarzenia"],"_links":{"self":[{"href":"http:\/\/spp3.slawno.pl\/index.php?rest_route=\/wp\/v2\/posts\/2764"}],"collection":[{"href":"http:\/\/spp3.slawno.pl\/index.php?rest_route=\/wp\/v2\/posts"}],"about":[{"href":"http:\/\/spp3.slawno.pl\/index.php?rest_route=\/wp\/v2\/types\/post"}],"author":[{"embeddable":true,"href":"http:\/\/spp3.slawno.pl\/index.php?rest_route=\/wp\/v2\/users\/2"}],"replies":[{"embeddable":true,"href":"http:\/\/spp3.slawno.pl\/index.php?rest_route=%2Fwp%2Fv2%2Fcomments&post=2764"}],"version-history":[{"count":1,"href":"http:\/\/spp3.slawno.pl\/index.php?rest_route=\/wp\/v2\/posts\/2764\/revisions"}],"predecessor-version":[{"id":2768,"href":"http:\/\/spp3.slawno.pl\/index.php?rest_route=\/wp\/v2\/posts\/2764\/revisions\/2768"}],"wp:featuredmedia":[{"embeddable":true,"href":"http:\/\/spp3.slawno.pl\/index.php?rest_route=\/wp\/v2\/media\/2766"}],"wp:attachment":[{"href":"http:\/\/spp3.slawno.pl\/index.php?rest_route=%2Fwp%2Fv2%2Fmedia&parent=2764"}],"wp:term":[{"taxonomy":"category","embeddable":true,"href":"http:\/\/spp3.slawno.pl\/index.php?rest_route=%2Fwp%2Fv2%2Fcategories&post=2764"},{"taxonomy":"post_tag","embeddable":true,"href":"http:\/\/spp3.slawno.pl\/index.php?rest_route=%2Fwp%2Fv2%2Ftags&post=2764"}],"curies":[{"name":"wp","href":"https:\/\/api.w.org\/{rel}","templated":true}]}}