{"id":2770,"date":"2018-12-08T17:55:42","date_gmt":"2018-12-08T16:55:42","guid":{"rendered":"http:\/\/spp3.slawno.pl\/?p=2770"},"modified":"2018-12-08T17:55:42","modified_gmt":"2018-12-08T16:55:42","slug":"mikolajki-w-naszej-szkole","status":"publish","type":"post","link":"http:\/\/spp3.slawno.pl\/?p=2770","title":{"rendered":"Miko\u0142ajki w naszej szkole"},"content":{"rendered":"<p>Dzisiaj, 6 grudnia w klasie II a by\u0142 Miko\u0142aj. Ka\u017cdy z nas\u00a0 dosta\u0142 prezent. O pani te\u017c pami\u0119ta\u0142. By\u0142o mi\u0142o i nastrojowo. Czuli\u015bmy, \u017ce \u015bwi\u0119ta tu\u017c, tu\u017c.<\/p>\n<p><img loading=\"lazy\" decoding=\"async\" class=\"alignnone size-full wp-image-2771\" src=\"http:\/\/spp3.slawno.pl\/wp-content\/uploads\/2018\/12\/Miko\u0142ajki.jpg\" alt=\"\" width=\"620\" height=\"465\" srcset=\"http:\/\/spp3.slawno.pl\/wp-content\/uploads\/2018\/12\/Miko\u0142ajki.jpg 620w, http:\/\/spp3.slawno.pl\/wp-content\/uploads\/2018\/12\/Miko\u0142ajki-300x225.jpg 300w, http:\/\/spp3.slawno.pl\/wp-content\/uploads\/2018\/12\/Miko\u0142ajki-326x245.jpg 326w, http:\/\/spp3.slawno.pl\/wp-content\/uploads\/2018\/12\/Miko\u0142ajki-80x60.jpg 80w\" sizes=\"(max-width: 620px) 100vw, 620px\" \/><\/p>\n","protected":false},"excerpt":{"rendered":"<div class=\"mh-excerpt\"><p>Dzisiaj, 6 grudnia w klasie II a by\u0142 Miko\u0142aj. Ka\u017cdy z nas\u00a0 dosta\u0142 prezent. O pani te\u017c pami\u0119ta\u0142. By\u0142o mi\u0142o i nastrojowo. Czuli\u015bmy, \u017ce \u015bwi\u0119ta <a class=\"mh-excerpt-more\" href=\"http:\/\/spp3.slawno.pl\/?p=2770\" title=\"Miko\u0142ajki w naszej szkole\">[&#8230;]<\/a><\/p>\n<\/div>","protected":false},"author":2,"featured_media":2771,"comment_status":"closed","ping_status":"open","sticky":false,"template":"","format":"standard","meta":{"footnotes":""},"categories":[8],"tags":[],"class_list":["post-2770","post","type-post","status-publish","format-standard","has-post-thumbnail","hentry","category-wydarzenia"],"_links":{"self":[{"href":"http:\/\/spp3.slawno.pl\/index.php?rest_route=\/wp\/v2\/posts\/2770"}],"collection":[{"href":"http:\/\/spp3.slawno.pl\/index.php?rest_route=\/wp\/v2\/posts"}],"about":[{"href":"http:\/\/spp3.slawno.pl\/index.php?rest_route=\/wp\/v2\/types\/post"}],"author":[{"embeddable":true,"href":"http:\/\/spp3.slawno.pl\/index.php?rest_route=\/wp\/v2\/users\/2"}],"replies":[{"embeddable":true,"href":"http:\/\/spp3.slawno.pl\/index.php?rest_route=%2Fwp%2Fv2%2Fcomments&post=2770"}],"version-history":[{"count":1,"href":"http:\/\/spp3.slawno.pl\/index.php?rest_route=\/wp\/v2\/posts\/2770\/revisions"}],"predecessor-version":[{"id":2772,"href":"http:\/\/spp3.slawno.pl\/index.php?rest_route=\/wp\/v2\/posts\/2770\/revisions\/2772"}],"wp:featuredmedia":[{"embeddable":true,"href":"http:\/\/spp3.slawno.pl\/index.php?rest_route=\/wp\/v2\/media\/2771"}],"wp:attachment":[{"href":"http:\/\/spp3.slawno.pl\/index.php?rest_route=%2Fwp%2Fv2%2Fmedia&parent=2770"}],"wp:term":[{"taxonomy":"category","embeddable":true,"href":"http:\/\/spp3.slawno.pl\/index.php?rest_route=%2Fwp%2Fv2%2Fcategories&post=2770"},{"taxonomy":"post_tag","embeddable":true,"href":"http:\/\/spp3.slawno.pl\/index.php?rest_route=%2Fwp%2Fv2%2Ftags&post=2770"}],"curies":[{"name":"wp","href":"https:\/\/api.w.org\/{rel}","templated":true}]}}