{"id":2773,"date":"2018-12-08T18:00:25","date_gmt":"2018-12-08T17:00:25","guid":{"rendered":"http:\/\/spp3.slawno.pl\/?p=2773"},"modified":"2018-12-08T18:01:29","modified_gmt":"2018-12-08T17:01:29","slug":"i-slawienski-konkurs-piosenki-zimowej-i-koled","status":"publish","type":"post","link":"http:\/\/spp3.slawno.pl\/?p=2773","title":{"rendered":"I S\u0141AWIE\u0143SKI KONKURS  PIOSENKI ZIMOWEJ I KOL\u0118D"},"content":{"rendered":"<p><img loading=\"lazy\" decoding=\"async\" class=\"alignnone size-full wp-image-2774\" src=\"http:\/\/spp3.slawno.pl\/wp-content\/uploads\/2018\/12\/Konkurs-kol\u0119d.png\" alt=\"\" width=\"650\" height=\"423\" srcset=\"http:\/\/spp3.slawno.pl\/wp-content\/uploads\/2018\/12\/Konkurs-kol\u0119d.png 650w, http:\/\/spp3.slawno.pl\/wp-content\/uploads\/2018\/12\/Konkurs-kol\u0119d-300x195.png 300w\" sizes=\"(max-width: 650px) 100vw, 650px\" \/><\/p>\n<p align=\"CENTER\"><span style=\"font-size: xx-large;\"><u><b>I S\u0141AWIE\u0143SKI KONKURS <\/b><\/u><\/span><\/p>\n<p align=\"CENTER\"><span style=\"font-size: xx-large;\"><u><b>PIOSENKI ZIMOWEJ I KOL\u0118D <\/b><\/u><\/span><\/p>\n<p align=\"CENTER\"><span style=\"font-size: xx-large;\"><u><b>W J\u0118ZYKU ANGIELSKIM<\/b><\/u><\/span><\/p>\n<p align=\"CENTER\"><u>\u201e<span style=\"font-size: xx-large;\"><i><b>MERRY CHRISTMAS\u201d<\/b><\/i><\/span><\/u><\/p>\n<p align=\"CENTER\"><span style=\"color: #ce181e;\"><span style=\"font-size: xx-large;\"><i><u><b>DLA PRZEDSZKOLI <\/b><\/u><\/i><\/span><\/span><\/p>\n<p align=\"CENTER\"><span style=\"color: #ce181e;\"><span style=\"font-size: xx-large;\"><i><u><b>I SZK\u00d3\u0141 PODSTAWOWYCH<\/b><\/u><\/i><\/span><\/span><\/p>\n<p align=\"CENTER\"><span style=\"font-size: x-large;\"><u><b>Organizator: Szko\u0142a Podstawowa Nr 3 w S\u0142awnie<\/b><\/u><\/span><\/p>\n<p align=\"CENTER\">\n<p align=\"CENTER\">\n<p align=\"CENTER\"><span style=\"font-size: x-large;\"><u><b>SZKO\u0141A PODSTAWOWA NR 3 W S\u0141AWNIE<\/b><\/u><\/span><\/p>\n<p align=\"CENTER\"><span style=\"font-size: x-large;\"><b>zaprasza <\/b><\/span><\/p>\n<p align=\"CENTER\"><span style=\"color: #ce181e;\"><span style=\"font-size: x-large;\"><u><b>przedszkolaki oraz uczni\u00f3w szk\u00f3\u0142 podstawowych<\/b><\/u><\/span><\/span><\/p>\n<p align=\"CENTER\"><span style=\"font-size: x-large;\"><b>na <\/b><\/span><\/p>\n<p align=\"CENTER\"><span style=\"font-size: x-large;\"><b>I S\u0142awie\u0144ski Konkurs Piosenki Zimowej i Kol\u0119d <\/b><\/span><\/p>\n<p align=\"CENTER\"><span style=\"font-size: x-large;\"><b>w J\u0119zyku Angielskim<\/b><\/span><\/p>\n<p align=\"CENTER\">\u201e<span style=\"font-size: x-large;\"><b><i>Merry Christmas\u201d<\/i><\/b><\/span><\/p>\n<p align=\"CENTER\"><span style=\"color: #ce181e;\"><span style=\"font-size: x-large;\"><b>dla przedszkoli i szk\u00f3\u0142 podstawowych<\/b><\/span><\/span><\/p>\n<p align=\"LEFT\"><span style=\"font-size: large;\"><b>Cel konkursu: <\/b><\/span><\/p>\n<ul>\n<li>\n<p align=\"LEFT\"><span style=\"font-size: large;\">motywowanie dzieci i uczni\u00f3w do nauki j\u0119zyk\u00f3w obcych w ciekawy i przyjemny spos\u00f3b, budzenie i rozwijanie zainteresowa\u0144 tym j\u0119zykiem. <\/span><\/p>\n<\/li>\n<\/ul>\n<ul>\n<li>\n<p align=\"LEFT\"><span style=\"font-size: large;\">mo\u017cliwo\u015b\u0107 konfrontacji i wymiany do\u015bwiadcze\u0144 <\/span><\/p>\n<\/li>\n<\/ul>\n<ul>\n<li>\n<p align=\"LEFT\"><span style=\"font-size: large;\">zainteresowanie dzieci i m\u0142odzie\u017cy dzia\u0142alno\u015bci\u0105 artystyczn\u0105<\/span><\/p>\n<\/li>\n<\/ul>\n<ul>\n<li>\n<p align=\"LEFT\"><span style=\"font-size: large;\">integracja dzieci i nauczycieli plac\u00f3wek o\u015bwiatowych na terenie S\u0142awna.<\/span><\/p>\n<\/li>\n<\/ul>\n<ul>\n<li>\n<p align=\"LEFT\"><span style=\"font-size: large;\">przygotowanie dzieci i uczni\u00f3w do publicznych wyst\u0105pie\u0144 (przezwyci\u0119\u017cenie stresu, umiej\u0119tno\u015b\u0107 zachowania si\u0119 na scenie, budzenie wiary we w\u0142asne si\u0142y i talent). <\/span><\/p>\n<\/li>\n<\/ul>\n<ul>\n<li>\n<p align=\"LEFT\"><span style=\"font-size: large;\">rozwijanie uzdolnie\u0144 oraz umiej\u0119tno\u015bci j\u0119zykowych<\/span><\/p>\n<\/li>\n<li>\n<p align=\"LEFT\"><span style=\"font-size: large;\">promocja nowych talent\u00f3w. <\/span><\/p>\n<\/li>\n<\/ul>\n<p align=\"LEFT\"><span style=\"font-size: large;\"><b>ZASADY UCZESTNICTWA <\/b><\/span><\/p>\n<p align=\"LEFT\"><span style=\"font-size: large;\">1. Ka\u017cda plac\u00f3wka mo\u017ce zg\u0142osi\u0107 3 kandydat\u00f3w w danej kategorii. <\/span><\/p>\n<p align=\"LEFT\"><span style=\"font-size: large;\">2. W konkursie mog\u0105 wzi\u0105\u0107 udzia\u0142 soli\u015bci, zespo\u0142y wokalne i wokalno-instrumentalne, przy czym liczba uczestnik\u00f3w w grupie nie mo\u017ce przekracza\u0107 5 os\u00f3b.<\/span><\/p>\n<p align=\"LEFT\"><span style=\"font-size: large;\">3. Warunkiem zakwalifikowania si\u0119 do konkursu jest prawid\u0142owo wype\u0142niony formularz zg\u0142oszeniowy dostarczony na adres szko\u0142y lub przes\u0142any mailem wraz z podk\u0142adem do dnia 14 grudnia z dopiskiem w temacie: \u201eKonkurs kol\u0119d\u201d &#8211; <\/span><strong><span style=\"color: #000000;\"><span style=\"font-family: 'Open Sans', Helvetica, Arial, sans-serif;\"><span style=\"font-size: small;\"><b>sekretariat@sp3.slawno.pl<\/b><\/span><\/span><\/span><\/strong><\/p>\n<p align=\"LEFT\"><span style=\"font-size: large;\">4. Konkurs odb\u0119dzie si\u0119 w nast\u0119puj\u0105cych kategoriach wiekowych:<\/span><\/p>\n<p align=\"LEFT\"><span style=\"font-size: large;\">przedszkolaki<\/span><\/p>\n<ul>\n<li>\n<p align=\"LEFT\"><span style=\"font-size: large;\">soli\u015bci,<\/span><\/p>\n<\/li>\n<li>\n<p align=\"LEFT\"><span style=\"font-size: large;\">zespo\u0142y<\/span><\/p>\n<\/li>\n<\/ul>\n<p align=\"LEFT\"><span style=\"font-size: large;\">klasy I- III<\/span><\/p>\n<ul>\n<li>\n<p align=\"LEFT\"><span style=\"font-size: large;\">soli\u015bci,<\/span><\/p>\n<\/li>\n<li>\n<p align=\"LEFT\"><span style=\"font-size: large;\">zespo\u0142y<\/span><\/p>\n<\/li>\n<\/ul>\n<p align=\"LEFT\"><span style=\"font-size: large;\">klasy IV- VIII<\/span><\/p>\n<ul>\n<li>\n<p align=\"LEFT\"><span style=\"font-size: large;\">soli\u015bci,<\/span><\/p>\n<\/li>\n<li>\n<p align=\"LEFT\"><span style=\"font-size: large;\">zespo\u0142y<\/span><\/p>\n<\/li>\n<\/ul>\n<p align=\"LEFT\"><span style=\"font-size: large;\">5. Uczestnicy wykonuj\u0105 1 dowolnie wybrany utw\u00f3r zgodnie z za\u0142o\u017ceniami konkursu.<\/span><\/p>\n<p align=\"LEFT\"><span style=\"font-size: large;\">Czas wyst\u0119pu nie mo\u017ce przekroczy\u0107 5 minut .<\/span><\/p>\n<p align=\"LEFT\"><span style=\"font-size: large;\">6. Organizator przewiduje nagrody i dyplomy dla zdobywc\u00f3w 1-3 miejsca oraz dyplomy dla wszystkich uczestnik\u00f3w konkursu.<\/span><\/p>\n<p align=\"LEFT\"><span style=\"font-size: large;\">7. Zg\u0142oszenie jest r\u00f3wnowa\u017cne ze zgod\u0105 na przetwarzanie danych osobowych uczestnik\u00f3w w celu zamieszczenia w Internecie listy laureat\u00f3w, wykorzystanie zdj\u0119\u0107 lub nagra\u0144 na stronie internetowej szko\u0142y.<\/span><\/p>\n<p align=\"LEFT\"><span style=\"font-size: large;\">8. Koncert, wr\u0119czenie nagr\u00f3d i dyplom\u00f3w odb\u0119dzie si\u0119 dnia 16 stycznia 2019r. W S\u0142awie\u0144skim Domu Kultury o godz.9:00<\/span><\/p>\n<p align=\"LEFT\"><span style=\"font-size: large;\">9. Informacje dotycz\u0105ce konkursu mo\u017cna uzyska\u0107 u organizatora konkursu (Dorota Lesner-Kufel \u2013 nauczyciel j.angielskiego w SP nr 3; adres email: dorota_lesner@wp.pl<\/span><\/p>\n<p align=\"LEFT\"><span style=\"font-size: large;\">10. Zg\u0142oszenia do konkursu przyjmowane s\u0105 do 17 grudnia 2018r. Uczestnicy proszeni s\u0105 o dor\u0119czenie do sekretariatu SP nr 3: 1. karty zg\u0142oszenia, 2. tekstu wykonywanego utworu, 3. podk\u0142adu muzycznego CD. Prosimy o podpisanie p\u0142yty CD imieniem i nazwiskiem wykonawcy, nazw\u0105 instytucji i tytu\u0142em utworu. <\/span><\/p>\n<p align=\"LEFT\"><span style=\"font-size: large;\"><b>KRYTERIA OCENY <\/b><\/span><\/p>\n<p align=\"LEFT\"><span style=\"font-size: large;\">1. Oceny prezentacji konkursowych dokonuje Jury powo\u0142ane przez organizatora konkursu.<\/span><\/p>\n<p align=\"LEFT\"><span style=\"font-size: large;\">2. Dokonuj\u0105c oceny Jury bierze pod uwag\u0119: muzykalno\u015b\u0107 i warunki g\u0142osowe wykonawc\u00f3w, poprawno\u015b\u0107 j\u0119zykow\u0105, warto\u015b\u0107 artystyczn\u0105 prezentacji, wszelkie elementy, kt\u00f3re dodatkowo wzbogac\u0105 wyst\u0119p (stroje, rekwizyty, dekoracje, instrumenty, scenki tematyczne, itp.).<\/span><\/p>\n<p align=\"LEFT\"><span style=\"font-size: large;\">Organizator zastrzega sobie mo\u017cliwo\u015b\u0107 zmiany punkt\u00f3w regulaminu ze wzgl\u0119du na zdarzenia losowe. <\/span><\/p>\n<p align=\"LEFT\"><span style=\"font-size: large;\">Sprawy nie uj\u0119te w regulaminie oraz sporne rozstrzyga Organizator Konkursu. <\/span><\/p>\n","protected":false},"excerpt":{"rendered":"<div class=\"mh-excerpt\"><p>I S\u0141AWIE\u0143SKI KONKURS PIOSENKI ZIMOWEJ I KOL\u0118D W J\u0118ZYKU ANGIELSKIM \u201eMERRY CHRISTMAS\u201d DLA PRZEDSZKOLI I SZK\u00d3\u0141 PODSTAWOWYCH Organizator: Szko\u0142a Podstawowa Nr 3 w S\u0142awnie SZKO\u0141A <a class=\"mh-excerpt-more\" href=\"http:\/\/spp3.slawno.pl\/?p=2773\" title=\"I S\u0141AWIE\u0143SKI KONKURS  PIOSENKI ZIMOWEJ I KOL\u0118D\">[&#8230;]<\/a><\/p>\n<\/div>","protected":false},"author":2,"featured_media":2774,"comment_status":"closed","ping_status":"open","sticky":false,"template":"","format":"standard","meta":{"footnotes":""},"categories":[7,8],"tags":[],"class_list":["post-2773","post","type-post","status-publish","format-standard","has-post-thumbnail","hentry","category-konkursy","category-wydarzenia"],"_links":{"self":[{"href":"http:\/\/spp3.slawno.pl\/index.php?rest_route=\/wp\/v2\/posts\/2773"}],"collection":[{"href":"http:\/\/spp3.slawno.pl\/index.php?rest_route=\/wp\/v2\/posts"}],"about":[{"href":"http:\/\/spp3.slawno.pl\/index.php?rest_route=\/wp\/v2\/types\/post"}],"author":[{"embeddable":true,"href":"http:\/\/spp3.slawno.pl\/index.php?rest_route=\/wp\/v2\/users\/2"}],"replies":[{"embeddable":true,"href":"http:\/\/spp3.slawno.pl\/index.php?rest_route=%2Fwp%2Fv2%2Fcomments&post=2773"}],"version-history":[{"count":2,"href":"http:\/\/spp3.slawno.pl\/index.php?rest_route=\/wp\/v2\/posts\/2773\/revisions"}],"predecessor-version":[{"id":2776,"href":"http:\/\/spp3.slawno.pl\/index.php?rest_route=\/wp\/v2\/posts\/2773\/revisions\/2776"}],"wp:featuredmedia":[{"embeddable":true,"href":"http:\/\/spp3.slawno.pl\/index.php?rest_route=\/wp\/v2\/media\/2774"}],"wp:attachment":[{"href":"http:\/\/spp3.slawno.pl\/index.php?rest_route=%2Fwp%2Fv2%2Fmedia&parent=2773"}],"wp:term":[{"taxonomy":"category","embeddable":true,"href":"http:\/\/spp3.slawno.pl\/index.php?rest_route=%2Fwp%2Fv2%2Fcategories&post=2773"},{"taxonomy":"post_tag","embeddable":true,"href":"http:\/\/spp3.slawno.pl\/index.php?rest_route=%2Fwp%2Fv2%2Ftags&post=2773"}],"curies":[{"name":"wp","href":"https:\/\/api.w.org\/{rel}","templated":true}]}}