{"id":2777,"date":"2018-12-11T19:02:03","date_gmt":"2018-12-11T18:02:03","guid":{"rendered":"http:\/\/spp3.slawno.pl\/?p=2777"},"modified":"2018-12-11T20:42:45","modified_gmt":"2018-12-11T19:42:45","slug":"pieczenie-pierniczkow-golikowo","status":"publish","type":"post","link":"http:\/\/spp3.slawno.pl\/?p=2777","title":{"rendered":"Pieczenie pierniczk\u00f3w &#8211; Golikowo"},"content":{"rendered":"<p>11 grudnia klasa 2a by\u0142a na \u015bwi\u0105tecznych warsztatach pieczenia pierniczk\u00f3w w Dworku Golikowo. Mieli\u015bmy okazj\u0119 samodzielnie wykona\u0107 \u015bwi\u0105teczne pierniczki. Jak zwykle by\u0142o wspaniale.<\/p>\n<p><img loading=\"lazy\" decoding=\"async\" class=\"alignnone size-full wp-image-2780\" src=\"http:\/\/spp3.slawno.pl\/wp-content\/uploads\/2018\/12\/Pierniczki-2018a.jpg\" alt=\"\" width=\"826\" height=\"620\" srcset=\"http:\/\/spp3.slawno.pl\/wp-content\/uploads\/2018\/12\/Pierniczki-2018a.jpg 826w, http:\/\/spp3.slawno.pl\/wp-content\/uploads\/2018\/12\/Pierniczki-2018a-300x225.jpg 300w, http:\/\/spp3.slawno.pl\/wp-content\/uploads\/2018\/12\/Pierniczki-2018a-768x576.jpg 768w, http:\/\/spp3.slawno.pl\/wp-content\/uploads\/2018\/12\/Pierniczki-2018a-678x509.jpg 678w, http:\/\/spp3.slawno.pl\/wp-content\/uploads\/2018\/12\/Pierniczki-2018a-326x245.jpg 326w, http:\/\/spp3.slawno.pl\/wp-content\/uploads\/2018\/12\/Pierniczki-2018a-80x60.jpg 80w\" sizes=\"(max-width: 826px) 100vw, 826px\" \/><\/p>\n<p><img loading=\"lazy\" decoding=\"async\" class=\"alignnone size-full wp-image-2782\" src=\"http:\/\/spp3.slawno.pl\/wp-content\/uploads\/2018\/12\/Pierniczki-b.jpg\" alt=\"\" width=\"826\" height=\"620\" srcset=\"http:\/\/spp3.slawno.pl\/wp-content\/uploads\/2018\/12\/Pierniczki-b.jpg 826w, http:\/\/spp3.slawno.pl\/wp-content\/uploads\/2018\/12\/Pierniczki-b-300x225.jpg 300w, http:\/\/spp3.slawno.pl\/wp-content\/uploads\/2018\/12\/Pierniczki-b-768x576.jpg 768w, http:\/\/spp3.slawno.pl\/wp-content\/uploads\/2018\/12\/Pierniczki-b-678x509.jpg 678w, http:\/\/spp3.slawno.pl\/wp-content\/uploads\/2018\/12\/Pierniczki-b-326x245.jpg 326w, http:\/\/spp3.slawno.pl\/wp-content\/uploads\/2018\/12\/Pierniczki-b-80x60.jpg 80w\" sizes=\"(max-width: 826px) 100vw, 826px\" \/> <img loading=\"lazy\" decoding=\"async\" class=\"alignnone size-large wp-image-2783\" src=\"http:\/\/spp3.slawno.pl\/wp-content\/uploads\/2018\/12\/Pierniczki-c.jpg\" alt=\"\" width=\"826\" height=\"620\" srcset=\"http:\/\/spp3.slawno.pl\/wp-content\/uploads\/2018\/12\/Pierniczki-c.jpg 826w, http:\/\/spp3.slawno.pl\/wp-content\/uploads\/2018\/12\/Pierniczki-c-300x225.jpg 300w, http:\/\/spp3.slawno.pl\/wp-content\/uploads\/2018\/12\/Pierniczki-c-768x576.jpg 768w, http:\/\/spp3.slawno.pl\/wp-content\/uploads\/2018\/12\/Pierniczki-c-678x509.jpg 678w, http:\/\/spp3.slawno.pl\/wp-content\/uploads\/2018\/12\/Pierniczki-c-326x245.jpg 326w, http:\/\/spp3.slawno.pl\/wp-content\/uploads\/2018\/12\/Pierniczki-c-80x60.jpg 80w\" sizes=\"(max-width: 826px) 100vw, 826px\" \/> <img loading=\"lazy\" decoding=\"async\" class=\"alignnone size-large wp-image-2784\" src=\"http:\/\/spp3.slawno.pl\/wp-content\/uploads\/2018\/12\/Pierniczki-d.jpg\" alt=\"\" width=\"826\" height=\"620\" srcset=\"http:\/\/spp3.slawno.pl\/wp-content\/uploads\/2018\/12\/Pierniczki-d.jpg 826w, http:\/\/spp3.slawno.pl\/wp-content\/uploads\/2018\/12\/Pierniczki-d-300x225.jpg 300w, http:\/\/spp3.slawno.pl\/wp-content\/uploads\/2018\/12\/Pierniczki-d-768x576.jpg 768w, http:\/\/spp3.slawno.pl\/wp-content\/uploads\/2018\/12\/Pierniczki-d-678x509.jpg 678w, http:\/\/spp3.slawno.pl\/wp-content\/uploads\/2018\/12\/Pierniczki-d-326x245.jpg 326w, http:\/\/spp3.slawno.pl\/wp-content\/uploads\/2018\/12\/Pierniczki-d-80x60.jpg 80w\" sizes=\"(max-width: 826px) 100vw, 826px\" \/> <img loading=\"lazy\" decoding=\"async\" class=\"alignnone size-large wp-image-2786\" src=\"http:\/\/spp3.slawno.pl\/wp-content\/uploads\/2018\/12\/Pierniczki-e.jpg\" alt=\"\" width=\"826\" height=\"620\" srcset=\"http:\/\/spp3.slawno.pl\/wp-content\/uploads\/2018\/12\/Pierniczki-e.jpg 826w, http:\/\/spp3.slawno.pl\/wp-content\/uploads\/2018\/12\/Pierniczki-e-300x225.jpg 300w, http:\/\/spp3.slawno.pl\/wp-content\/uploads\/2018\/12\/Pierniczki-e-768x576.jpg 768w, http:\/\/spp3.slawno.pl\/wp-content\/uploads\/2018\/12\/Pierniczki-e-678x509.jpg 678w, http:\/\/spp3.slawno.pl\/wp-content\/uploads\/2018\/12\/Pierniczki-e-326x245.jpg 326w, http:\/\/spp3.slawno.pl\/wp-content\/uploads\/2018\/12\/Pierniczki-e-80x60.jpg 80w\" sizes=\"(max-width: 826px) 100vw, 826px\" \/> <img loading=\"lazy\" decoding=\"async\" class=\"alignnone size-large wp-image-2787\" src=\"http:\/\/spp3.slawno.pl\/wp-content\/uploads\/2018\/12\/Pierniczki-f.jpg\" alt=\"\" width=\"826\" height=\"620\" srcset=\"http:\/\/spp3.slawno.pl\/wp-content\/uploads\/2018\/12\/Pierniczki-f.jpg 826w, http:\/\/spp3.slawno.pl\/wp-content\/uploads\/2018\/12\/Pierniczki-f-300x225.jpg 300w, http:\/\/spp3.slawno.pl\/wp-content\/uploads\/2018\/12\/Pierniczki-f-768x576.jpg 768w, http:\/\/spp3.slawno.pl\/wp-content\/uploads\/2018\/12\/Pierniczki-f-678x509.jpg 678w, http:\/\/spp3.slawno.pl\/wp-content\/uploads\/2018\/12\/Pierniczki-f-326x245.jpg 326w, http:\/\/spp3.slawno.pl\/wp-content\/uploads\/2018\/12\/Pierniczki-f-80x60.jpg 80w\" sizes=\"(max-width: 826px) 100vw, 826px\" \/> <img loading=\"lazy\" decoding=\"async\" class=\"alignnone size-large wp-image-2788\" src=\"http:\/\/spp3.slawno.pl\/wp-content\/uploads\/2018\/12\/Pierniczki-g.jpg\" alt=\"\" width=\"826\" height=\"620\" srcset=\"http:\/\/spp3.slawno.pl\/wp-content\/uploads\/2018\/12\/Pierniczki-g.jpg 826w, http:\/\/spp3.slawno.pl\/wp-content\/uploads\/2018\/12\/Pierniczki-g-300x225.jpg 300w, http:\/\/spp3.slawno.pl\/wp-content\/uploads\/2018\/12\/Pierniczki-g-768x576.jpg 768w, http:\/\/spp3.slawno.pl\/wp-content\/uploads\/2018\/12\/Pierniczki-g-678x509.jpg 678w, http:\/\/spp3.slawno.pl\/wp-content\/uploads\/2018\/12\/Pierniczki-g-326x245.jpg 326w, http:\/\/spp3.slawno.pl\/wp-content\/uploads\/2018\/12\/Pierniczki-g-80x60.jpg 80w\" sizes=\"(max-width: 826px) 100vw, 826px\" \/> <img loading=\"lazy\" decoding=\"async\" class=\"alignnone size-large wp-image-2789\" src=\"http:\/\/spp3.slawno.pl\/wp-content\/uploads\/2018\/12\/Pierniczki-h.jpg\" alt=\"\" width=\"826\" height=\"620\" srcset=\"http:\/\/spp3.slawno.pl\/wp-content\/uploads\/2018\/12\/Pierniczki-h.jpg 826w, http:\/\/spp3.slawno.pl\/wp-content\/uploads\/2018\/12\/Pierniczki-h-300x225.jpg 300w, http:\/\/spp3.slawno.pl\/wp-content\/uploads\/2018\/12\/Pierniczki-h-768x576.jpg 768w, http:\/\/spp3.slawno.pl\/wp-content\/uploads\/2018\/12\/Pierniczki-h-678x509.jpg 678w, http:\/\/spp3.slawno.pl\/wp-content\/uploads\/2018\/12\/Pierniczki-h-326x245.jpg 326w, http:\/\/spp3.slawno.pl\/wp-content\/uploads\/2018\/12\/Pierniczki-h-80x60.jpg 80w\" sizes=\"(max-width: 826px) 100vw, 826px\" \/> <img loading=\"lazy\" decoding=\"async\" class=\"alignnone size-large wp-image-2790\" src=\"http:\/\/spp3.slawno.pl\/wp-content\/uploads\/2018\/12\/Pierniczki-i.jpg\" alt=\"\" width=\"826\" height=\"620\" srcset=\"http:\/\/spp3.slawno.pl\/wp-content\/uploads\/2018\/12\/Pierniczki-i.jpg 826w, http:\/\/spp3.slawno.pl\/wp-content\/uploads\/2018\/12\/Pierniczki-i-300x225.jpg 300w, http:\/\/spp3.slawno.pl\/wp-content\/uploads\/2018\/12\/Pierniczki-i-768x576.jpg 768w, http:\/\/spp3.slawno.pl\/wp-content\/uploads\/2018\/12\/Pierniczki-i-678x509.jpg 678w, http:\/\/spp3.slawno.pl\/wp-content\/uploads\/2018\/12\/Pierniczki-i-326x245.jpg 326w, http:\/\/spp3.slawno.pl\/wp-content\/uploads\/2018\/12\/Pierniczki-i-80x60.jpg 80w\" sizes=\"(max-width: 826px) 100vw, 826px\" \/><\/p>\n","protected":false},"excerpt":{"rendered":"<div class=\"mh-excerpt\"><p>11 grudnia klasa 2a by\u0142a na \u015bwi\u0105tecznych warsztatach pieczenia pierniczk\u00f3w w Dworku Golikowo. Mieli\u015bmy okazj\u0119 samodzielnie wykona\u0107 \u015bwi\u0105teczne pierniczki. Jak zwykle by\u0142o wspaniale.<\/p>\n<\/div>","protected":false},"author":2,"featured_media":2779,"comment_status":"closed","ping_status":"open","sticky":false,"template":"","format":"standard","meta":{"footnotes":""},"categories":[22,8],"tags":[],"class_list":["post-2777","post","type-post","status-publish","format-standard","has-post-thumbnail","hentry","category-lekcje-w-naszej-szkole-nie-sa-nudne","category-wydarzenia"],"_links":{"self":[{"href":"http:\/\/spp3.slawno.pl\/index.php?rest_route=\/wp\/v2\/posts\/2777"}],"collection":[{"href":"http:\/\/spp3.slawno.pl\/index.php?rest_route=\/wp\/v2\/posts"}],"about":[{"href":"http:\/\/spp3.slawno.pl\/index.php?rest_route=\/wp\/v2\/types\/post"}],"author":[{"embeddable":true,"href":"http:\/\/spp3.slawno.pl\/index.php?rest_route=\/wp\/v2\/users\/2"}],"replies":[{"embeddable":true,"href":"http:\/\/spp3.slawno.pl\/index.php?rest_route=%2Fwp%2Fv2%2Fcomments&post=2777"}],"version-history":[{"count":3,"href":"http:\/\/spp3.slawno.pl\/index.php?rest_route=\/wp\/v2\/posts\/2777\/revisions"}],"predecessor-version":[{"id":2791,"href":"http:\/\/spp3.slawno.pl\/index.php?rest_route=\/wp\/v2\/posts\/2777\/revisions\/2791"}],"wp:featuredmedia":[{"embeddable":true,"href":"http:\/\/spp3.slawno.pl\/index.php?rest_route=\/wp\/v2\/media\/2779"}],"wp:attachment":[{"href":"http:\/\/spp3.slawno.pl\/index.php?rest_route=%2Fwp%2Fv2%2Fmedia&parent=2777"}],"wp:term":[{"taxonomy":"category","embeddable":true,"href":"http:\/\/spp3.slawno.pl\/index.php?rest_route=%2Fwp%2Fv2%2Fcategories&post=2777"},{"taxonomy":"post_tag","embeddable":true,"href":"http:\/\/spp3.slawno.pl\/index.php?rest_route=%2Fwp%2Fv2%2Ftags&post=2777"}],"curies":[{"name":"wp","href":"https:\/\/api.w.org\/{rel}","templated":true}]}}