{"id":2797,"date":"2018-12-13T13:57:21","date_gmt":"2018-12-13T12:57:21","guid":{"rendered":"http:\/\/spp3.slawno.pl\/?p=2797"},"modified":"2018-12-13T13:57:21","modified_gmt":"2018-12-13T12:57:21","slug":"szlachetna-paczka","status":"publish","type":"post","link":"http:\/\/spp3.slawno.pl\/?p=2797","title":{"rendered":"&#8222;Szlachetna paczka&#8221;"},"content":{"rendered":"<p>Po raz kolejny nasza szko\u0142a wzi\u0119\u0142a udzia\u0142 w akcji &#8222;Szlachetna paczka&#8221;.\u00a0 Opiekun Klubu Wolontariatu p. Magdalena Motas-Falkowska przedstawi\u0142a na apelu potrzeby rodziny z Koszalina, kt\u00f3r\u0105 obj\u0119li\u015bmy nasz\u0105 pomoc\u0105. Podczas prezentacji multimedialnej przygotowanej przez Samorz\u0105d Uczniowski uczniowie\u00a0 obejrzeli \u00a0zdj\u0119cia z naszych szkolnych dzia\u0142a\u0144\u00a0 z ubieg\u0142ych lat, dzi\u0119ki czemu dowiedzieli si\u0119, jak pracuj\u0105 wolontariusze. Zawsze ch\u0119tnych do udzia\u0142u w organizowaniu pomocy potrzebuj\u0105cym by\u0142o wielu.<\/p>\n<p>I tym razem r\u00f3wnie\u017c si\u0119 uda\u0142o !!!<\/p>\n<p>Dzi\u0119kujemy wszystkim, kt\u00f3rzy w\u0142\u0105czyli si\u0119 do tej akcji.<\/p>\n<p><img loading=\"lazy\" decoding=\"async\" class=\"alignnone size-full wp-image-2798\" src=\"http:\/\/spp3.slawno.pl\/wp-content\/uploads\/2018\/12\/Szlachetna-paczka.jpg\" alt=\"\" width=\"480\" height=\"640\" srcset=\"http:\/\/spp3.slawno.pl\/wp-content\/uploads\/2018\/12\/Szlachetna-paczka.jpg 480w, http:\/\/spp3.slawno.pl\/wp-content\/uploads\/2018\/12\/Szlachetna-paczka-225x300.jpg 225w\" sizes=\"(max-width: 480px) 100vw, 480px\" \/> <img loading=\"lazy\" decoding=\"async\" class=\"alignnone size-large wp-image-2799\" src=\"http:\/\/spp3.slawno.pl\/wp-content\/uploads\/2018\/12\/Szlachetna-paczka1.jpg\" alt=\"\" width=\"480\" height=\"640\" srcset=\"http:\/\/spp3.slawno.pl\/wp-content\/uploads\/2018\/12\/Szlachetna-paczka1.jpg 480w, http:\/\/spp3.slawno.pl\/wp-content\/uploads\/2018\/12\/Szlachetna-paczka1-225x300.jpg 225w\" sizes=\"(max-width: 480px) 100vw, 480px\" \/> <img loading=\"lazy\" decoding=\"async\" class=\"alignnone size-large wp-image-2800\" src=\"http:\/\/spp3.slawno.pl\/wp-content\/uploads\/2018\/12\/Szlachetna-paczka2.jpg\" alt=\"\" width=\"640\" height=\"480\" srcset=\"http:\/\/spp3.slawno.pl\/wp-content\/uploads\/2018\/12\/Szlachetna-paczka2.jpg 640w, http:\/\/spp3.slawno.pl\/wp-content\/uploads\/2018\/12\/Szlachetna-paczka2-300x225.jpg 300w, http:\/\/spp3.slawno.pl\/wp-content\/uploads\/2018\/12\/Szlachetna-paczka2-326x245.jpg 326w, http:\/\/spp3.slawno.pl\/wp-content\/uploads\/2018\/12\/Szlachetna-paczka2-80x60.jpg 80w\" sizes=\"(max-width: 640px) 100vw, 640px\" \/> <img loading=\"lazy\" decoding=\"async\" class=\"alignnone size-large wp-image-2801\" src=\"http:\/\/spp3.slawno.pl\/wp-content\/uploads\/2018\/12\/Szlachetna-paczka3.jpg\" alt=\"\" width=\"640\" height=\"480\" srcset=\"http:\/\/spp3.slawno.pl\/wp-content\/uploads\/2018\/12\/Szlachetna-paczka3.jpg 640w, http:\/\/spp3.slawno.pl\/wp-content\/uploads\/2018\/12\/Szlachetna-paczka3-300x225.jpg 300w, http:\/\/spp3.slawno.pl\/wp-content\/uploads\/2018\/12\/Szlachetna-paczka3-326x245.jpg 326w, http:\/\/spp3.slawno.pl\/wp-content\/uploads\/2018\/12\/Szlachetna-paczka3-80x60.jpg 80w\" sizes=\"(max-width: 640px) 100vw, 640px\" \/> <img loading=\"lazy\" decoding=\"async\" class=\"alignnone size-large wp-image-2803\" src=\"http:\/\/spp3.slawno.pl\/wp-content\/uploads\/2018\/12\/Szlachetna-paczka5.jpg\" alt=\"\" width=\"372\" height=\"661\" srcset=\"http:\/\/spp3.slawno.pl\/wp-content\/uploads\/2018\/12\/Szlachetna-paczka5.jpg 372w, http:\/\/spp3.slawno.pl\/wp-content\/uploads\/2018\/12\/Szlachetna-paczka5-169x300.jpg 169w\" sizes=\"(max-width: 372px) 100vw, 372px\" \/> <img loading=\"lazy\" decoding=\"async\" class=\"alignnone size-full wp-image-2804\" src=\"http:\/\/spp3.slawno.pl\/wp-content\/uploads\/2018\/12\/Szlachetna-paczka6.jpg\" alt=\"\" width=\"372\" height=\"661\" srcset=\"http:\/\/spp3.slawno.pl\/wp-content\/uploads\/2018\/12\/Szlachetna-paczka6.jpg 372w, http:\/\/spp3.slawno.pl\/wp-content\/uploads\/2018\/12\/Szlachetna-paczka6-169x300.jpg 169w\" sizes=\"(max-width: 372px) 100vw, 372px\" \/><\/p>\n","protected":false},"excerpt":{"rendered":"<div class=\"mh-excerpt\"><p>Po raz kolejny nasza szko\u0142a wzi\u0119\u0142a udzia\u0142 w akcji &#8222;Szlachetna paczka&#8221;.\u00a0 Opiekun Klubu Wolontariatu p. Magdalena Motas-Falkowska przedstawi\u0142a na apelu potrzeby rodziny z Koszalina, kt\u00f3r\u0105 <a class=\"mh-excerpt-more\" href=\"http:\/\/spp3.slawno.pl\/?p=2797\" title=\"&#8222;Szlachetna paczka&#8221;\">[&#8230;]<\/a><\/p>\n<\/div>","protected":false},"author":2,"featured_media":2802,"comment_status":"closed","ping_status":"open","sticky":false,"template":"","format":"standard","meta":{"footnotes":""},"categories":[8],"tags":[],"class_list":["post-2797","post","type-post","status-publish","format-standard","has-post-thumbnail","hentry","category-wydarzenia"],"_links":{"self":[{"href":"http:\/\/spp3.slawno.pl\/index.php?rest_route=\/wp\/v2\/posts\/2797"}],"collection":[{"href":"http:\/\/spp3.slawno.pl\/index.php?rest_route=\/wp\/v2\/posts"}],"about":[{"href":"http:\/\/spp3.slawno.pl\/index.php?rest_route=\/wp\/v2\/types\/post"}],"author":[{"embeddable":true,"href":"http:\/\/spp3.slawno.pl\/index.php?rest_route=\/wp\/v2\/users\/2"}],"replies":[{"embeddable":true,"href":"http:\/\/spp3.slawno.pl\/index.php?rest_route=%2Fwp%2Fv2%2Fcomments&post=2797"}],"version-history":[{"count":1,"href":"http:\/\/spp3.slawno.pl\/index.php?rest_route=\/wp\/v2\/posts\/2797\/revisions"}],"predecessor-version":[{"id":2805,"href":"http:\/\/spp3.slawno.pl\/index.php?rest_route=\/wp\/v2\/posts\/2797\/revisions\/2805"}],"wp:featuredmedia":[{"embeddable":true,"href":"http:\/\/spp3.slawno.pl\/index.php?rest_route=\/wp\/v2\/media\/2802"}],"wp:attachment":[{"href":"http:\/\/spp3.slawno.pl\/index.php?rest_route=%2Fwp%2Fv2%2Fmedia&parent=2797"}],"wp:term":[{"taxonomy":"category","embeddable":true,"href":"http:\/\/spp3.slawno.pl\/index.php?rest_route=%2Fwp%2Fv2%2Fcategories&post=2797"},{"taxonomy":"post_tag","embeddable":true,"href":"http:\/\/spp3.slawno.pl\/index.php?rest_route=%2Fwp%2Fv2%2Ftags&post=2797"}],"curies":[{"name":"wp","href":"https:\/\/api.w.org\/{rel}","templated":true}]}}