{"id":2822,"date":"2018-12-19T20:04:40","date_gmt":"2018-12-19T19:04:40","guid":{"rendered":"http:\/\/spp3.slawno.pl\/?p=2822"},"modified":"2018-12-19T20:04:40","modified_gmt":"2018-12-19T19:04:40","slug":"wigilia-klasy-ii-a","status":"publish","type":"post","link":"http:\/\/spp3.slawno.pl\/?p=2822","title":{"rendered":"Wigilia klasy II a"},"content":{"rendered":"<p>Klasa II a w \u015bwi\u0105tecznym nastroju przygotowa\u0142a Wigili\u0119 klasow\u0105. Przypomnieli\u015bmy sobie tradycje \u015bwi\u0105t, \u015bpiewali\u015bmy kol\u0119dy, a uczniowie umilili nam czas graj\u0105c kol\u0119dy na skrzypcach i gitarze.<\/p>\n<p><img loading=\"lazy\" decoding=\"async\" class=\"alignnone  wp-image-2824\" src=\"http:\/\/spp3.slawno.pl\/wp-content\/uploads\/2018\/12\/wigilia1.jpg\" alt=\"\" width=\"488\" height=\"868\" srcset=\"http:\/\/spp3.slawno.pl\/wp-content\/uploads\/2018\/12\/wigilia1.jpg 324w, http:\/\/spp3.slawno.pl\/wp-content\/uploads\/2018\/12\/wigilia1-169x300.jpg 169w\" sizes=\"(max-width: 488px) 100vw, 488px\" \/><\/p>\n<p><img loading=\"lazy\" decoding=\"async\" class=\"alignnone  wp-image-2825\" src=\"http:\/\/spp3.slawno.pl\/wp-content\/uploads\/2018\/12\/wigilia2.jpg\" alt=\"\" width=\"951\" height=\"713\" srcset=\"http:\/\/spp3.slawno.pl\/wp-content\/uploads\/2018\/12\/wigilia2.jpg 620w, http:\/\/spp3.slawno.pl\/wp-content\/uploads\/2018\/12\/wigilia2-300x225.jpg 300w, http:\/\/spp3.slawno.pl\/wp-content\/uploads\/2018\/12\/wigilia2-326x245.jpg 326w, http:\/\/spp3.slawno.pl\/wp-content\/uploads\/2018\/12\/wigilia2-80x60.jpg 80w\" sizes=\"(max-width: 951px) 100vw, 951px\" \/> <img loading=\"lazy\" decoding=\"async\" class=\"alignnone  wp-image-2826\" src=\"http:\/\/spp3.slawno.pl\/wp-content\/uploads\/2018\/12\/wigilia3.jpg\" alt=\"\" width=\"857\" height=\"643\" srcset=\"http:\/\/spp3.slawno.pl\/wp-content\/uploads\/2018\/12\/wigilia3.jpg 620w, http:\/\/spp3.slawno.pl\/wp-content\/uploads\/2018\/12\/wigilia3-300x225.jpg 300w, http:\/\/spp3.slawno.pl\/wp-content\/uploads\/2018\/12\/wigilia3-326x245.jpg 326w, http:\/\/spp3.slawno.pl\/wp-content\/uploads\/2018\/12\/wigilia3-80x60.jpg 80w\" sizes=\"(max-width: 857px) 100vw, 857px\" \/> <img loading=\"lazy\" decoding=\"async\" class=\"alignnone  wp-image-2827\" src=\"http:\/\/spp3.slawno.pl\/wp-content\/uploads\/2018\/12\/wigilia4.jpg\" alt=\"\" width=\"863\" height=\"647\" srcset=\"http:\/\/spp3.slawno.pl\/wp-content\/uploads\/2018\/12\/wigilia4.jpg 620w, http:\/\/spp3.slawno.pl\/wp-content\/uploads\/2018\/12\/wigilia4-300x225.jpg 300w, http:\/\/spp3.slawno.pl\/wp-content\/uploads\/2018\/12\/wigilia4-326x245.jpg 326w, http:\/\/spp3.slawno.pl\/wp-content\/uploads\/2018\/12\/wigilia4-80x60.jpg 80w\" sizes=\"(max-width: 863px) 100vw, 863px\" \/> <img loading=\"lazy\" decoding=\"async\" class=\"alignnone  wp-image-2828\" src=\"http:\/\/spp3.slawno.pl\/wp-content\/uploads\/2018\/12\/wigilia5.jpg\" alt=\"\" width=\"870\" height=\"652\" srcset=\"http:\/\/spp3.slawno.pl\/wp-content\/uploads\/2018\/12\/wigilia5.jpg 620w, http:\/\/spp3.slawno.pl\/wp-content\/uploads\/2018\/12\/wigilia5-300x225.jpg 300w, http:\/\/spp3.slawno.pl\/wp-content\/uploads\/2018\/12\/wigilia5-326x245.jpg 326w, http:\/\/spp3.slawno.pl\/wp-content\/uploads\/2018\/12\/wigilia5-80x60.jpg 80w\" sizes=\"(max-width: 870px) 100vw, 870px\" \/><\/p>\n","protected":false},"excerpt":{"rendered":"<div class=\"mh-excerpt\"><p>Klasa II a w \u015bwi\u0105tecznym nastroju przygotowa\u0142a Wigili\u0119 klasow\u0105. Przypomnieli\u015bmy sobie tradycje \u015bwi\u0105t, \u015bpiewali\u015bmy kol\u0119dy, a uczniowie umilili nam czas graj\u0105c kol\u0119dy na skrzypcach i <a class=\"mh-excerpt-more\" href=\"http:\/\/spp3.slawno.pl\/?p=2822\" title=\"Wigilia klasy II a\">[&#8230;]<\/a><\/p>\n<\/div>","protected":false},"author":2,"featured_media":2823,"comment_status":"closed","ping_status":"open","sticky":false,"template":"","format":"standard","meta":{"footnotes":""},"categories":[8],"tags":[],"class_list":["post-2822","post","type-post","status-publish","format-standard","has-post-thumbnail","hentry","category-wydarzenia"],"_links":{"self":[{"href":"http:\/\/spp3.slawno.pl\/index.php?rest_route=\/wp\/v2\/posts\/2822"}],"collection":[{"href":"http:\/\/spp3.slawno.pl\/index.php?rest_route=\/wp\/v2\/posts"}],"about":[{"href":"http:\/\/spp3.slawno.pl\/index.php?rest_route=\/wp\/v2\/types\/post"}],"author":[{"embeddable":true,"href":"http:\/\/spp3.slawno.pl\/index.php?rest_route=\/wp\/v2\/users\/2"}],"replies":[{"embeddable":true,"href":"http:\/\/spp3.slawno.pl\/index.php?rest_route=%2Fwp%2Fv2%2Fcomments&post=2822"}],"version-history":[{"count":1,"href":"http:\/\/spp3.slawno.pl\/index.php?rest_route=\/wp\/v2\/posts\/2822\/revisions"}],"predecessor-version":[{"id":2829,"href":"http:\/\/spp3.slawno.pl\/index.php?rest_route=\/wp\/v2\/posts\/2822\/revisions\/2829"}],"wp:featuredmedia":[{"embeddable":true,"href":"http:\/\/spp3.slawno.pl\/index.php?rest_route=\/wp\/v2\/media\/2823"}],"wp:attachment":[{"href":"http:\/\/spp3.slawno.pl\/index.php?rest_route=%2Fwp%2Fv2%2Fmedia&parent=2822"}],"wp:term":[{"taxonomy":"category","embeddable":true,"href":"http:\/\/spp3.slawno.pl\/index.php?rest_route=%2Fwp%2Fv2%2Fcategories&post=2822"},{"taxonomy":"post_tag","embeddable":true,"href":"http:\/\/spp3.slawno.pl\/index.php?rest_route=%2Fwp%2Fv2%2Ftags&post=2822"}],"curies":[{"name":"wp","href":"https:\/\/api.w.org\/{rel}","templated":true}]}}