{"id":2831,"date":"2018-12-21T23:04:34","date_gmt":"2018-12-21T22:04:34","guid":{"rendered":"http:\/\/spp3.slawno.pl\/?p=2831"},"modified":"2018-12-21T23:37:07","modified_gmt":"2018-12-21T22:37:07","slug":"konkurs-na-kartke-swiateczna-i-kalendarz-wyniki","status":"publish","type":"post","link":"http:\/\/spp3.slawno.pl\/?p=2831","title":{"rendered":"Konkurs na kartk\u0119 \u015bwi\u0105teczn\u0105 i kalendarz &#8211; wyniki"},"content":{"rendered":"<p>Prace plastyczne uczni\u00f3w w konkursie &#8222;Na najpi\u0119kniejsz\u0105 kartk\u0119 \u015bwi\u0105teczn\u0105 lub kalendarz adwentowy w j\u0119zyku angielskim lub niemieckim&#8221;.<\/p>\n<p>Oto lista os\u00f3b nagrodzonych w konkursie:<\/p>\n<p>Kartki \u015bwi\u0105teczne w j\u0119zyku angielskim<\/p>\n<p><strong>Kategoria klas 1-3<\/strong><\/p>\n<p>I miejsce ex equo: Aniela Koz\u0142owska kl. I c<\/p>\n<p>Zofia Firkowska kl. I b<\/p>\n<p>II miejsce: Borys Sobczak kl. I c<\/p>\n<p>III miejsce: Kornelia Woszczyk kl. II c<\/p>\n<p><strong>Wyr\u00f3\u017cnienia:<\/strong><\/p>\n<ol>\n<li>Hanna Choma Vel Chomik kl. I b<\/li>\n<li>Filip Wieliczko kl. I b<\/li>\n<li>Lena Gutowska kl. II c<\/li>\n<li>Tymon Gabry\u015b kl. II b<\/li>\n<\/ol>\n<p><img loading=\"lazy\" decoding=\"async\" class=\"size-full wp-image-2832\" src=\"http:\/\/spp3.slawno.pl\/wp-content\/uploads\/2018\/12\/Konkurs-BN.jpg\" alt=\"\" width=\"832\" height=\"624\" srcset=\"http:\/\/spp3.slawno.pl\/wp-content\/uploads\/2018\/12\/Konkurs-BN.jpg 832w, http:\/\/spp3.slawno.pl\/wp-content\/uploads\/2018\/12\/Konkurs-BN-300x225.jpg 300w, http:\/\/spp3.slawno.pl\/wp-content\/uploads\/2018\/12\/Konkurs-BN-768x576.jpg 768w, http:\/\/spp3.slawno.pl\/wp-content\/uploads\/2018\/12\/Konkurs-BN-678x509.jpg 678w, http:\/\/spp3.slawno.pl\/wp-content\/uploads\/2018\/12\/Konkurs-BN-326x245.jpg 326w, http:\/\/spp3.slawno.pl\/wp-content\/uploads\/2018\/12\/Konkurs-BN-80x60.jpg 80w\" sizes=\"(max-width: 832px) 100vw, 832px\" \/><\/p>\n<p><strong>Kategoria klas 4-5<\/strong><\/p>\n<p>I miejsce: Kacper Kowalewicz kl. V b<\/p>\n<p>II miejsce: Amelia Firkowska kl. V e<\/p>\n<p>III miejsce ex equo: Zuzanna Jaszczyk kl. V c<\/p>\n<p>Aleksander Brzezi\u0144ski kl. IV b<\/p>\n<p><strong>Wyr\u00f3\u017cnienia:<\/strong><\/p>\n<ol>\n<li>Lena Sieci\u0144ska kl. IV b<\/li>\n<li>Maja Motykowska kl. V e<\/li>\n<\/ol>\n<p><img loading=\"lazy\" decoding=\"async\" class=\"size-full wp-image-2840\" src=\"http:\/\/spp3.slawno.pl\/wp-content\/uploads\/2018\/12\/Konkurs-BN8.jpg\" alt=\"\" width=\"832\" height=\"624\" srcset=\"http:\/\/spp3.slawno.pl\/wp-content\/uploads\/2018\/12\/Konkurs-BN8.jpg 832w, http:\/\/spp3.slawno.pl\/wp-content\/uploads\/2018\/12\/Konkurs-BN8-300x225.jpg 300w, http:\/\/spp3.slawno.pl\/wp-content\/uploads\/2018\/12\/Konkurs-BN8-768x576.jpg 768w, http:\/\/spp3.slawno.pl\/wp-content\/uploads\/2018\/12\/Konkurs-BN8-678x509.jpg 678w, http:\/\/spp3.slawno.pl\/wp-content\/uploads\/2018\/12\/Konkurs-BN8-326x245.jpg 326w, http:\/\/spp3.slawno.pl\/wp-content\/uploads\/2018\/12\/Konkurs-BN8-80x60.jpg 80w\" sizes=\"(max-width: 832px) 100vw, 832px\" \/><\/p>\n<p><strong>\u00a0<\/strong><\/p>\n<p><img loading=\"lazy\" decoding=\"async\" class=\"size-full wp-image-2834\" src=\"http:\/\/spp3.slawno.pl\/wp-content\/uploads\/2018\/12\/Konkurs-BN2.jpg\" alt=\"\" width=\"832\" height=\"624\" srcset=\"http:\/\/spp3.slawno.pl\/wp-content\/uploads\/2018\/12\/Konkurs-BN2.jpg 832w, http:\/\/spp3.slawno.pl\/wp-content\/uploads\/2018\/12\/Konkurs-BN2-300x225.jpg 300w, http:\/\/spp3.slawno.pl\/wp-content\/uploads\/2018\/12\/Konkurs-BN2-768x576.jpg 768w, http:\/\/spp3.slawno.pl\/wp-content\/uploads\/2018\/12\/Konkurs-BN2-678x509.jpg 678w, http:\/\/spp3.slawno.pl\/wp-content\/uploads\/2018\/12\/Konkurs-BN2-326x245.jpg 326w, http:\/\/spp3.slawno.pl\/wp-content\/uploads\/2018\/12\/Konkurs-BN2-80x60.jpg 80w\" sizes=\"(max-width: 832px) 100vw, 832px\" \/><\/p>\n<p><strong>Kategoria klas 6-8<\/strong><\/p>\n<p>I miejsce ex equo: Bartosz Mrowicki kl. VII b<\/p>\n<p>Julia Firkowska kl. VII c<\/p>\n<p>II miejsce: Micha\u0142 Kowalski kl. VI a<\/p>\n<p>III miejsce: Nadzieja Marciniak kl. VIII c<\/p>\n<p><strong>Wyr\u00f3\u017cnienia:<\/strong><\/p>\n<ol>\n<li>Martyna Ramotowska VII c<\/li>\n<li>Konrad Czarnuch kl. VI d<\/li>\n<\/ol>\n<p><img loading=\"lazy\" decoding=\"async\" class=\"size-full wp-image-2833\" src=\"http:\/\/spp3.slawno.pl\/wp-content\/uploads\/2018\/12\/Konkurs-BN1.jpg\" alt=\"\" width=\"832\" height=\"624\" srcset=\"http:\/\/spp3.slawno.pl\/wp-content\/uploads\/2018\/12\/Konkurs-BN1.jpg 832w, http:\/\/spp3.slawno.pl\/wp-content\/uploads\/2018\/12\/Konkurs-BN1-300x225.jpg 300w, http:\/\/spp3.slawno.pl\/wp-content\/uploads\/2018\/12\/Konkurs-BN1-768x576.jpg 768w, http:\/\/spp3.slawno.pl\/wp-content\/uploads\/2018\/12\/Konkurs-BN1-678x509.jpg 678w, http:\/\/spp3.slawno.pl\/wp-content\/uploads\/2018\/12\/Konkurs-BN1-326x245.jpg 326w, http:\/\/spp3.slawno.pl\/wp-content\/uploads\/2018\/12\/Konkurs-BN1-80x60.jpg 80w\" sizes=\"(max-width: 832px) 100vw, 832px\" \/><\/p>\n<p><strong>Kartki \u015bwi\u0105teczne w j\u0119zyku niemieckim<\/strong><\/p>\n<p>I miejsce: Julia Firkowska kl. VII c<\/p>\n<p>II miejsce: Bartosz Mrowicki kl. VII c<\/p>\n<p>III miejsce: Sara Burek kl. VIII c<\/p>\n<p><strong>Wyr\u00f3\u017cnienie:<\/strong><\/p>\n<ol>\n<li>Natalia Zych kl. VII c<\/li>\n<\/ol>\n<p><img loading=\"lazy\" decoding=\"async\" class=\"size-full wp-image-2835\" src=\"http:\/\/spp3.slawno.pl\/wp-content\/uploads\/2018\/12\/Konkurs-BN3.jpg\" alt=\"\" width=\"832\" height=\"624\" srcset=\"http:\/\/spp3.slawno.pl\/wp-content\/uploads\/2018\/12\/Konkurs-BN3.jpg 832w, http:\/\/spp3.slawno.pl\/wp-content\/uploads\/2018\/12\/Konkurs-BN3-300x225.jpg 300w, http:\/\/spp3.slawno.pl\/wp-content\/uploads\/2018\/12\/Konkurs-BN3-768x576.jpg 768w, http:\/\/spp3.slawno.pl\/wp-content\/uploads\/2018\/12\/Konkurs-BN3-678x509.jpg 678w, http:\/\/spp3.slawno.pl\/wp-content\/uploads\/2018\/12\/Konkurs-BN3-326x245.jpg 326w, http:\/\/spp3.slawno.pl\/wp-content\/uploads\/2018\/12\/Konkurs-BN3-80x60.jpg 80w\" sizes=\"(max-width: 832px) 100vw, 832px\" \/><\/p>\n<p><strong>Kalendarze adwentowe w j\u0119zyku angielskim<\/strong><\/p>\n<p>I miejsce: Julian Kaganiuk kl. IV c<\/p>\n<p>II miejsce: Oliwier Polski kl. V b<\/p>\n<p>III miejsce: Jan Kaganiuk kl. V b<\/p>\n<p><img loading=\"lazy\" decoding=\"async\" class=\"size-full wp-image-2839\" src=\"http:\/\/spp3.slawno.pl\/wp-content\/uploads\/2018\/12\/Konkurs-BN7.jpg\" alt=\"\" width=\"832\" height=\"624\" srcset=\"http:\/\/spp3.slawno.pl\/wp-content\/uploads\/2018\/12\/Konkurs-BN7.jpg 832w, http:\/\/spp3.slawno.pl\/wp-content\/uploads\/2018\/12\/Konkurs-BN7-300x225.jpg 300w, http:\/\/spp3.slawno.pl\/wp-content\/uploads\/2018\/12\/Konkurs-BN7-768x576.jpg 768w, http:\/\/spp3.slawno.pl\/wp-content\/uploads\/2018\/12\/Konkurs-BN7-678x509.jpg 678w, http:\/\/spp3.slawno.pl\/wp-content\/uploads\/2018\/12\/Konkurs-BN7-326x245.jpg 326w, http:\/\/spp3.slawno.pl\/wp-content\/uploads\/2018\/12\/Konkurs-BN7-80x60.jpg 80w\" sizes=\"(max-width: 832px) 100vw, 832px\" \/><\/p>\n<p><img loading=\"lazy\" decoding=\"async\" class=\" wp-image-2838\" src=\"http:\/\/spp3.slawno.pl\/wp-content\/uploads\/2018\/12\/Konkurs-BN6.jpg\" alt=\"\" width=\"499\" height=\"665\" srcset=\"http:\/\/spp3.slawno.pl\/wp-content\/uploads\/2018\/12\/Konkurs-BN6.jpg 500w, http:\/\/spp3.slawno.pl\/wp-content\/uploads\/2018\/12\/Konkurs-BN6-225x300.jpg 225w\" sizes=\"(max-width: 499px) 100vw, 499px\" \/><\/p>\n<p><img loading=\"lazy\" decoding=\"async\" class=\"size-full wp-image-2836\" src=\"http:\/\/spp3.slawno.pl\/wp-content\/uploads\/2018\/12\/Konkurs-BN4.jpg\" alt=\"\" width=\"500\" height=\"666\" srcset=\"http:\/\/spp3.slawno.pl\/wp-content\/uploads\/2018\/12\/Konkurs-BN4.jpg 500w, http:\/\/spp3.slawno.pl\/wp-content\/uploads\/2018\/12\/Konkurs-BN4-225x300.jpg 225w\" sizes=\"(max-width: 500px) 100vw, 500px\" \/><\/p>\n<p>Dzi\u0119kujemy wszystkim, kt\u00f3rzy podj\u0119li wyzwanie i spr\u00f3bowali swoich si\u0142 w konkursie, a rodzicom\u00a0 gratulujemy tak wspania\u0142ych i uzdolnionych pociech.<\/p>\n<p>&nbsp;<\/p>\n","protected":false},"excerpt":{"rendered":"<div class=\"mh-excerpt\"><p>Prace plastyczne uczni\u00f3w w konkursie &#8222;Na najpi\u0119kniejsz\u0105 kartk\u0119 \u015bwi\u0105teczn\u0105 lub kalendarz adwentowy w j\u0119zyku angielskim lub niemieckim&#8221;. Oto lista os\u00f3b nagrodzonych w konkursie: Kartki \u015bwi\u0105teczne <a class=\"mh-excerpt-more\" href=\"http:\/\/spp3.slawno.pl\/?p=2831\" title=\"Konkurs na kartk\u0119 \u015bwi\u0105teczn\u0105 i kalendarz &#8211; wyniki\">[&#8230;]<\/a><\/p>\n<\/div>","protected":false},"author":2,"featured_media":2837,"comment_status":"closed","ping_status":"open","sticky":false,"template":"","format":"standard","meta":{"footnotes":""},"categories":[1,7,8],"tags":[],"class_list":["post-2831","post","type-post","status-publish","format-standard","has-post-thumbnail","hentry","category-bez-kategorii","category-konkursy","category-wydarzenia"],"_links":{"self":[{"href":"http:\/\/spp3.slawno.pl\/index.php?rest_route=\/wp\/v2\/posts\/2831"}],"collection":[{"href":"http:\/\/spp3.slawno.pl\/index.php?rest_route=\/wp\/v2\/posts"}],"about":[{"href":"http:\/\/spp3.slawno.pl\/index.php?rest_route=\/wp\/v2\/types\/post"}],"author":[{"embeddable":true,"href":"http:\/\/spp3.slawno.pl\/index.php?rest_route=\/wp\/v2\/users\/2"}],"replies":[{"embeddable":true,"href":"http:\/\/spp3.slawno.pl\/index.php?rest_route=%2Fwp%2Fv2%2Fcomments&post=2831"}],"version-history":[{"count":1,"href":"http:\/\/spp3.slawno.pl\/index.php?rest_route=\/wp\/v2\/posts\/2831\/revisions"}],"predecessor-version":[{"id":2841,"href":"http:\/\/spp3.slawno.pl\/index.php?rest_route=\/wp\/v2\/posts\/2831\/revisions\/2841"}],"wp:featuredmedia":[{"embeddable":true,"href":"http:\/\/spp3.slawno.pl\/index.php?rest_route=\/wp\/v2\/media\/2837"}],"wp:attachment":[{"href":"http:\/\/spp3.slawno.pl\/index.php?rest_route=%2Fwp%2Fv2%2Fmedia&parent=2831"}],"wp:term":[{"taxonomy":"category","embeddable":true,"href":"http:\/\/spp3.slawno.pl\/index.php?rest_route=%2Fwp%2Fv2%2Fcategories&post=2831"},{"taxonomy":"post_tag","embeddable":true,"href":"http:\/\/spp3.slawno.pl\/index.php?rest_route=%2Fwp%2Fv2%2Ftags&post=2831"}],"curies":[{"name":"wp","href":"https:\/\/api.w.org\/{rel}","templated":true}]}}