{"id":2844,"date":"2018-12-22T22:27:30","date_gmt":"2018-12-22T21:27:30","guid":{"rendered":"http:\/\/spp3.slawno.pl\/?p=2844"},"modified":"2018-12-22T22:27:30","modified_gmt":"2018-12-22T21:27:30","slug":"egzamin-osmoklasisty","status":"publish","type":"post","link":"http:\/\/spp3.slawno.pl\/?p=2844","title":{"rendered":"Egzamin \u00f3smoklasisty"},"content":{"rendered":"<p>Uczniowie klas \u00f3smych przez trzy dni pr\u00f3bowali swoich si\u0142 na pr\u00f3bnym egzaminie \u00f3smoklasisty. We wtorek zmierzyli si\u0119 z testem z j\u0119zyka ojczystego, drugiego dnia z matematyk\u0105, za\u015b w czwartek rozwi\u0105zywali test z j\u0119zyka angielskiego.\u00a0 Nastolatkowie potraktowali ten czas pr\u00f3by bardzo powa\u017cnie. Ubrani od\u015bwi\u0119tnie dowiedzieli si\u0119 jak dobrze rozplanowa\u0107 czas przeznaczony na rozwi\u0105zywanie testu, jak poprawnie kodowa\u0107 kart\u0119 odpowiedzi oraz nad kt\u00f3rymi zagadnieniami musz\u0105 jeszcze popracowa\u0107 \u017ceby w\u0142a\u015bciwy egzamin wypad\u0142 bardzo dobrze. <img loading=\"lazy\" decoding=\"async\" class=\"alignnone size-large wp-image-2845\" src=\"http:\/\/spp3.slawno.pl\/wp-content\/uploads\/2018\/12\/Pr\u00f3ba-egzaminu-1024x576.jpg\" alt=\"\" width=\"1024\" height=\"576\" srcset=\"http:\/\/spp3.slawno.pl\/wp-content\/uploads\/2018\/12\/Pr\u00f3ba-egzaminu.jpg 1024w, http:\/\/spp3.slawno.pl\/wp-content\/uploads\/2018\/12\/Pr\u00f3ba-egzaminu-300x169.jpg 300w, http:\/\/spp3.slawno.pl\/wp-content\/uploads\/2018\/12\/Pr\u00f3ba-egzaminu-768x432.jpg 768w, http:\/\/spp3.slawno.pl\/wp-content\/uploads\/2018\/12\/Pr\u00f3ba-egzaminu-678x381.jpg 678w\" sizes=\"(max-width: 1024px) 100vw, 1024px\" \/> <img loading=\"lazy\" decoding=\"async\" class=\"alignnone size-large wp-image-2847\" src=\"http:\/\/spp3.slawno.pl\/wp-content\/uploads\/2018\/12\/Pr\u00f3ba-egzaminu2-1024x576.jpg\" alt=\"\" width=\"1024\" height=\"576\" srcset=\"http:\/\/spp3.slawno.pl\/wp-content\/uploads\/2018\/12\/Pr\u00f3ba-egzaminu2.jpg 1024w, http:\/\/spp3.slawno.pl\/wp-content\/uploads\/2018\/12\/Pr\u00f3ba-egzaminu2-300x169.jpg 300w, http:\/\/spp3.slawno.pl\/wp-content\/uploads\/2018\/12\/Pr\u00f3ba-egzaminu2-768x432.jpg 768w, http:\/\/spp3.slawno.pl\/wp-content\/uploads\/2018\/12\/Pr\u00f3ba-egzaminu2-678x381.jpg 678w\" sizes=\"(max-width: 1024px) 100vw, 1024px\" \/><\/p>\n","protected":false},"excerpt":{"rendered":"<div class=\"mh-excerpt\"><p>Uczniowie klas \u00f3smych przez trzy dni pr\u00f3bowali swoich si\u0142 na pr\u00f3bnym egzaminie \u00f3smoklasisty. We wtorek zmierzyli si\u0119 z testem z j\u0119zyka ojczystego, drugiego dnia z <a class=\"mh-excerpt-more\" href=\"http:\/\/spp3.slawno.pl\/?p=2844\" title=\"Egzamin \u00f3smoklasisty\">[&#8230;]<\/a><\/p>\n<\/div>","protected":false},"author":2,"featured_media":2846,"comment_status":"closed","ping_status":"open","sticky":false,"template":"","format":"standard","meta":{"footnotes":""},"categories":[8],"tags":[],"class_list":["post-2844","post","type-post","status-publish","format-standard","has-post-thumbnail","hentry","category-wydarzenia"],"_links":{"self":[{"href":"http:\/\/spp3.slawno.pl\/index.php?rest_route=\/wp\/v2\/posts\/2844"}],"collection":[{"href":"http:\/\/spp3.slawno.pl\/index.php?rest_route=\/wp\/v2\/posts"}],"about":[{"href":"http:\/\/spp3.slawno.pl\/index.php?rest_route=\/wp\/v2\/types\/post"}],"author":[{"embeddable":true,"href":"http:\/\/spp3.slawno.pl\/index.php?rest_route=\/wp\/v2\/users\/2"}],"replies":[{"embeddable":true,"href":"http:\/\/spp3.slawno.pl\/index.php?rest_route=%2Fwp%2Fv2%2Fcomments&post=2844"}],"version-history":[{"count":1,"href":"http:\/\/spp3.slawno.pl\/index.php?rest_route=\/wp\/v2\/posts\/2844\/revisions"}],"predecessor-version":[{"id":2848,"href":"http:\/\/spp3.slawno.pl\/index.php?rest_route=\/wp\/v2\/posts\/2844\/revisions\/2848"}],"wp:featuredmedia":[{"embeddable":true,"href":"http:\/\/spp3.slawno.pl\/index.php?rest_route=\/wp\/v2\/media\/2846"}],"wp:attachment":[{"href":"http:\/\/spp3.slawno.pl\/index.php?rest_route=%2Fwp%2Fv2%2Fmedia&parent=2844"}],"wp:term":[{"taxonomy":"category","embeddable":true,"href":"http:\/\/spp3.slawno.pl\/index.php?rest_route=%2Fwp%2Fv2%2Fcategories&post=2844"},{"taxonomy":"post_tag","embeddable":true,"href":"http:\/\/spp3.slawno.pl\/index.php?rest_route=%2Fwp%2Fv2%2Ftags&post=2844"}],"curies":[{"name":"wp","href":"https:\/\/api.w.org\/{rel}","templated":true}]}}