{"id":2849,"date":"2018-12-22T23:13:19","date_gmt":"2018-12-22T22:13:19","guid":{"rendered":"http:\/\/spp3.slawno.pl\/?p=2849"},"modified":"2018-12-22T23:16:30","modified_gmt":"2018-12-22T22:16:30","slug":"zyczenia-2","status":"publish","type":"post","link":"http:\/\/spp3.slawno.pl\/?p=2849","title":{"rendered":"\u017byczenia"},"content":{"rendered":"<p style=\"text-align: center;\"><em>Serdeczne \u017cyczenia<\/em><\/p>\n<p style=\"text-align: center;\">pe\u0142nych ciep\u0142a,<\/p>\n<p style=\"text-align: center;\">spokoju i rado\u015bci<\/p>\n<p style=\"text-align: center;\">\u015awi\u0105t<\/p>\n<p style=\"text-align: center;\">Bo\u017cego Narodzenia<\/p>\n<p style=\"text-align: center;\">oraz zdrowia,<\/p>\n<p style=\"text-align: center;\">pomy\u015blno\u015bci<\/p>\n<p style=\"text-align: center;\">i sukces\u00f3w<\/p>\n<p style=\"text-align: center;\">w nadchodz\u0105cym<\/p>\n<p style=\"text-align: center;\">Nowym Roku<\/p>\n<p style=\"text-align: center;\">\u017cyczy spo\u0142eczno\u015b\u0107<\/p>\n<p style=\"text-align: center;\">szkolna<\/p>\n<p><img loading=\"lazy\" decoding=\"async\" class=\"alignnone size-large wp-image-2850\" src=\"http:\/\/spp3.slawno.pl\/wp-content\/uploads\/2018\/12\/\u017byczenia-Bo\u017ce-Narodzenie-1024x683.jpg\" alt=\"\" width=\"1024\" height=\"683\" srcset=\"http:\/\/spp3.slawno.pl\/wp-content\/uploads\/2018\/12\/\u017byczenia-Bo\u017ce-Narodzenie-1024x683.jpg 1024w, http:\/\/spp3.slawno.pl\/wp-content\/uploads\/2018\/12\/\u017byczenia-Bo\u017ce-Narodzenie-300x200.jpg 300w, http:\/\/spp3.slawno.pl\/wp-content\/uploads\/2018\/12\/\u017byczenia-Bo\u017ce-Narodzenie-768x512.jpg 768w, http:\/\/spp3.slawno.pl\/wp-content\/uploads\/2018\/12\/\u017byczenia-Bo\u017ce-Narodzenie.jpg 1188w\" sizes=\"(max-width: 1024px) 100vw, 1024px\" \/><\/p>\n","protected":false},"excerpt":{"rendered":"<div class=\"mh-excerpt\"><p>Serdeczne \u017cyczenia pe\u0142nych ciep\u0142a, spokoju i rado\u015bci \u015awi\u0105t Bo\u017cego Narodzenia oraz zdrowia, pomy\u015blno\u015bci i sukces\u00f3w w nadchodz\u0105cym Nowym Roku \u017cyczy spo\u0142eczno\u015b\u0107 szkolna<\/p>\n<\/div>","protected":false},"author":2,"featured_media":2850,"comment_status":"closed","ping_status":"open","sticky":false,"template":"","format":"standard","meta":{"footnotes":""},"categories":[8],"tags":[],"class_list":["post-2849","post","type-post","status-publish","format-standard","has-post-thumbnail","hentry","category-wydarzenia"],"_links":{"self":[{"href":"http:\/\/spp3.slawno.pl\/index.php?rest_route=\/wp\/v2\/posts\/2849"}],"collection":[{"href":"http:\/\/spp3.slawno.pl\/index.php?rest_route=\/wp\/v2\/posts"}],"about":[{"href":"http:\/\/spp3.slawno.pl\/index.php?rest_route=\/wp\/v2\/types\/post"}],"author":[{"embeddable":true,"href":"http:\/\/spp3.slawno.pl\/index.php?rest_route=\/wp\/v2\/users\/2"}],"replies":[{"embeddable":true,"href":"http:\/\/spp3.slawno.pl\/index.php?rest_route=%2Fwp%2Fv2%2Fcomments&post=2849"}],"version-history":[{"count":3,"href":"http:\/\/spp3.slawno.pl\/index.php?rest_route=\/wp\/v2\/posts\/2849\/revisions"}],"predecessor-version":[{"id":2853,"href":"http:\/\/spp3.slawno.pl\/index.php?rest_route=\/wp\/v2\/posts\/2849\/revisions\/2853"}],"wp:featuredmedia":[{"embeddable":true,"href":"http:\/\/spp3.slawno.pl\/index.php?rest_route=\/wp\/v2\/media\/2850"}],"wp:attachment":[{"href":"http:\/\/spp3.slawno.pl\/index.php?rest_route=%2Fwp%2Fv2%2Fmedia&parent=2849"}],"wp:term":[{"taxonomy":"category","embeddable":true,"href":"http:\/\/spp3.slawno.pl\/index.php?rest_route=%2Fwp%2Fv2%2Fcategories&post=2849"},{"taxonomy":"post_tag","embeddable":true,"href":"http:\/\/spp3.slawno.pl\/index.php?rest_route=%2Fwp%2Fv2%2Ftags&post=2849"}],"curies":[{"name":"wp","href":"https:\/\/api.w.org\/{rel}","templated":true}]}}