{"id":2854,"date":"2019-01-10T21:52:30","date_gmt":"2019-01-10T20:52:30","guid":{"rendered":"http:\/\/spp3.slawno.pl\/?p=2854"},"modified":"2019-01-10T21:52:30","modified_gmt":"2019-01-10T20:52:30","slug":"x-diecezjalny-konkurs-wiedzy-religijnej","status":"publish","type":"post","link":"http:\/\/spp3.slawno.pl\/?p=2854","title":{"rendered":"X Diecezjalny Konkurs Wiedzy Religijnej"},"content":{"rendered":"<p>Dnia 9.01.2019 odby\u0142 si\u0119 w szkole <strong>X Diecezjalny Konkurs Wiedzy Religijnej<\/strong><\/p>\n<p><strong>&#8211;\u00a0 <\/strong>etap szkolny. Pierwszy raz konkurs ten przeprowadzono w dw\u00f3ch kategoriach. I kategoria dotyczy uczni\u00f3w klas\u00a0 I \u2013 V i uczni\u00f3w kl. VI \u2013 VIII<\/p>\n<p>W I kategorii udzia\u0142 wzi\u0119\u0142o 22 osoby za\u015b w II kategorii 8 os\u00f3b<\/p>\n<p>Pierwsze trzy miejsca reprezentowa\u0107 b\u0119d\u0105 nasz\u0105 szko\u0142\u0119 w marcu w S\u0142upsku na etapie rejonowym. Ju\u017c teraz \u017cyczymy im powodzenia.<\/p>\n<p>Wyniki: Kategoria starsza<\/p>\n<ol>\n<li>Kowalczyk Aleksandra<\/li>\n<li>Dr\u00f3\u017cd\u017c Amelia<\/li>\n<li>Zanijat Kinga<\/li>\n<\/ol>\n<p>Wyr\u00f3\u017cnienie \u2013 Kulczyk Oliwia<\/p>\n<p>Wyniki :Kategoria m\u0142odsza<\/p>\n<ol>\n<li>Falkowski Jan<\/li>\n<li>Kowalczyk Piotr<\/li>\n<li>Wojciechowski Aleksander<\/li>\n<li>Tomaszewska Maja<\/li>\n<\/ol>\n<p>Wyr\u00f3\u017cnienie \u2013\u00a0 Polski Oliwier<\/p>\n<ul>\n<li>Korotusz Nadia<\/li>\n<li>Bie\u017cu\u0144ska Daria<\/li>\n<li>Krzemieniec Oliwia<\/li>\n<li>Filipowicz Patrycja<\/li>\n<\/ul>\n<p><img loading=\"lazy\" decoding=\"async\" class=\"alignnone size-large wp-image-2856\" src=\"http:\/\/spp3.slawno.pl\/wp-content\/uploads\/2019\/01\/Diecezjalny-konkurs-2019a.jpg\" alt=\"\" width=\"900\" height=\"600\" srcset=\"http:\/\/spp3.slawno.pl\/wp-content\/uploads\/2019\/01\/Diecezjalny-konkurs-2019a.jpg 900w, http:\/\/spp3.slawno.pl\/wp-content\/uploads\/2019\/01\/Diecezjalny-konkurs-2019a-300x200.jpg 300w, http:\/\/spp3.slawno.pl\/wp-content\/uploads\/2019\/01\/Diecezjalny-konkurs-2019a-768x512.jpg 768w\" sizes=\"(max-width: 900px) 100vw, 900px\" \/> <img loading=\"lazy\" decoding=\"async\" class=\"alignnone size-large wp-image-2857\" src=\"http:\/\/spp3.slawno.pl\/wp-content\/uploads\/2019\/01\/Diecezjalny-konkurs-2019b.jpg\" alt=\"\" width=\"900\" height=\"600\" srcset=\"http:\/\/spp3.slawno.pl\/wp-content\/uploads\/2019\/01\/Diecezjalny-konkurs-2019b.jpg 900w, http:\/\/spp3.slawno.pl\/wp-content\/uploads\/2019\/01\/Diecezjalny-konkurs-2019b-300x200.jpg 300w, http:\/\/spp3.slawno.pl\/wp-content\/uploads\/2019\/01\/Diecezjalny-konkurs-2019b-768x512.jpg 768w\" sizes=\"(max-width: 900px) 100vw, 900px\" \/> <img loading=\"lazy\" decoding=\"async\" class=\"alignnone size-large wp-image-2858\" src=\"http:\/\/spp3.slawno.pl\/wp-content\/uploads\/2019\/01\/Diecezjalny-konkurs-2019c.jpg\" alt=\"\" width=\"900\" height=\"600\" srcset=\"http:\/\/spp3.slawno.pl\/wp-content\/uploads\/2019\/01\/Diecezjalny-konkurs-2019c.jpg 900w, http:\/\/spp3.slawno.pl\/wp-content\/uploads\/2019\/01\/Diecezjalny-konkurs-2019c-300x200.jpg 300w, http:\/\/spp3.slawno.pl\/wp-content\/uploads\/2019\/01\/Diecezjalny-konkurs-2019c-768x512.jpg 768w\" sizes=\"(max-width: 900px) 100vw, 900px\" \/> <img loading=\"lazy\" decoding=\"async\" class=\"alignnone size-large wp-image-2859\" src=\"http:\/\/spp3.slawno.pl\/wp-content\/uploads\/2019\/01\/Diecezjalny-konkurs-2019d.jpg\" alt=\"\" width=\"900\" height=\"600\" srcset=\"http:\/\/spp3.slawno.pl\/wp-content\/uploads\/2019\/01\/Diecezjalny-konkurs-2019d.jpg 900w, http:\/\/spp3.slawno.pl\/wp-content\/uploads\/2019\/01\/Diecezjalny-konkurs-2019d-300x200.jpg 300w, http:\/\/spp3.slawno.pl\/wp-content\/uploads\/2019\/01\/Diecezjalny-konkurs-2019d-768x512.jpg 768w\" sizes=\"(max-width: 900px) 100vw, 900px\" \/> <img loading=\"lazy\" decoding=\"async\" class=\"alignnone size-full wp-image-2860\" src=\"http:\/\/spp3.slawno.pl\/wp-content\/uploads\/2019\/01\/Diecezjalny-konkurs-2019e.jpg\" alt=\"\" width=\"900\" height=\"600\" srcset=\"http:\/\/spp3.slawno.pl\/wp-content\/uploads\/2019\/01\/Diecezjalny-konkurs-2019e.jpg 900w, http:\/\/spp3.slawno.pl\/wp-content\/uploads\/2019\/01\/Diecezjalny-konkurs-2019e-300x200.jpg 300w, http:\/\/spp3.slawno.pl\/wp-content\/uploads\/2019\/01\/Diecezjalny-konkurs-2019e-768x512.jpg 768w\" sizes=\"(max-width: 900px) 100vw, 900px\" \/><\/p>\n<p><img loading=\"lazy\" decoding=\"async\" class=\"alignnone size-full wp-image-2861\" src=\"http:\/\/spp3.slawno.pl\/wp-content\/uploads\/2019\/01\/Diecezjalny-konkurs-2019f.jpg\" alt=\"\" width=\"900\" height=\"600\" srcset=\"http:\/\/spp3.slawno.pl\/wp-content\/uploads\/2019\/01\/Diecezjalny-konkurs-2019f.jpg 900w, http:\/\/spp3.slawno.pl\/wp-content\/uploads\/2019\/01\/Diecezjalny-konkurs-2019f-300x200.jpg 300w, http:\/\/spp3.slawno.pl\/wp-content\/uploads\/2019\/01\/Diecezjalny-konkurs-2019f-768x512.jpg 768w\" sizes=\"(max-width: 900px) 100vw, 900px\" \/> \u00a0<img loading=\"lazy\" decoding=\"async\" class=\"alignnone size-large wp-image-2863\" src=\"http:\/\/spp3.slawno.pl\/wp-content\/uploads\/2019\/01\/Diecezjalny-konkurs-2019h.jpg\" alt=\"\" width=\"900\" height=\"600\" srcset=\"http:\/\/spp3.slawno.pl\/wp-content\/uploads\/2019\/01\/Diecezjalny-konkurs-2019h.jpg 900w, http:\/\/spp3.slawno.pl\/wp-content\/uploads\/2019\/01\/Diecezjalny-konkurs-2019h-300x200.jpg 300w, http:\/\/spp3.slawno.pl\/wp-content\/uploads\/2019\/01\/Diecezjalny-konkurs-2019h-768x512.jpg 768w\" sizes=\"(max-width: 900px) 100vw, 900px\" \/> <img loading=\"lazy\" decoding=\"async\" class=\"alignnone size-large wp-image-2864\" src=\"http:\/\/spp3.slawno.pl\/wp-content\/uploads\/2019\/01\/Diecezjalny-konkurs-2019i.jpg\" alt=\"\" width=\"900\" height=\"600\" srcset=\"http:\/\/spp3.slawno.pl\/wp-content\/uploads\/2019\/01\/Diecezjalny-konkurs-2019i.jpg 900w, http:\/\/spp3.slawno.pl\/wp-content\/uploads\/2019\/01\/Diecezjalny-konkurs-2019i-300x200.jpg 300w, http:\/\/spp3.slawno.pl\/wp-content\/uploads\/2019\/01\/Diecezjalny-konkurs-2019i-768x512.jpg 768w\" sizes=\"(max-width: 900px) 100vw, 900px\" \/> <img loading=\"lazy\" decoding=\"async\" class=\"alignnone size-large wp-image-2865\" src=\"http:\/\/spp3.slawno.pl\/wp-content\/uploads\/2019\/01\/Diecezjalny-konkurs-2019j.jpg\" alt=\"\" width=\"900\" height=\"600\" srcset=\"http:\/\/spp3.slawno.pl\/wp-content\/uploads\/2019\/01\/Diecezjalny-konkurs-2019j.jpg 900w, http:\/\/spp3.slawno.pl\/wp-content\/uploads\/2019\/01\/Diecezjalny-konkurs-2019j-300x200.jpg 300w, http:\/\/spp3.slawno.pl\/wp-content\/uploads\/2019\/01\/Diecezjalny-konkurs-2019j-768x512.jpg 768w\" sizes=\"(max-width: 900px) 100vw, 900px\" \/> <img loading=\"lazy\" decoding=\"async\" class=\"alignnone size-large wp-image-2866\" src=\"http:\/\/spp3.slawno.pl\/wp-content\/uploads\/2019\/01\/Diecezjalny-konkurs-2019k.jpg\" alt=\"\" width=\"900\" height=\"600\" srcset=\"http:\/\/spp3.slawno.pl\/wp-content\/uploads\/2019\/01\/Diecezjalny-konkurs-2019k.jpg 900w, http:\/\/spp3.slawno.pl\/wp-content\/uploads\/2019\/01\/Diecezjalny-konkurs-2019k-300x200.jpg 300w, http:\/\/spp3.slawno.pl\/wp-content\/uploads\/2019\/01\/Diecezjalny-konkurs-2019k-768x512.jpg 768w\" sizes=\"(max-width: 900px) 100vw, 900px\" \/> <img loading=\"lazy\" decoding=\"async\" class=\"alignnone size-large wp-image-2867\" src=\"http:\/\/spp3.slawno.pl\/wp-content\/uploads\/2019\/01\/Diecezjalny-konkurs-2019l.jpg\" alt=\"\" width=\"900\" height=\"600\" srcset=\"http:\/\/spp3.slawno.pl\/wp-content\/uploads\/2019\/01\/Diecezjalny-konkurs-2019l.jpg 900w, http:\/\/spp3.slawno.pl\/wp-content\/uploads\/2019\/01\/Diecezjalny-konkurs-2019l-300x200.jpg 300w, http:\/\/spp3.slawno.pl\/wp-content\/uploads\/2019\/01\/Diecezjalny-konkurs-2019l-768x512.jpg 768w\" sizes=\"(max-width: 900px) 100vw, 900px\" \/><\/p>\n","protected":false},"excerpt":{"rendered":"<div class=\"mh-excerpt\"><p>Dnia 9.01.2019 odby\u0142 si\u0119 w szkole X Diecezjalny Konkurs Wiedzy Religijnej &#8211;\u00a0 etap szkolny. Pierwszy raz konkurs ten przeprowadzono w dw\u00f3ch kategoriach. I kategoria dotyczy <a class=\"mh-excerpt-more\" href=\"http:\/\/spp3.slawno.pl\/?p=2854\" title=\"X Diecezjalny Konkurs Wiedzy Religijnej\">[&#8230;]<\/a><\/p>\n<\/div>","protected":false},"author":2,"featured_media":2855,"comment_status":"closed","ping_status":"open","sticky":false,"template":"","format":"standard","meta":{"footnotes":""},"categories":[7,8],"tags":[],"class_list":["post-2854","post","type-post","status-publish","format-standard","has-post-thumbnail","hentry","category-konkursy","category-wydarzenia"],"_links":{"self":[{"href":"http:\/\/spp3.slawno.pl\/index.php?rest_route=\/wp\/v2\/posts\/2854"}],"collection":[{"href":"http:\/\/spp3.slawno.pl\/index.php?rest_route=\/wp\/v2\/posts"}],"about":[{"href":"http:\/\/spp3.slawno.pl\/index.php?rest_route=\/wp\/v2\/types\/post"}],"author":[{"embeddable":true,"href":"http:\/\/spp3.slawno.pl\/index.php?rest_route=\/wp\/v2\/users\/2"}],"replies":[{"embeddable":true,"href":"http:\/\/spp3.slawno.pl\/index.php?rest_route=%2Fwp%2Fv2%2Fcomments&post=2854"}],"version-history":[{"count":1,"href":"http:\/\/spp3.slawno.pl\/index.php?rest_route=\/wp\/v2\/posts\/2854\/revisions"}],"predecessor-version":[{"id":2868,"href":"http:\/\/spp3.slawno.pl\/index.php?rest_route=\/wp\/v2\/posts\/2854\/revisions\/2868"}],"wp:featuredmedia":[{"embeddable":true,"href":"http:\/\/spp3.slawno.pl\/index.php?rest_route=\/wp\/v2\/media\/2855"}],"wp:attachment":[{"href":"http:\/\/spp3.slawno.pl\/index.php?rest_route=%2Fwp%2Fv2%2Fmedia&parent=2854"}],"wp:term":[{"taxonomy":"category","embeddable":true,"href":"http:\/\/spp3.slawno.pl\/index.php?rest_route=%2Fwp%2Fv2%2Fcategories&post=2854"},{"taxonomy":"post_tag","embeddable":true,"href":"http:\/\/spp3.slawno.pl\/index.php?rest_route=%2Fwp%2Fv2%2Ftags&post=2854"}],"curies":[{"name":"wp","href":"https:\/\/api.w.org\/{rel}","templated":true}]}}