{"id":2870,"date":"2019-01-15T09:43:24","date_gmt":"2019-01-15T08:43:24","guid":{"rendered":"http:\/\/spp3.slawno.pl\/?p=2870"},"modified":"2019-01-15T09:43:24","modified_gmt":"2019-01-15T08:43:24","slug":"zajecia-z-pierwszej-pomocy-przedmedycznej","status":"publish","type":"post","link":"http:\/\/spp3.slawno.pl\/?p=2870","title":{"rendered":"Zaj\u0119cia z pierwszej pomocy przedmedycznej"},"content":{"rendered":"<p>Klasa II a przygotowuje si\u0119 do ferii zimowych rozpoczynaj\u0105c cykl spotka\u0144 z ciekawymi lud\u017ami. Dzisiaj mieli\u015bmy zaj\u0119cia praktyczne ,,Pierwsza pomoc przedmedyczna&#8221; z ratownikami medycznymi.<\/p>\n<p><img loading=\"lazy\" decoding=\"async\" class=\"alignnone size-full wp-image-2871\" src=\"http:\/\/spp3.slawno.pl\/wp-content\/uploads\/2019\/01\/I-Pomoc.jpg\" alt=\"\" width=\"465\" height=\"620\" srcset=\"http:\/\/spp3.slawno.pl\/wp-content\/uploads\/2019\/01\/I-Pomoc.jpg 465w, http:\/\/spp3.slawno.pl\/wp-content\/uploads\/2019\/01\/I-Pomoc-225x300.jpg 225w\" sizes=\"(max-width: 465px) 100vw, 465px\" \/> <img loading=\"lazy\" decoding=\"async\" class=\"alignnone size-large wp-image-2872\" src=\"http:\/\/spp3.slawno.pl\/wp-content\/uploads\/2019\/01\/I-Pomoca.jpg\" alt=\"\" width=\"465\" height=\"620\" srcset=\"http:\/\/spp3.slawno.pl\/wp-content\/uploads\/2019\/01\/I-Pomoca.jpg 465w, http:\/\/spp3.slawno.pl\/wp-content\/uploads\/2019\/01\/I-Pomoca-225x300.jpg 225w\" sizes=\"(max-width: 465px) 100vw, 465px\" \/> <img loading=\"lazy\" decoding=\"async\" class=\"alignnone size-large wp-image-2873\" src=\"http:\/\/spp3.slawno.pl\/wp-content\/uploads\/2019\/01\/I-Pomocb.jpg\" alt=\"\" width=\"465\" height=\"620\" srcset=\"http:\/\/spp3.slawno.pl\/wp-content\/uploads\/2019\/01\/I-Pomocb.jpg 465w, http:\/\/spp3.slawno.pl\/wp-content\/uploads\/2019\/01\/I-Pomocb-225x300.jpg 225w\" sizes=\"(max-width: 465px) 100vw, 465px\" \/> \u00a0<img loading=\"lazy\" decoding=\"async\" class=\"alignnone size-large wp-image-2875\" src=\"http:\/\/spp3.slawno.pl\/wp-content\/uploads\/2019\/01\/I-Pomocd.jpg\" alt=\"\" width=\"465\" height=\"620\" srcset=\"http:\/\/spp3.slawno.pl\/wp-content\/uploads\/2019\/01\/I-Pomocd.jpg 465w, http:\/\/spp3.slawno.pl\/wp-content\/uploads\/2019\/01\/I-Pomocd-225x300.jpg 225w\" sizes=\"(max-width: 465px) 100vw, 465px\" \/><\/p>\n<p><img loading=\"lazy\" decoding=\"async\" class=\"alignnone size-full wp-image-2876\" src=\"http:\/\/spp3.slawno.pl\/wp-content\/uploads\/2019\/01\/I-Pomocd-1.jpg\" alt=\"\" width=\"465\" height=\"620\" srcset=\"http:\/\/spp3.slawno.pl\/wp-content\/uploads\/2019\/01\/I-Pomocd-1.jpg 465w, http:\/\/spp3.slawno.pl\/wp-content\/uploads\/2019\/01\/I-Pomocd-1-225x300.jpg 225w\" sizes=\"(max-width: 465px) 100vw, 465px\" \/> <img loading=\"lazy\" decoding=\"async\" class=\"alignnone size-large wp-image-2877\" src=\"http:\/\/spp3.slawno.pl\/wp-content\/uploads\/2019\/01\/I-Pomoce.jpg\" alt=\"\" width=\"465\" height=\"620\" srcset=\"http:\/\/spp3.slawno.pl\/wp-content\/uploads\/2019\/01\/I-Pomoce.jpg 465w, http:\/\/spp3.slawno.pl\/wp-content\/uploads\/2019\/01\/I-Pomoce-225x300.jpg 225w\" sizes=\"(max-width: 465px) 100vw, 465px\" \/><\/p>\n","protected":false},"excerpt":{"rendered":"<div class=\"mh-excerpt\"><p>Klasa II a przygotowuje si\u0119 do ferii zimowych rozpoczynaj\u0105c cykl spotka\u0144 z ciekawymi lud\u017ami. Dzisiaj mieli\u015bmy zaj\u0119cia praktyczne ,,Pierwsza pomoc przedmedyczna&#8221; z ratownikami medycznymi. \u00a0<\/p>\n<\/div>","protected":false},"author":2,"featured_media":2873,"comment_status":"closed","ping_status":"open","sticky":false,"template":"","format":"standard","meta":{"footnotes":""},"categories":[7,8],"tags":[],"class_list":["post-2870","post","type-post","status-publish","format-standard","has-post-thumbnail","hentry","category-konkursy","category-wydarzenia"],"_links":{"self":[{"href":"http:\/\/spp3.slawno.pl\/index.php?rest_route=\/wp\/v2\/posts\/2870"}],"collection":[{"href":"http:\/\/spp3.slawno.pl\/index.php?rest_route=\/wp\/v2\/posts"}],"about":[{"href":"http:\/\/spp3.slawno.pl\/index.php?rest_route=\/wp\/v2\/types\/post"}],"author":[{"embeddable":true,"href":"http:\/\/spp3.slawno.pl\/index.php?rest_route=\/wp\/v2\/users\/2"}],"replies":[{"embeddable":true,"href":"http:\/\/spp3.slawno.pl\/index.php?rest_route=%2Fwp%2Fv2%2Fcomments&post=2870"}],"version-history":[{"count":1,"href":"http:\/\/spp3.slawno.pl\/index.php?rest_route=\/wp\/v2\/posts\/2870\/revisions"}],"predecessor-version":[{"id":2878,"href":"http:\/\/spp3.slawno.pl\/index.php?rest_route=\/wp\/v2\/posts\/2870\/revisions\/2878"}],"wp:featuredmedia":[{"embeddable":true,"href":"http:\/\/spp3.slawno.pl\/index.php?rest_route=\/wp\/v2\/media\/2873"}],"wp:attachment":[{"href":"http:\/\/spp3.slawno.pl\/index.php?rest_route=%2Fwp%2Fv2%2Fmedia&parent=2870"}],"wp:term":[{"taxonomy":"category","embeddable":true,"href":"http:\/\/spp3.slawno.pl\/index.php?rest_route=%2Fwp%2Fv2%2Fcategories&post=2870"},{"taxonomy":"post_tag","embeddable":true,"href":"http:\/\/spp3.slawno.pl\/index.php?rest_route=%2Fwp%2Fv2%2Ftags&post=2870"}],"curies":[{"name":"wp","href":"https:\/\/api.w.org\/{rel}","templated":true}]}}