{"id":2879,"date":"2019-01-19T18:59:18","date_gmt":"2019-01-19T17:59:18","guid":{"rendered":"http:\/\/spp3.slawno.pl\/?p=2879"},"modified":"2019-01-19T18:59:18","modified_gmt":"2019-01-19T17:59:18","slug":"niepelnosprawni-sa-wsrod-nas","status":"publish","type":"post","link":"http:\/\/spp3.slawno.pl\/?p=2879","title":{"rendered":",,Niepe\u0142nosprawni s\u0105 w\u015br\u00f3d nas&#8221;"},"content":{"rendered":"<p>18 stycznia w klasie IIa odby\u0142y si\u0119 zaj\u0119cia na temat ,,Niepe\u0142nosprawni s\u0105 w\u015br\u00f3d nas&#8221;. Zaprosili\u015bmy opiekuna medycznego, kierownika\u00a0 \u00a0 GOPS-u oraz prezesa Stowarzyszenia RAZEM. By\u0142o ciekawie. Mieli\u015bmy \u0107wiczenia, kt\u00f3re ucz\u0105 nas, jak cz\u0119sto osoby niepe\u0142nosprawne borykaj\u0105 si\u0119 z trudno\u015bciami.<\/p>\n<p><img loading=\"lazy\" decoding=\"async\" class=\"alignnone size-full wp-image-2880\" src=\"http:\/\/spp3.slawno.pl\/wp-content\/uploads\/2019\/01\/Niepe\u0142nosprawni-w-2a.jpg\" alt=\"\" width=\"620\" height=\"826\" srcset=\"http:\/\/spp3.slawno.pl\/wp-content\/uploads\/2019\/01\/Niepe\u0142nosprawni-w-2a.jpg 620w, http:\/\/spp3.slawno.pl\/wp-content\/uploads\/2019\/01\/Niepe\u0142nosprawni-w-2a-225x300.jpg 225w\" sizes=\"(max-width: 620px) 100vw, 620px\" \/><\/p>\n","protected":false},"excerpt":{"rendered":"<div class=\"mh-excerpt\"><p>18 stycznia w klasie IIa odby\u0142y si\u0119 zaj\u0119cia na temat ,,Niepe\u0142nosprawni s\u0105 w\u015br\u00f3d nas&#8221;. Zaprosili\u015bmy opiekuna medycznego, kierownika\u00a0 \u00a0 GOPS-u oraz prezesa Stowarzyszenia RAZEM. By\u0142o <a class=\"mh-excerpt-more\" href=\"http:\/\/spp3.slawno.pl\/?p=2879\" title=\",,Niepe\u0142nosprawni s\u0105 w\u015br\u00f3d nas&#8221;\">[&#8230;]<\/a><\/p>\n<\/div>","protected":false},"author":2,"featured_media":2881,"comment_status":"closed","ping_status":"open","sticky":false,"template":"","format":"standard","meta":{"footnotes":""},"categories":[22,8],"tags":[],"class_list":["post-2879","post","type-post","status-publish","format-standard","has-post-thumbnail","hentry","category-lekcje-w-naszej-szkole-nie-sa-nudne","category-wydarzenia"],"_links":{"self":[{"href":"http:\/\/spp3.slawno.pl\/index.php?rest_route=\/wp\/v2\/posts\/2879"}],"collection":[{"href":"http:\/\/spp3.slawno.pl\/index.php?rest_route=\/wp\/v2\/posts"}],"about":[{"href":"http:\/\/spp3.slawno.pl\/index.php?rest_route=\/wp\/v2\/types\/post"}],"author":[{"embeddable":true,"href":"http:\/\/spp3.slawno.pl\/index.php?rest_route=\/wp\/v2\/users\/2"}],"replies":[{"embeddable":true,"href":"http:\/\/spp3.slawno.pl\/index.php?rest_route=%2Fwp%2Fv2%2Fcomments&post=2879"}],"version-history":[{"count":1,"href":"http:\/\/spp3.slawno.pl\/index.php?rest_route=\/wp\/v2\/posts\/2879\/revisions"}],"predecessor-version":[{"id":2882,"href":"http:\/\/spp3.slawno.pl\/index.php?rest_route=\/wp\/v2\/posts\/2879\/revisions\/2882"}],"wp:featuredmedia":[{"embeddable":true,"href":"http:\/\/spp3.slawno.pl\/index.php?rest_route=\/wp\/v2\/media\/2881"}],"wp:attachment":[{"href":"http:\/\/spp3.slawno.pl\/index.php?rest_route=%2Fwp%2Fv2%2Fmedia&parent=2879"}],"wp:term":[{"taxonomy":"category","embeddable":true,"href":"http:\/\/spp3.slawno.pl\/index.php?rest_route=%2Fwp%2Fv2%2Fcategories&post=2879"},{"taxonomy":"post_tag","embeddable":true,"href":"http:\/\/spp3.slawno.pl\/index.php?rest_route=%2Fwp%2Fv2%2Ftags&post=2879"}],"curies":[{"name":"wp","href":"https:\/\/api.w.org\/{rel}","templated":true}]}}