{"id":2883,"date":"2019-01-19T19:08:01","date_gmt":"2019-01-19T18:08:01","guid":{"rendered":"http:\/\/spp3.slawno.pl\/?p=2883"},"modified":"2019-01-19T19:08:01","modified_gmt":"2019-01-19T18:08:01","slug":"bezpieczne-ferie-zimowe-w-literaturze-dzieciecej","status":"publish","type":"post","link":"http:\/\/spp3.slawno.pl\/?p=2883","title":{"rendered":",,Bezpieczne ferie zimowe w literaturze dzieci\u0119cej&#8221;"},"content":{"rendered":"<p>Zaj\u0119cia w bibliotece szkolnej ,,Bezpieczne ferie zimowe w literaturze dzieci\u0119cej&#8221;.<\/p>\n<p><img loading=\"lazy\" decoding=\"async\" class=\"alignnone size-full wp-image-2884\" src=\"http:\/\/spp3.slawno.pl\/wp-content\/uploads\/2019\/01\/Zaj\u0119cia-biblioteczne.jpg\" alt=\"\" width=\"620\" height=\"826\" srcset=\"http:\/\/spp3.slawno.pl\/wp-content\/uploads\/2019\/01\/Zaj\u0119cia-biblioteczne.jpg 620w, http:\/\/spp3.slawno.pl\/wp-content\/uploads\/2019\/01\/Zaj\u0119cia-biblioteczne-225x300.jpg 225w\" sizes=\"(max-width: 620px) 100vw, 620px\" \/> <img loading=\"lazy\" decoding=\"async\" class=\"alignnone size-large wp-image-2885\" src=\"http:\/\/spp3.slawno.pl\/wp-content\/uploads\/2019\/01\/Zaj\u0119cia-biblioteczne1.jpg\" alt=\"\" width=\"620\" height=\"826\" srcset=\"http:\/\/spp3.slawno.pl\/wp-content\/uploads\/2019\/01\/Zaj\u0119cia-biblioteczne1.jpg 620w, http:\/\/spp3.slawno.pl\/wp-content\/uploads\/2019\/01\/Zaj\u0119cia-biblioteczne1-225x300.jpg 225w\" sizes=\"(max-width: 620px) 100vw, 620px\" \/> <img loading=\"lazy\" decoding=\"async\" class=\"alignnone size-large wp-image-2886\" src=\"http:\/\/spp3.slawno.pl\/wp-content\/uploads\/2019\/01\/Zaj\u0119cia-biblioteczne2.jpg\" alt=\"\" width=\"620\" height=\"826\" srcset=\"http:\/\/spp3.slawno.pl\/wp-content\/uploads\/2019\/01\/Zaj\u0119cia-biblioteczne2.jpg 620w, http:\/\/spp3.slawno.pl\/wp-content\/uploads\/2019\/01\/Zaj\u0119cia-biblioteczne2-225x300.jpg 225w\" sizes=\"(max-width: 620px) 100vw, 620px\" \/> <img loading=\"lazy\" decoding=\"async\" class=\"alignnone size-large wp-image-2887\" src=\"http:\/\/spp3.slawno.pl\/wp-content\/uploads\/2019\/01\/Zaj\u0119cia-biblioteczne3.jpg\" alt=\"\" width=\"620\" height=\"826\" srcset=\"http:\/\/spp3.slawno.pl\/wp-content\/uploads\/2019\/01\/Zaj\u0119cia-biblioteczne3.jpg 620w, http:\/\/spp3.slawno.pl\/wp-content\/uploads\/2019\/01\/Zaj\u0119cia-biblioteczne3-225x300.jpg 225w\" sizes=\"(max-width: 620px) 100vw, 620px\" \/> <img loading=\"lazy\" decoding=\"async\" class=\"alignnone size-full wp-image-2889\" src=\"http:\/\/spp3.slawno.pl\/wp-content\/uploads\/2019\/01\/Zaj\u0119cia-biblioteczne5.jpg\" alt=\"\" width=\"620\" height=\"826\" srcset=\"http:\/\/spp3.slawno.pl\/wp-content\/uploads\/2019\/01\/Zaj\u0119cia-biblioteczne5.jpg 620w, http:\/\/spp3.slawno.pl\/wp-content\/uploads\/2019\/01\/Zaj\u0119cia-biblioteczne5-225x300.jpg 225w\" sizes=\"(max-width: 620px) 100vw, 620px\" \/><\/p>\n","protected":false},"excerpt":{"rendered":"<div class=\"mh-excerpt\"><p>Zaj\u0119cia w bibliotece szkolnej ,,Bezpieczne ferie zimowe w literaturze dzieci\u0119cej&#8221;.<\/p>\n<\/div>","protected":false},"author":2,"featured_media":2888,"comment_status":"closed","ping_status":"open","sticky":false,"template":"","format":"standard","meta":{"footnotes":""},"categories":[22,8],"tags":[],"class_list":["post-2883","post","type-post","status-publish","format-standard","has-post-thumbnail","hentry","category-lekcje-w-naszej-szkole-nie-sa-nudne","category-wydarzenia"],"_links":{"self":[{"href":"http:\/\/spp3.slawno.pl\/index.php?rest_route=\/wp\/v2\/posts\/2883"}],"collection":[{"href":"http:\/\/spp3.slawno.pl\/index.php?rest_route=\/wp\/v2\/posts"}],"about":[{"href":"http:\/\/spp3.slawno.pl\/index.php?rest_route=\/wp\/v2\/types\/post"}],"author":[{"embeddable":true,"href":"http:\/\/spp3.slawno.pl\/index.php?rest_route=\/wp\/v2\/users\/2"}],"replies":[{"embeddable":true,"href":"http:\/\/spp3.slawno.pl\/index.php?rest_route=%2Fwp%2Fv2%2Fcomments&post=2883"}],"version-history":[{"count":1,"href":"http:\/\/spp3.slawno.pl\/index.php?rest_route=\/wp\/v2\/posts\/2883\/revisions"}],"predecessor-version":[{"id":2890,"href":"http:\/\/spp3.slawno.pl\/index.php?rest_route=\/wp\/v2\/posts\/2883\/revisions\/2890"}],"wp:featuredmedia":[{"embeddable":true,"href":"http:\/\/spp3.slawno.pl\/index.php?rest_route=\/wp\/v2\/media\/2888"}],"wp:attachment":[{"href":"http:\/\/spp3.slawno.pl\/index.php?rest_route=%2Fwp%2Fv2%2Fmedia&parent=2883"}],"wp:term":[{"taxonomy":"category","embeddable":true,"href":"http:\/\/spp3.slawno.pl\/index.php?rest_route=%2Fwp%2Fv2%2Fcategories&post=2883"},{"taxonomy":"post_tag","embeddable":true,"href":"http:\/\/spp3.slawno.pl\/index.php?rest_route=%2Fwp%2Fv2%2Ftags&post=2883"}],"curies":[{"name":"wp","href":"https:\/\/api.w.org\/{rel}","templated":true}]}}