{"id":2891,"date":"2019-01-21T20:30:41","date_gmt":"2019-01-21T19:30:41","guid":{"rendered":"http:\/\/spp3.slawno.pl\/?p=2891"},"modified":"2019-01-21T20:30:41","modified_gmt":"2019-01-21T19:30:41","slug":"bezpieczne-ferie","status":"publish","type":"post","link":"http:\/\/spp3.slawno.pl\/?p=2891","title":{"rendered":"Bezpieczne ferie"},"content":{"rendered":"<p>Bezpieczne ferie zimowe. Spotkanie z policjantk\u0105 st.sier\u017c. Agnieszk\u0105 \u0141ukaszek i stra\u017cakiem m\u0142.kpt. Damianem Tomczykiem.<\/p>\n<p><img loading=\"lazy\" decoding=\"async\" class=\"alignnone  wp-image-2892\" src=\"http:\/\/spp3.slawno.pl\/wp-content\/uploads\/2019\/01\/Bezpieczne-ferie.jpg\" alt=\"\" width=\"499\" height=\"665\" srcset=\"http:\/\/spp3.slawno.pl\/wp-content\/uploads\/2019\/01\/Bezpieczne-ferie.jpg 620w, http:\/\/spp3.slawno.pl\/wp-content\/uploads\/2019\/01\/Bezpieczne-ferie-225x300.jpg 225w\" sizes=\"(max-width: 499px) 100vw, 499px\" \/> <img loading=\"lazy\" decoding=\"async\" class=\"alignnone  wp-image-2893\" src=\"http:\/\/spp3.slawno.pl\/wp-content\/uploads\/2019\/01\/Bezpieczne-ferie1.jpg\" alt=\"\" width=\"500\" height=\"666\" srcset=\"http:\/\/spp3.slawno.pl\/wp-content\/uploads\/2019\/01\/Bezpieczne-ferie1.jpg 620w, http:\/\/spp3.slawno.pl\/wp-content\/uploads\/2019\/01\/Bezpieczne-ferie1-225x300.jpg 225w\" sizes=\"(max-width: 500px) 100vw, 500px\" \/> <img loading=\"lazy\" decoding=\"async\" class=\"alignnone  wp-image-2895\" src=\"http:\/\/spp3.slawno.pl\/wp-content\/uploads\/2019\/01\/Bezpieczne-ferie3.jpg\" alt=\"\" width=\"500\" height=\"666\" srcset=\"http:\/\/spp3.slawno.pl\/wp-content\/uploads\/2019\/01\/Bezpieczne-ferie3.jpg 620w, http:\/\/spp3.slawno.pl\/wp-content\/uploads\/2019\/01\/Bezpieczne-ferie3-225x300.jpg 225w\" sizes=\"(max-width: 500px) 100vw, 500px\" \/> <img loading=\"lazy\" decoding=\"async\" class=\"alignnone  wp-image-2896\" src=\"http:\/\/spp3.slawno.pl\/wp-content\/uploads\/2019\/01\/Bezpieczne-ferie4.jpg\" alt=\"\" width=\"502\" height=\"669\" srcset=\"http:\/\/spp3.slawno.pl\/wp-content\/uploads\/2019\/01\/Bezpieczne-ferie4.jpg 620w, http:\/\/spp3.slawno.pl\/wp-content\/uploads\/2019\/01\/Bezpieczne-ferie4-225x300.jpg 225w\" sizes=\"(max-width: 502px) 100vw, 502px\" \/> <img loading=\"lazy\" decoding=\"async\" class=\"alignnone  wp-image-2897\" src=\"http:\/\/spp3.slawno.pl\/wp-content\/uploads\/2019\/01\/Bezpieczne-ferie5.jpg\" alt=\"\" width=\"503\" height=\"670\" srcset=\"http:\/\/spp3.slawno.pl\/wp-content\/uploads\/2019\/01\/Bezpieczne-ferie5.jpg 620w, http:\/\/spp3.slawno.pl\/wp-content\/uploads\/2019\/01\/Bezpieczne-ferie5-225x300.jpg 225w\" sizes=\"(max-width: 503px) 100vw, 503px\" \/><\/p>\n","protected":false},"excerpt":{"rendered":"<div class=\"mh-excerpt\"><p>Bezpieczne ferie zimowe. Spotkanie z policjantk\u0105 st.sier\u017c. Agnieszk\u0105 \u0141ukaszek i stra\u017cakiem m\u0142.kpt. Damianem Tomczykiem.<\/p>\n<\/div>","protected":false},"author":2,"featured_media":2894,"comment_status":"closed","ping_status":"open","sticky":false,"template":"","format":"standard","meta":{"footnotes":""},"categories":[22,8],"tags":[],"class_list":["post-2891","post","type-post","status-publish","format-standard","has-post-thumbnail","hentry","category-lekcje-w-naszej-szkole-nie-sa-nudne","category-wydarzenia"],"_links":{"self":[{"href":"http:\/\/spp3.slawno.pl\/index.php?rest_route=\/wp\/v2\/posts\/2891"}],"collection":[{"href":"http:\/\/spp3.slawno.pl\/index.php?rest_route=\/wp\/v2\/posts"}],"about":[{"href":"http:\/\/spp3.slawno.pl\/index.php?rest_route=\/wp\/v2\/types\/post"}],"author":[{"embeddable":true,"href":"http:\/\/spp3.slawno.pl\/index.php?rest_route=\/wp\/v2\/users\/2"}],"replies":[{"embeddable":true,"href":"http:\/\/spp3.slawno.pl\/index.php?rest_route=%2Fwp%2Fv2%2Fcomments&post=2891"}],"version-history":[{"count":1,"href":"http:\/\/spp3.slawno.pl\/index.php?rest_route=\/wp\/v2\/posts\/2891\/revisions"}],"predecessor-version":[{"id":2898,"href":"http:\/\/spp3.slawno.pl\/index.php?rest_route=\/wp\/v2\/posts\/2891\/revisions\/2898"}],"wp:featuredmedia":[{"embeddable":true,"href":"http:\/\/spp3.slawno.pl\/index.php?rest_route=\/wp\/v2\/media\/2894"}],"wp:attachment":[{"href":"http:\/\/spp3.slawno.pl\/index.php?rest_route=%2Fwp%2Fv2%2Fmedia&parent=2891"}],"wp:term":[{"taxonomy":"category","embeddable":true,"href":"http:\/\/spp3.slawno.pl\/index.php?rest_route=%2Fwp%2Fv2%2Fcategories&post=2891"},{"taxonomy":"post_tag","embeddable":true,"href":"http:\/\/spp3.slawno.pl\/index.php?rest_route=%2Fwp%2Fv2%2Ftags&post=2891"}],"curies":[{"name":"wp","href":"https:\/\/api.w.org\/{rel}","templated":true}]}}