{"id":2899,"date":"2019-01-23T07:25:10","date_gmt":"2019-01-23T06:25:10","guid":{"rendered":"http:\/\/spp3.slawno.pl\/?p=2899"},"modified":"2019-01-23T07:25:10","modified_gmt":"2019-01-23T06:25:10","slug":"bal-karnawalowy","status":"publish","type":"post","link":"http:\/\/spp3.slawno.pl\/?p=2899","title":{"rendered":"Bal karnawa\u0142owy"},"content":{"rendered":"<p>Bal karnawa\u0142owy klas I-III. Tak bawi\u0142a si\u0119 klasa IIa.<\/p>\n<p><img loading=\"lazy\" decoding=\"async\" class=\"alignnone size-full wp-image-2900\" src=\"http:\/\/spp3.slawno.pl\/wp-content\/uploads\/2019\/01\/Bal.jpg\" alt=\"\" width=\"620\" height=\"826\" srcset=\"http:\/\/spp3.slawno.pl\/wp-content\/uploads\/2019\/01\/Bal.jpg 620w, http:\/\/spp3.slawno.pl\/wp-content\/uploads\/2019\/01\/Bal-225x300.jpg 225w\" sizes=\"(max-width: 620px) 100vw, 620px\" \/> <img loading=\"lazy\" decoding=\"async\" class=\"alignnone size-large wp-image-2901\" src=\"http:\/\/spp3.slawno.pl\/wp-content\/uploads\/2019\/01\/Bal1-Kopia-2.jpg\" alt=\"\" width=\"826\" height=\"620\" srcset=\"http:\/\/spp3.slawno.pl\/wp-content\/uploads\/2019\/01\/Bal1-Kopia-2.jpg 826w, http:\/\/spp3.slawno.pl\/wp-content\/uploads\/2019\/01\/Bal1-Kopia-2-300x225.jpg 300w, http:\/\/spp3.slawno.pl\/wp-content\/uploads\/2019\/01\/Bal1-Kopia-2-768x576.jpg 768w, http:\/\/spp3.slawno.pl\/wp-content\/uploads\/2019\/01\/Bal1-Kopia-2-678x509.jpg 678w, http:\/\/spp3.slawno.pl\/wp-content\/uploads\/2019\/01\/Bal1-Kopia-2-326x245.jpg 326w, http:\/\/spp3.slawno.pl\/wp-content\/uploads\/2019\/01\/Bal1-Kopia-2-80x60.jpg 80w\" sizes=\"(max-width: 826px) 100vw, 826px\" \/> \u00a0<img loading=\"lazy\" decoding=\"async\" class=\"alignnone size-large wp-image-2903\" src=\"http:\/\/spp3.slawno.pl\/wp-content\/uploads\/2019\/01\/Bal2.jpg\" alt=\"\" width=\"620\" height=\"826\" srcset=\"http:\/\/spp3.slawno.pl\/wp-content\/uploads\/2019\/01\/Bal2.jpg 620w, http:\/\/spp3.slawno.pl\/wp-content\/uploads\/2019\/01\/Bal2-225x300.jpg 225w\" sizes=\"(max-width: 620px) 100vw, 620px\" \/> <img loading=\"lazy\" decoding=\"async\" class=\"alignnone size-large wp-image-2904\" src=\"http:\/\/spp3.slawno.pl\/wp-content\/uploads\/2019\/01\/Bal3.jpg\" alt=\"\" width=\"620\" height=\"826\" srcset=\"http:\/\/spp3.slawno.pl\/wp-content\/uploads\/2019\/01\/Bal3.jpg 620w, http:\/\/spp3.slawno.pl\/wp-content\/uploads\/2019\/01\/Bal3-225x300.jpg 225w\" sizes=\"(max-width: 620px) 100vw, 620px\" \/> <img loading=\"lazy\" decoding=\"async\" class=\"alignnone size-large wp-image-2905\" src=\"http:\/\/spp3.slawno.pl\/wp-content\/uploads\/2019\/01\/Bal4.jpg\" alt=\"\" width=\"620\" height=\"826\" srcset=\"http:\/\/spp3.slawno.pl\/wp-content\/uploads\/2019\/01\/Bal4.jpg 620w, http:\/\/spp3.slawno.pl\/wp-content\/uploads\/2019\/01\/Bal4-225x300.jpg 225w\" sizes=\"(max-width: 620px) 100vw, 620px\" \/> <img loading=\"lazy\" decoding=\"async\" class=\"alignnone size-full wp-image-2907\" src=\"http:\/\/spp3.slawno.pl\/wp-content\/uploads\/2019\/01\/Bal6.jpg\" alt=\"\" width=\"620\" height=\"826\" srcset=\"http:\/\/spp3.slawno.pl\/wp-content\/uploads\/2019\/01\/Bal6.jpg 620w, http:\/\/spp3.slawno.pl\/wp-content\/uploads\/2019\/01\/Bal6-225x300.jpg 225w\" sizes=\"(max-width: 620px) 100vw, 620px\" \/><\/p>\n","protected":false},"excerpt":{"rendered":"<div class=\"mh-excerpt\"><p>Bal karnawa\u0142owy klas I-III. Tak bawi\u0142a si\u0119 klasa IIa. \u00a0<\/p>\n<\/div>","protected":false},"author":2,"featured_media":2906,"comment_status":"closed","ping_status":"open","sticky":false,"template":"","format":"standard","meta":{"footnotes":""},"categories":[8],"tags":[],"class_list":["post-2899","post","type-post","status-publish","format-standard","has-post-thumbnail","hentry","category-wydarzenia"],"_links":{"self":[{"href":"http:\/\/spp3.slawno.pl\/index.php?rest_route=\/wp\/v2\/posts\/2899"}],"collection":[{"href":"http:\/\/spp3.slawno.pl\/index.php?rest_route=\/wp\/v2\/posts"}],"about":[{"href":"http:\/\/spp3.slawno.pl\/index.php?rest_route=\/wp\/v2\/types\/post"}],"author":[{"embeddable":true,"href":"http:\/\/spp3.slawno.pl\/index.php?rest_route=\/wp\/v2\/users\/2"}],"replies":[{"embeddable":true,"href":"http:\/\/spp3.slawno.pl\/index.php?rest_route=%2Fwp%2Fv2%2Fcomments&post=2899"}],"version-history":[{"count":1,"href":"http:\/\/spp3.slawno.pl\/index.php?rest_route=\/wp\/v2\/posts\/2899\/revisions"}],"predecessor-version":[{"id":2908,"href":"http:\/\/spp3.slawno.pl\/index.php?rest_route=\/wp\/v2\/posts\/2899\/revisions\/2908"}],"wp:featuredmedia":[{"embeddable":true,"href":"http:\/\/spp3.slawno.pl\/index.php?rest_route=\/wp\/v2\/media\/2906"}],"wp:attachment":[{"href":"http:\/\/spp3.slawno.pl\/index.php?rest_route=%2Fwp%2Fv2%2Fmedia&parent=2899"}],"wp:term":[{"taxonomy":"category","embeddable":true,"href":"http:\/\/spp3.slawno.pl\/index.php?rest_route=%2Fwp%2Fv2%2Fcategories&post=2899"},{"taxonomy":"post_tag","embeddable":true,"href":"http:\/\/spp3.slawno.pl\/index.php?rest_route=%2Fwp%2Fv2%2Ftags&post=2899"}],"curies":[{"name":"wp","href":"https:\/\/api.w.org\/{rel}","templated":true}]}}