{"id":2909,"date":"2019-01-26T00:15:40","date_gmt":"2019-01-25T23:15:40","guid":{"rendered":"http:\/\/spp3.slawno.pl\/?p=2909"},"modified":"2019-01-26T00:16:08","modified_gmt":"2019-01-25T23:16:08","slug":"2909","status":"publish","type":"post","link":"http:\/\/spp3.slawno.pl\/?p=2909","title":{"rendered":"&#8222;Razem lepiej&#8221;"},"content":{"rendered":"<p>Spotkanie z przedstawicielkami Postomi\u0144skiego Stowarzyszenia ,,Razem lepiej&#8221; na temat savoir-vivre wobec os\u00f3b z niepe\u0142nosprawno\u015bci\u0105. Pani Tereska i pani Ewa wprowadzi\u0142y nas w pi\u0119kny i pe\u0142en mi\u0142o\u015bci \u015bwiat.<\/p>\n<p><img loading=\"lazy\" decoding=\"async\" class=\"alignnone size-full wp-image-2911\" src=\"http:\/\/spp3.slawno.pl\/wp-content\/uploads\/2019\/01\/Razem-lepiej1.jpg\" alt=\"\" width=\"620\" height=\"826\" srcset=\"http:\/\/spp3.slawno.pl\/wp-content\/uploads\/2019\/01\/Razem-lepiej1.jpg 620w, http:\/\/spp3.slawno.pl\/wp-content\/uploads\/2019\/01\/Razem-lepiej1-225x300.jpg 225w\" sizes=\"(max-width: 620px) 100vw, 620px\" \/> <img loading=\"lazy\" decoding=\"async\" class=\"alignnone size-large wp-image-2912\" src=\"http:\/\/spp3.slawno.pl\/wp-content\/uploads\/2019\/01\/Razem-lepiej2.jpg\" alt=\"\" width=\"620\" height=\"826\" srcset=\"http:\/\/spp3.slawno.pl\/wp-content\/uploads\/2019\/01\/Razem-lepiej2.jpg 620w, http:\/\/spp3.slawno.pl\/wp-content\/uploads\/2019\/01\/Razem-lepiej2-225x300.jpg 225w\" sizes=\"(max-width: 620px) 100vw, 620px\" \/> <img loading=\"lazy\" decoding=\"async\" class=\"alignnone size-large wp-image-2913\" src=\"http:\/\/spp3.slawno.pl\/wp-content\/uploads\/2019\/01\/Razem-lepiej3.jpg\" alt=\"\" width=\"620\" height=\"826\" srcset=\"http:\/\/spp3.slawno.pl\/wp-content\/uploads\/2019\/01\/Razem-lepiej3.jpg 620w, http:\/\/spp3.slawno.pl\/wp-content\/uploads\/2019\/01\/Razem-lepiej3-225x300.jpg 225w\" sizes=\"(max-width: 620px) 100vw, 620px\" \/> <img loading=\"lazy\" decoding=\"async\" class=\"alignnone size-large wp-image-2914\" src=\"http:\/\/spp3.slawno.pl\/wp-content\/uploads\/2019\/01\/Razem-lepiej4.jpg\" alt=\"\" width=\"620\" height=\"826\" srcset=\"http:\/\/spp3.slawno.pl\/wp-content\/uploads\/2019\/01\/Razem-lepiej4.jpg 620w, http:\/\/spp3.slawno.pl\/wp-content\/uploads\/2019\/01\/Razem-lepiej4-225x300.jpg 225w\" sizes=\"(max-width: 620px) 100vw, 620px\" \/> <img loading=\"lazy\" decoding=\"async\" class=\"alignnone size-large wp-image-2915\" src=\"http:\/\/spp3.slawno.pl\/wp-content\/uploads\/2019\/01\/Razem-lepiej5.jpg\" alt=\"\" width=\"620\" height=\"826\" srcset=\"http:\/\/spp3.slawno.pl\/wp-content\/uploads\/2019\/01\/Razem-lepiej5.jpg 620w, http:\/\/spp3.slawno.pl\/wp-content\/uploads\/2019\/01\/Razem-lepiej5-225x300.jpg 225w\" sizes=\"(max-width: 620px) 100vw, 620px\" \/> <img loading=\"lazy\" decoding=\"async\" class=\"alignnone size-full wp-image-2916\" src=\"http:\/\/spp3.slawno.pl\/wp-content\/uploads\/2019\/01\/Razem-lepiej6.jpg\" alt=\"\" width=\"620\" height=\"826\" srcset=\"http:\/\/spp3.slawno.pl\/wp-content\/uploads\/2019\/01\/Razem-lepiej6.jpg 620w, http:\/\/spp3.slawno.pl\/wp-content\/uploads\/2019\/01\/Razem-lepiej6-225x300.jpg 225w\" sizes=\"(max-width: 620px) 100vw, 620px\" \/><\/p>\n","protected":false},"excerpt":{"rendered":"<div class=\"mh-excerpt\"><p>Spotkanie z przedstawicielkami Postomi\u0144skiego Stowarzyszenia ,,Razem lepiej&#8221; na temat savoir-vivre wobec os\u00f3b z niepe\u0142nosprawno\u015bci\u0105. Pani Tereska i pani Ewa wprowadzi\u0142y nas w pi\u0119kny i pe\u0142en <a class=\"mh-excerpt-more\" href=\"http:\/\/spp3.slawno.pl\/?p=2909\" title=\"&#8222;Razem lepiej&#8221;\">[&#8230;]<\/a><\/p>\n<\/div>","protected":false},"author":2,"featured_media":2910,"comment_status":"closed","ping_status":"open","sticky":false,"template":"","format":"standard","meta":{"footnotes":""},"categories":[22,8],"tags":[],"class_list":["post-2909","post","type-post","status-publish","format-standard","has-post-thumbnail","hentry","category-lekcje-w-naszej-szkole-nie-sa-nudne","category-wydarzenia"],"_links":{"self":[{"href":"http:\/\/spp3.slawno.pl\/index.php?rest_route=\/wp\/v2\/posts\/2909"}],"collection":[{"href":"http:\/\/spp3.slawno.pl\/index.php?rest_route=\/wp\/v2\/posts"}],"about":[{"href":"http:\/\/spp3.slawno.pl\/index.php?rest_route=\/wp\/v2\/types\/post"}],"author":[{"embeddable":true,"href":"http:\/\/spp3.slawno.pl\/index.php?rest_route=\/wp\/v2\/users\/2"}],"replies":[{"embeddable":true,"href":"http:\/\/spp3.slawno.pl\/index.php?rest_route=%2Fwp%2Fv2%2Fcomments&post=2909"}],"version-history":[{"count":2,"href":"http:\/\/spp3.slawno.pl\/index.php?rest_route=\/wp\/v2\/posts\/2909\/revisions"}],"predecessor-version":[{"id":2918,"href":"http:\/\/spp3.slawno.pl\/index.php?rest_route=\/wp\/v2\/posts\/2909\/revisions\/2918"}],"wp:featuredmedia":[{"embeddable":true,"href":"http:\/\/spp3.slawno.pl\/index.php?rest_route=\/wp\/v2\/media\/2910"}],"wp:attachment":[{"href":"http:\/\/spp3.slawno.pl\/index.php?rest_route=%2Fwp%2Fv2%2Fmedia&parent=2909"}],"wp:term":[{"taxonomy":"category","embeddable":true,"href":"http:\/\/spp3.slawno.pl\/index.php?rest_route=%2Fwp%2Fv2%2Fcategories&post=2909"},{"taxonomy":"post_tag","embeddable":true,"href":"http:\/\/spp3.slawno.pl\/index.php?rest_route=%2Fwp%2Fv2%2Ftags&post=2909"}],"curies":[{"name":"wp","href":"https:\/\/api.w.org\/{rel}","templated":true}]}}