{"id":2951,"date":"2019-02-03T17:18:38","date_gmt":"2019-02-03T16:18:38","guid":{"rendered":"http:\/\/spp3.slawno.pl\/?p=2951"},"modified":"2019-02-03T17:18:38","modified_gmt":"2019-02-03T16:18:38","slug":"i-slawienski-konkurs-piosenki-zimowej-i-koled-w-jezyku-angielskim-merry-christmas","status":"publish","type":"post","link":"http:\/\/spp3.slawno.pl\/?p=2951","title":{"rendered":"I S\u0142awie\u0144ski Konkurs Piosenki Zimowej  i Kol\u0119d  w j\u0119zyku angielskim &#8222;Merry Christmas&#8221;"},"content":{"rendered":"<p>Na I S\u0142awie\u0144skim Konkursie Piosenki Zimowej i Kol\u0119d w j. angielskim,, Merry Christmas\u201d dla przedszkoli i szk\u00f3\u0142 podstawowych reprezentowa\u0142o Szko\u0142\u0119 Podstawow\u0105 nr 3 wiele zespo\u0142\u00f3w i solist\u00f3w. Atmosfera by\u0142a pi\u0119kna i \u015bwi\u0105teczna . Gratulujemy wszystkim uczestnikom i dzi\u0119kujemy, \u017ce byli\u015bcie z nami. Do zobaczenia za rok.<\/p>\n<p><img loading=\"lazy\" decoding=\"async\" class=\"size-full wp-image-2947\" src=\"http:\/\/spp3.slawno.pl\/wp-content\/uploads\/2019\/02\/Kol\u0119dowanie-SDK-stycze\u0144-2019.jpg\" alt=\"\" width=\"832\" height=\"624\" srcset=\"http:\/\/spp3.slawno.pl\/wp-content\/uploads\/2019\/02\/Kol\u0119dowanie-SDK-stycze\u0144-2019.jpg 832w, http:\/\/spp3.slawno.pl\/wp-content\/uploads\/2019\/02\/Kol\u0119dowanie-SDK-stycze\u0144-2019-300x225.jpg 300w, http:\/\/spp3.slawno.pl\/wp-content\/uploads\/2019\/02\/Kol\u0119dowanie-SDK-stycze\u0144-2019-768x576.jpg 768w, http:\/\/spp3.slawno.pl\/wp-content\/uploads\/2019\/02\/Kol\u0119dowanie-SDK-stycze\u0144-2019-678x509.jpg 678w, http:\/\/spp3.slawno.pl\/wp-content\/uploads\/2019\/02\/Kol\u0119dowanie-SDK-stycze\u0144-2019-326x245.jpg 326w, http:\/\/spp3.slawno.pl\/wp-content\/uploads\/2019\/02\/Kol\u0119dowanie-SDK-stycze\u0144-2019-80x60.jpg 80w\" sizes=\"(max-width: 832px) 100vw, 832px\" \/><\/p>\n<p><img loading=\"lazy\" decoding=\"async\" class=\"size-full wp-image-2946\" src=\"http:\/\/spp3.slawno.pl\/wp-content\/uploads\/2019\/02\/Kol\u0119dowanie-SDK-stycze\u0144-2019-2.jpg\" alt=\"\" width=\"832\" height=\"624\" srcset=\"http:\/\/spp3.slawno.pl\/wp-content\/uploads\/2019\/02\/Kol\u0119dowanie-SDK-stycze\u0144-2019-2.jpg 832w, http:\/\/spp3.slawno.pl\/wp-content\/uploads\/2019\/02\/Kol\u0119dowanie-SDK-stycze\u0144-2019-2-300x225.jpg 300w, http:\/\/spp3.slawno.pl\/wp-content\/uploads\/2019\/02\/Kol\u0119dowanie-SDK-stycze\u0144-2019-2-768x576.jpg 768w, http:\/\/spp3.slawno.pl\/wp-content\/uploads\/2019\/02\/Kol\u0119dowanie-SDK-stycze\u0144-2019-2-678x509.jpg 678w, http:\/\/spp3.slawno.pl\/wp-content\/uploads\/2019\/02\/Kol\u0119dowanie-SDK-stycze\u0144-2019-2-326x245.jpg 326w, http:\/\/spp3.slawno.pl\/wp-content\/uploads\/2019\/02\/Kol\u0119dowanie-SDK-stycze\u0144-2019-2-80x60.jpg 80w\" sizes=\"(max-width: 832px) 100vw, 832px\" \/><\/p>\n<p><img loading=\"lazy\" decoding=\"async\" class=\"size-full wp-image-2945\" src=\"http:\/\/spp3.slawno.pl\/wp-content\/uploads\/2019\/02\/Kol\u0119dowanie-SDK-18stycze\u0144-2019.jpg\" alt=\"\" width=\"832\" height=\"624\" srcset=\"http:\/\/spp3.slawno.pl\/wp-content\/uploads\/2019\/02\/Kol\u0119dowanie-SDK-18stycze\u0144-2019.jpg 832w, http:\/\/spp3.slawno.pl\/wp-content\/uploads\/2019\/02\/Kol\u0119dowanie-SDK-18stycze\u0144-2019-300x225.jpg 300w, http:\/\/spp3.slawno.pl\/wp-content\/uploads\/2019\/02\/Kol\u0119dowanie-SDK-18stycze\u0144-2019-768x576.jpg 768w, http:\/\/spp3.slawno.pl\/wp-content\/uploads\/2019\/02\/Kol\u0119dowanie-SDK-18stycze\u0144-2019-678x509.jpg 678w, http:\/\/spp3.slawno.pl\/wp-content\/uploads\/2019\/02\/Kol\u0119dowanie-SDK-18stycze\u0144-2019-326x245.jpg 326w, http:\/\/spp3.slawno.pl\/wp-content\/uploads\/2019\/02\/Kol\u0119dowanie-SDK-18stycze\u0144-2019-80x60.jpg 80w\" sizes=\"(max-width: 832px) 100vw, 832px\" \/><\/p>\n<p><img loading=\"lazy\" decoding=\"async\" class=\"size-full wp-image-2944\" src=\"http:\/\/spp3.slawno.pl\/wp-content\/uploads\/2019\/02\/Kol\u0119dowanie-SDK-17stycze\u0144-2019.jpg\" alt=\"\" width=\"832\" height=\"624\" srcset=\"http:\/\/spp3.slawno.pl\/wp-content\/uploads\/2019\/02\/Kol\u0119dowanie-SDK-17stycze\u0144-2019.jpg 832w, http:\/\/spp3.slawno.pl\/wp-content\/uploads\/2019\/02\/Kol\u0119dowanie-SDK-17stycze\u0144-2019-300x225.jpg 300w, http:\/\/spp3.slawno.pl\/wp-content\/uploads\/2019\/02\/Kol\u0119dowanie-SDK-17stycze\u0144-2019-768x576.jpg 768w, http:\/\/spp3.slawno.pl\/wp-content\/uploads\/2019\/02\/Kol\u0119dowanie-SDK-17stycze\u0144-2019-678x509.jpg 678w, http:\/\/spp3.slawno.pl\/wp-content\/uploads\/2019\/02\/Kol\u0119dowanie-SDK-17stycze\u0144-2019-326x245.jpg 326w, http:\/\/spp3.slawno.pl\/wp-content\/uploads\/2019\/02\/Kol\u0119dowanie-SDK-17stycze\u0144-2019-80x60.jpg 80w\" sizes=\"(max-width: 832px) 100vw, 832px\" \/><\/p>\n<p><img loading=\"lazy\" decoding=\"async\" class=\"size-full wp-image-2943\" src=\"http:\/\/spp3.slawno.pl\/wp-content\/uploads\/2019\/02\/Kol\u0119dowanie-SDK-16stycze\u0144-2019.jpg\" alt=\"\" width=\"832\" height=\"624\" srcset=\"http:\/\/spp3.slawno.pl\/wp-content\/uploads\/2019\/02\/Kol\u0119dowanie-SDK-16stycze\u0144-2019.jpg 832w, http:\/\/spp3.slawno.pl\/wp-content\/uploads\/2019\/02\/Kol\u0119dowanie-SDK-16stycze\u0144-2019-300x225.jpg 300w, http:\/\/spp3.slawno.pl\/wp-content\/uploads\/2019\/02\/Kol\u0119dowanie-SDK-16stycze\u0144-2019-768x576.jpg 768w, http:\/\/spp3.slawno.pl\/wp-content\/uploads\/2019\/02\/Kol\u0119dowanie-SDK-16stycze\u0144-2019-678x509.jpg 678w, http:\/\/spp3.slawno.pl\/wp-content\/uploads\/2019\/02\/Kol\u0119dowanie-SDK-16stycze\u0144-2019-326x245.jpg 326w, http:\/\/spp3.slawno.pl\/wp-content\/uploads\/2019\/02\/Kol\u0119dowanie-SDK-16stycze\u0144-2019-80x60.jpg 80w\" sizes=\"(max-width: 832px) 100vw, 832px\" \/><\/p>\n<p><img loading=\"lazy\" decoding=\"async\" class=\"size-full wp-image-2942\" src=\"http:\/\/spp3.slawno.pl\/wp-content\/uploads\/2019\/02\/Kol\u0119dowanie-SDK-14stycze\u0144-2019.jpg\" alt=\"\" width=\"832\" height=\"624\" srcset=\"http:\/\/spp3.slawno.pl\/wp-content\/uploads\/2019\/02\/Kol\u0119dowanie-SDK-14stycze\u0144-2019.jpg 832w, http:\/\/spp3.slawno.pl\/wp-content\/uploads\/2019\/02\/Kol\u0119dowanie-SDK-14stycze\u0144-2019-300x225.jpg 300w, http:\/\/spp3.slawno.pl\/wp-content\/uploads\/2019\/02\/Kol\u0119dowanie-SDK-14stycze\u0144-2019-768x576.jpg 768w, http:\/\/spp3.slawno.pl\/wp-content\/uploads\/2019\/02\/Kol\u0119dowanie-SDK-14stycze\u0144-2019-678x509.jpg 678w, http:\/\/spp3.slawno.pl\/wp-content\/uploads\/2019\/02\/Kol\u0119dowanie-SDK-14stycze\u0144-2019-326x245.jpg 326w, http:\/\/spp3.slawno.pl\/wp-content\/uploads\/2019\/02\/Kol\u0119dowanie-SDK-14stycze\u0144-2019-80x60.jpg 80w\" sizes=\"(max-width: 832px) 100vw, 832px\" \/><\/p>\n<p><img loading=\"lazy\" decoding=\"async\" class=\"size-full wp-image-2941\" src=\"http:\/\/spp3.slawno.pl\/wp-content\/uploads\/2019\/02\/Kol\u0119dowanie-SDK-13stycze\u0144-2019.jpg\" alt=\"\" width=\"832\" height=\"624\" srcset=\"http:\/\/spp3.slawno.pl\/wp-content\/uploads\/2019\/02\/Kol\u0119dowanie-SDK-13stycze\u0144-2019.jpg 832w, http:\/\/spp3.slawno.pl\/wp-content\/uploads\/2019\/02\/Kol\u0119dowanie-SDK-13stycze\u0144-2019-300x225.jpg 300w, http:\/\/spp3.slawno.pl\/wp-content\/uploads\/2019\/02\/Kol\u0119dowanie-SDK-13stycze\u0144-2019-768x576.jpg 768w, http:\/\/spp3.slawno.pl\/wp-content\/uploads\/2019\/02\/Kol\u0119dowanie-SDK-13stycze\u0144-2019-678x509.jpg 678w, http:\/\/spp3.slawno.pl\/wp-content\/uploads\/2019\/02\/Kol\u0119dowanie-SDK-13stycze\u0144-2019-326x245.jpg 326w, http:\/\/spp3.slawno.pl\/wp-content\/uploads\/2019\/02\/Kol\u0119dowanie-SDK-13stycze\u0144-2019-80x60.jpg 80w\" sizes=\"(max-width: 832px) 100vw, 832px\" \/><\/p>\n<p><img loading=\"lazy\" decoding=\"async\" class=\"size-full wp-image-2940\" src=\"http:\/\/spp3.slawno.pl\/wp-content\/uploads\/2019\/02\/Kol\u0119dowanie-SDK-12stycze\u0144-2019.jpg\" alt=\"\" width=\"832\" height=\"624\" srcset=\"http:\/\/spp3.slawno.pl\/wp-content\/uploads\/2019\/02\/Kol\u0119dowanie-SDK-12stycze\u0144-2019.jpg 832w, http:\/\/spp3.slawno.pl\/wp-content\/uploads\/2019\/02\/Kol\u0119dowanie-SDK-12stycze\u0144-2019-300x225.jpg 300w, http:\/\/spp3.slawno.pl\/wp-content\/uploads\/2019\/02\/Kol\u0119dowanie-SDK-12stycze\u0144-2019-768x576.jpg 768w, http:\/\/spp3.slawno.pl\/wp-content\/uploads\/2019\/02\/Kol\u0119dowanie-SDK-12stycze\u0144-2019-678x509.jpg 678w, http:\/\/spp3.slawno.pl\/wp-content\/uploads\/2019\/02\/Kol\u0119dowanie-SDK-12stycze\u0144-2019-326x245.jpg 326w, http:\/\/spp3.slawno.pl\/wp-content\/uploads\/2019\/02\/Kol\u0119dowanie-SDK-12stycze\u0144-2019-80x60.jpg 80w\" sizes=\"(max-width: 832px) 100vw, 832px\" \/><\/p>\n<p><img loading=\"lazy\" decoding=\"async\" class=\"size-full wp-image-2939\" src=\"http:\/\/spp3.slawno.pl\/wp-content\/uploads\/2019\/02\/Kol\u0119dowanie-SDK-11stycze\u0144-2019.jpg\" alt=\"\" width=\"832\" height=\"624\" srcset=\"http:\/\/spp3.slawno.pl\/wp-content\/uploads\/2019\/02\/Kol\u0119dowanie-SDK-11stycze\u0144-2019.jpg 832w, http:\/\/spp3.slawno.pl\/wp-content\/uploads\/2019\/02\/Kol\u0119dowanie-SDK-11stycze\u0144-2019-300x225.jpg 300w, http:\/\/spp3.slawno.pl\/wp-content\/uploads\/2019\/02\/Kol\u0119dowanie-SDK-11stycze\u0144-2019-768x576.jpg 768w, http:\/\/spp3.slawno.pl\/wp-content\/uploads\/2019\/02\/Kol\u0119dowanie-SDK-11stycze\u0144-2019-678x509.jpg 678w, http:\/\/spp3.slawno.pl\/wp-content\/uploads\/2019\/02\/Kol\u0119dowanie-SDK-11stycze\u0144-2019-326x245.jpg 326w, http:\/\/spp3.slawno.pl\/wp-content\/uploads\/2019\/02\/Kol\u0119dowanie-SDK-11stycze\u0144-2019-80x60.jpg 80w\" sizes=\"(max-width: 832px) 100vw, 832px\" \/><\/p>\n<p><img loading=\"lazy\" decoding=\"async\" class=\"size-full wp-image-2938\" src=\"http:\/\/spp3.slawno.pl\/wp-content\/uploads\/2019\/02\/Kol\u0119dowanie-SDK-10stycze\u0144-2019.jpg\" alt=\"\" width=\"832\" height=\"624\" srcset=\"http:\/\/spp3.slawno.pl\/wp-content\/uploads\/2019\/02\/Kol\u0119dowanie-SDK-10stycze\u0144-2019.jpg 832w, http:\/\/spp3.slawno.pl\/wp-content\/uploads\/2019\/02\/Kol\u0119dowanie-SDK-10stycze\u0144-2019-300x225.jpg 300w, http:\/\/spp3.slawno.pl\/wp-content\/uploads\/2019\/02\/Kol\u0119dowanie-SDK-10stycze\u0144-2019-768x576.jpg 768w, http:\/\/spp3.slawno.pl\/wp-content\/uploads\/2019\/02\/Kol\u0119dowanie-SDK-10stycze\u0144-2019-678x509.jpg 678w, http:\/\/spp3.slawno.pl\/wp-content\/uploads\/2019\/02\/Kol\u0119dowanie-SDK-10stycze\u0144-2019-326x245.jpg 326w, http:\/\/spp3.slawno.pl\/wp-content\/uploads\/2019\/02\/Kol\u0119dowanie-SDK-10stycze\u0144-2019-80x60.jpg 80w\" sizes=\"(max-width: 832px) 100vw, 832px\" \/><\/p>\n<p><img loading=\"lazy\" decoding=\"async\" class=\"size-full wp-image-2936\" src=\"http:\/\/spp3.slawno.pl\/wp-content\/uploads\/2019\/02\/Kol\u0119dowanie-SDK-8stycze\u0144-2019.jpg\" alt=\"\" width=\"832\" height=\"624\" srcset=\"http:\/\/spp3.slawno.pl\/wp-content\/uploads\/2019\/02\/Kol\u0119dowanie-SDK-8stycze\u0144-2019.jpg 832w, http:\/\/spp3.slawno.pl\/wp-content\/uploads\/2019\/02\/Kol\u0119dowanie-SDK-8stycze\u0144-2019-300x225.jpg 300w, http:\/\/spp3.slawno.pl\/wp-content\/uploads\/2019\/02\/Kol\u0119dowanie-SDK-8stycze\u0144-2019-768x576.jpg 768w, http:\/\/spp3.slawno.pl\/wp-content\/uploads\/2019\/02\/Kol\u0119dowanie-SDK-8stycze\u0144-2019-678x509.jpg 678w, http:\/\/spp3.slawno.pl\/wp-content\/uploads\/2019\/02\/Kol\u0119dowanie-SDK-8stycze\u0144-2019-326x245.jpg 326w, http:\/\/spp3.slawno.pl\/wp-content\/uploads\/2019\/02\/Kol\u0119dowanie-SDK-8stycze\u0144-2019-80x60.jpg 80w\" sizes=\"(max-width: 832px) 100vw, 832px\" \/><\/p>\n<p><img loading=\"lazy\" decoding=\"async\" class=\"size-full wp-image-2935\" src=\"http:\/\/spp3.slawno.pl\/wp-content\/uploads\/2019\/02\/Kol\u0119dowanie-SDK-7stycze\u0144-2019.jpg\" alt=\"\" width=\"832\" height=\"624\" srcset=\"http:\/\/spp3.slawno.pl\/wp-content\/uploads\/2019\/02\/Kol\u0119dowanie-SDK-7stycze\u0144-2019.jpg 832w, http:\/\/spp3.slawno.pl\/wp-content\/uploads\/2019\/02\/Kol\u0119dowanie-SDK-7stycze\u0144-2019-300x225.jpg 300w, http:\/\/spp3.slawno.pl\/wp-content\/uploads\/2019\/02\/Kol\u0119dowanie-SDK-7stycze\u0144-2019-768x576.jpg 768w, http:\/\/spp3.slawno.pl\/wp-content\/uploads\/2019\/02\/Kol\u0119dowanie-SDK-7stycze\u0144-2019-678x509.jpg 678w, http:\/\/spp3.slawno.pl\/wp-content\/uploads\/2019\/02\/Kol\u0119dowanie-SDK-7stycze\u0144-2019-326x245.jpg 326w, http:\/\/spp3.slawno.pl\/wp-content\/uploads\/2019\/02\/Kol\u0119dowanie-SDK-7stycze\u0144-2019-80x60.jpg 80w\" sizes=\"(max-width: 832px) 100vw, 832px\" \/><\/p>\n<p><img loading=\"lazy\" decoding=\"async\" class=\"size-full wp-image-2934\" src=\"http:\/\/spp3.slawno.pl\/wp-content\/uploads\/2019\/02\/Kol\u0119dowanie-SDK-6stycze\u0144-2019.jpg\" alt=\"\" width=\"832\" height=\"624\" srcset=\"http:\/\/spp3.slawno.pl\/wp-content\/uploads\/2019\/02\/Kol\u0119dowanie-SDK-6stycze\u0144-2019.jpg 832w, http:\/\/spp3.slawno.pl\/wp-content\/uploads\/2019\/02\/Kol\u0119dowanie-SDK-6stycze\u0144-2019-300x225.jpg 300w, http:\/\/spp3.slawno.pl\/wp-content\/uploads\/2019\/02\/Kol\u0119dowanie-SDK-6stycze\u0144-2019-768x576.jpg 768w, http:\/\/spp3.slawno.pl\/wp-content\/uploads\/2019\/02\/Kol\u0119dowanie-SDK-6stycze\u0144-2019-678x509.jpg 678w, http:\/\/spp3.slawno.pl\/wp-content\/uploads\/2019\/02\/Kol\u0119dowanie-SDK-6stycze\u0144-2019-326x245.jpg 326w, http:\/\/spp3.slawno.pl\/wp-content\/uploads\/2019\/02\/Kol\u0119dowanie-SDK-6stycze\u0144-2019-80x60.jpg 80w\" sizes=\"(max-width: 832px) 100vw, 832px\" \/><\/p>\n<p><img loading=\"lazy\" decoding=\"async\" class=\"size-full wp-image-2933\" src=\"http:\/\/spp3.slawno.pl\/wp-content\/uploads\/2019\/02\/Kol\u0119dowanie-SDK-5stycze\u0144-2019.jpg\" alt=\"\" width=\"832\" height=\"624\" srcset=\"http:\/\/spp3.slawno.pl\/wp-content\/uploads\/2019\/02\/Kol\u0119dowanie-SDK-5stycze\u0144-2019.jpg 832w, http:\/\/spp3.slawno.pl\/wp-content\/uploads\/2019\/02\/Kol\u0119dowanie-SDK-5stycze\u0144-2019-300x225.jpg 300w, http:\/\/spp3.slawno.pl\/wp-content\/uploads\/2019\/02\/Kol\u0119dowanie-SDK-5stycze\u0144-2019-768x576.jpg 768w, http:\/\/spp3.slawno.pl\/wp-content\/uploads\/2019\/02\/Kol\u0119dowanie-SDK-5stycze\u0144-2019-678x509.jpg 678w, http:\/\/spp3.slawno.pl\/wp-content\/uploads\/2019\/02\/Kol\u0119dowanie-SDK-5stycze\u0144-2019-326x245.jpg 326w, http:\/\/spp3.slawno.pl\/wp-content\/uploads\/2019\/02\/Kol\u0119dowanie-SDK-5stycze\u0144-2019-80x60.jpg 80w\" sizes=\"(max-width: 832px) 100vw, 832px\" \/><\/p>\n<p><img loading=\"lazy\" decoding=\"async\" class=\"size-full wp-image-2932\" src=\"http:\/\/spp3.slawno.pl\/wp-content\/uploads\/2019\/02\/Kol\u0119dowanie-SDK-4stycze\u0144-2019.jpg\" alt=\"\" width=\"832\" height=\"624\" srcset=\"http:\/\/spp3.slawno.pl\/wp-content\/uploads\/2019\/02\/Kol\u0119dowanie-SDK-4stycze\u0144-2019.jpg 832w, http:\/\/spp3.slawno.pl\/wp-content\/uploads\/2019\/02\/Kol\u0119dowanie-SDK-4stycze\u0144-2019-300x225.jpg 300w, http:\/\/spp3.slawno.pl\/wp-content\/uploads\/2019\/02\/Kol\u0119dowanie-SDK-4stycze\u0144-2019-768x576.jpg 768w, http:\/\/spp3.slawno.pl\/wp-content\/uploads\/2019\/02\/Kol\u0119dowanie-SDK-4stycze\u0144-2019-678x509.jpg 678w, http:\/\/spp3.slawno.pl\/wp-content\/uploads\/2019\/02\/Kol\u0119dowanie-SDK-4stycze\u0144-2019-326x245.jpg 326w, http:\/\/spp3.slawno.pl\/wp-content\/uploads\/2019\/02\/Kol\u0119dowanie-SDK-4stycze\u0144-2019-80x60.jpg 80w\" sizes=\"(max-width: 832px) 100vw, 832px\" \/><\/p>\n<p><img loading=\"lazy\" decoding=\"async\" class=\"size-full wp-image-2931\" src=\"http:\/\/spp3.slawno.pl\/wp-content\/uploads\/2019\/02\/Kol\u0119dowanie-SDK-3stycze\u0144-2019.jpg\" alt=\"\" width=\"832\" height=\"624\" srcset=\"http:\/\/spp3.slawno.pl\/wp-content\/uploads\/2019\/02\/Kol\u0119dowanie-SDK-3stycze\u0144-2019.jpg 832w, http:\/\/spp3.slawno.pl\/wp-content\/uploads\/2019\/02\/Kol\u0119dowanie-SDK-3stycze\u0144-2019-300x225.jpg 300w, http:\/\/spp3.slawno.pl\/wp-content\/uploads\/2019\/02\/Kol\u0119dowanie-SDK-3stycze\u0144-2019-768x576.jpg 768w, http:\/\/spp3.slawno.pl\/wp-content\/uploads\/2019\/02\/Kol\u0119dowanie-SDK-3stycze\u0144-2019-678x509.jpg 678w, http:\/\/spp3.slawno.pl\/wp-content\/uploads\/2019\/02\/Kol\u0119dowanie-SDK-3stycze\u0144-2019-326x245.jpg 326w, http:\/\/spp3.slawno.pl\/wp-content\/uploads\/2019\/02\/Kol\u0119dowanie-SDK-3stycze\u0144-2019-80x60.jpg 80w\" sizes=\"(max-width: 832px) 100vw, 832px\" \/><\/p>\n<p><img loading=\"lazy\" decoding=\"async\" class=\"size-full wp-image-2930\" src=\"http:\/\/spp3.slawno.pl\/wp-content\/uploads\/2019\/02\/Kol\u0119dowanie-SDK-2stycze\u0144-2019.jpg\" alt=\"\" width=\"832\" height=\"624\" srcset=\"http:\/\/spp3.slawno.pl\/wp-content\/uploads\/2019\/02\/Kol\u0119dowanie-SDK-2stycze\u0144-2019.jpg 832w, http:\/\/spp3.slawno.pl\/wp-content\/uploads\/2019\/02\/Kol\u0119dowanie-SDK-2stycze\u0144-2019-300x225.jpg 300w, http:\/\/spp3.slawno.pl\/wp-content\/uploads\/2019\/02\/Kol\u0119dowanie-SDK-2stycze\u0144-2019-768x576.jpg 768w, http:\/\/spp3.slawno.pl\/wp-content\/uploads\/2019\/02\/Kol\u0119dowanie-SDK-2stycze\u0144-2019-678x509.jpg 678w, http:\/\/spp3.slawno.pl\/wp-content\/uploads\/2019\/02\/Kol\u0119dowanie-SDK-2stycze\u0144-2019-326x245.jpg 326w, http:\/\/spp3.slawno.pl\/wp-content\/uploads\/2019\/02\/Kol\u0119dowanie-SDK-2stycze\u0144-2019-80x60.jpg 80w\" sizes=\"(max-width: 832px) 100vw, 832px\" \/><\/p>\n<p><img loading=\"lazy\" decoding=\"async\" class=\"size-full wp-image-2929\" src=\"http:\/\/spp3.slawno.pl\/wp-content\/uploads\/2019\/02\/Kol\u0119dowanie-SDK-1stycze\u0144-2019.jpg\" alt=\"\" width=\"832\" height=\"624\" srcset=\"http:\/\/spp3.slawno.pl\/wp-content\/uploads\/2019\/02\/Kol\u0119dowanie-SDK-1stycze\u0144-2019.jpg 832w, http:\/\/spp3.slawno.pl\/wp-content\/uploads\/2019\/02\/Kol\u0119dowanie-SDK-1stycze\u0144-2019-300x225.jpg 300w, http:\/\/spp3.slawno.pl\/wp-content\/uploads\/2019\/02\/Kol\u0119dowanie-SDK-1stycze\u0144-2019-768x576.jpg 768w, http:\/\/spp3.slawno.pl\/wp-content\/uploads\/2019\/02\/Kol\u0119dowanie-SDK-1stycze\u0144-2019-678x509.jpg 678w, http:\/\/spp3.slawno.pl\/wp-content\/uploads\/2019\/02\/Kol\u0119dowanie-SDK-1stycze\u0144-2019-326x245.jpg 326w, http:\/\/spp3.slawno.pl\/wp-content\/uploads\/2019\/02\/Kol\u0119dowanie-SDK-1stycze\u0144-2019-80x60.jpg 80w\" sizes=\"(max-width: 832px) 100vw, 832px\" \/><\/p>\n","protected":false},"excerpt":{"rendered":"<div class=\"mh-excerpt\"><p>Na I S\u0142awie\u0144skim Konkursie Piosenki Zimowej i Kol\u0119d w j. angielskim,, Merry Christmas\u201d dla przedszkoli i szk\u00f3\u0142 podstawowych reprezentowa\u0142o Szko\u0142\u0119 Podstawow\u0105 nr 3 wiele zespo\u0142\u00f3w <a class=\"mh-excerpt-more\" href=\"http:\/\/spp3.slawno.pl\/?p=2951\" title=\"I S\u0142awie\u0144ski Konkurs Piosenki Zimowej  i Kol\u0119d  w j\u0119zyku angielskim &#8222;Merry Christmas&#8221;\">[&#8230;]<\/a><\/p>\n<\/div>","protected":false},"author":2,"featured_media":2937,"comment_status":"closed","ping_status":"open","sticky":false,"template":"","format":"standard","meta":{"footnotes":""},"categories":[7,8],"tags":[],"class_list":["post-2951","post","type-post","status-publish","format-standard","has-post-thumbnail","hentry","category-konkursy","category-wydarzenia"],"_links":{"self":[{"href":"http:\/\/spp3.slawno.pl\/index.php?rest_route=\/wp\/v2\/posts\/2951"}],"collection":[{"href":"http:\/\/spp3.slawno.pl\/index.php?rest_route=\/wp\/v2\/posts"}],"about":[{"href":"http:\/\/spp3.slawno.pl\/index.php?rest_route=\/wp\/v2\/types\/post"}],"author":[{"embeddable":true,"href":"http:\/\/spp3.slawno.pl\/index.php?rest_route=\/wp\/v2\/users\/2"}],"replies":[{"embeddable":true,"href":"http:\/\/spp3.slawno.pl\/index.php?rest_route=%2Fwp%2Fv2%2Fcomments&post=2951"}],"version-history":[{"count":3,"href":"http:\/\/spp3.slawno.pl\/index.php?rest_route=\/wp\/v2\/posts\/2951\/revisions"}],"predecessor-version":[{"id":2954,"href":"http:\/\/spp3.slawno.pl\/index.php?rest_route=\/wp\/v2\/posts\/2951\/revisions\/2954"}],"wp:featuredmedia":[{"embeddable":true,"href":"http:\/\/spp3.slawno.pl\/index.php?rest_route=\/wp\/v2\/media\/2937"}],"wp:attachment":[{"href":"http:\/\/spp3.slawno.pl\/index.php?rest_route=%2Fwp%2Fv2%2Fmedia&parent=2951"}],"wp:term":[{"taxonomy":"category","embeddable":true,"href":"http:\/\/spp3.slawno.pl\/index.php?rest_route=%2Fwp%2Fv2%2Fcategories&post=2951"},{"taxonomy":"post_tag","embeddable":true,"href":"http:\/\/spp3.slawno.pl\/index.php?rest_route=%2Fwp%2Fv2%2Ftags&post=2951"}],"curies":[{"name":"wp","href":"https:\/\/api.w.org\/{rel}","templated":true}]}}