{"id":2969,"date":"2019-02-13T21:39:45","date_gmt":"2019-02-13T20:39:45","guid":{"rendered":"http:\/\/spp3.slawno.pl\/?p=2969"},"modified":"2019-02-24T20:15:54","modified_gmt":"2019-02-24T19:15:54","slug":"wreczenie-stypendiow-za-i-semestr","status":"publish","type":"post","link":"http:\/\/spp3.slawno.pl\/?p=2969","title":{"rendered":"Wr\u0119czenie stypendi\u00f3w za I semestr"},"content":{"rendered":"<p>Za osi\u0105gni\u0119cia naukowe i sportowe pani dyrektor Dagmara Wojtczak wr\u0119czy\u0142a uczniom stypendia.<\/p>\n<p><img loading=\"lazy\" decoding=\"async\" class=\"size-large wp-image-2971\" src=\"http:\/\/spp3.slawno.pl\/wp-content\/uploads\/2019\/02\/Styp-1-p\u00f3\u0142rocze-2019a.jpg\" alt=\"\" width=\"832\" height=\"624\" srcset=\"http:\/\/spp3.slawno.pl\/wp-content\/uploads\/2019\/02\/Styp-1-p\u00f3\u0142rocze-2019a.jpg 832w, http:\/\/spp3.slawno.pl\/wp-content\/uploads\/2019\/02\/Styp-1-p\u00f3\u0142rocze-2019a-300x225.jpg 300w, http:\/\/spp3.slawno.pl\/wp-content\/uploads\/2019\/02\/Styp-1-p\u00f3\u0142rocze-2019a-768x576.jpg 768w, http:\/\/spp3.slawno.pl\/wp-content\/uploads\/2019\/02\/Styp-1-p\u00f3\u0142rocze-2019a-678x509.jpg 678w, http:\/\/spp3.slawno.pl\/wp-content\/uploads\/2019\/02\/Styp-1-p\u00f3\u0142rocze-2019a-326x245.jpg 326w, http:\/\/spp3.slawno.pl\/wp-content\/uploads\/2019\/02\/Styp-1-p\u00f3\u0142rocze-2019a-80x60.jpg 80w\" sizes=\"(max-width: 832px) 100vw, 832px\" \/><\/p>\n<p lang=\"zxx\">LISTA UCZNI\u00d3W NAGRODZONYCH STYPENDIUM<\/p>\n<p lang=\"zxx\">ZA WYSOKIE WYNIKI W NAUCE W I SEMESTRZE 2018\/2019<\/p>\n<table style=\"height: 373px;\" width=\"246\" cellspacing=\"0\" cellpadding=\"5\">\n<colgroup>\n<col width=\"55*\" \/>\n<col width=\"201*\" \/> <\/colgroup>\n<tbody>\n<tr valign=\"top\">\n<td width=\"21%\">\n<p lang=\"zxx\">Lp.<\/p>\n<\/td>\n<td width=\"79%\">\n<p lang=\"zxx\">Nazwisko i imi\u0119 ucznia<\/p>\n<\/td>\n<\/tr>\n<tr valign=\"top\">\n<td width=\"21%\">\n<p lang=\"zxx\">1<\/p>\n<\/td>\n<td width=\"79%\">\n<p lang=\"zxx\">Kowalczyk Aleksandra<\/p>\n<\/td>\n<\/tr>\n<tr valign=\"top\">\n<td width=\"21%\">\n<p lang=\"zxx\">2<\/p>\n<\/td>\n<td width=\"79%\">\n<p lang=\"zxx\">Gostomczyk Michalina<\/p>\n<\/td>\n<\/tr>\n<tr valign=\"top\">\n<td width=\"21%\">\n<p lang=\"zxx\">3<\/p>\n<\/td>\n<td width=\"79%\">\n<p lang=\"zxx\">Tomaszewska Maja<\/p>\n<\/td>\n<\/tr>\n<tr valign=\"top\">\n<td width=\"21%\">\n<p lang=\"zxx\">4<\/p>\n<\/td>\n<td width=\"79%\">\n<p lang=\"zxx\">Kwiatkowski Gracjan<\/p>\n<\/td>\n<\/tr>\n<tr valign=\"top\">\n<td width=\"21%\">\n<p lang=\"zxx\">5<\/p>\n<\/td>\n<td width=\"79%\">\n<p lang=\"zxx\">Jaszczyk Zuzanna<\/p>\n<\/td>\n<\/tr>\n<tr valign=\"top\">\n<td width=\"21%\">\n<p lang=\"zxx\">6<\/p>\n<\/td>\n<td width=\"79%\">\n<p lang=\"zxx\">Laskowska Karolina<\/p>\n<\/td>\n<\/tr>\n<\/tbody>\n<\/table>\n<p><img loading=\"lazy\" decoding=\"async\" class=\"size-large wp-image-2972\" src=\"http:\/\/spp3.slawno.pl\/wp-content\/uploads\/2019\/02\/Styp-1-p\u00f3\u0142rocze-2019b.jpg\" alt=\"\" width=\"832\" height=\"624\" srcset=\"http:\/\/spp3.slawno.pl\/wp-content\/uploads\/2019\/02\/Styp-1-p\u00f3\u0142rocze-2019b.jpg 832w, http:\/\/spp3.slawno.pl\/wp-content\/uploads\/2019\/02\/Styp-1-p\u00f3\u0142rocze-2019b-300x225.jpg 300w, http:\/\/spp3.slawno.pl\/wp-content\/uploads\/2019\/02\/Styp-1-p\u00f3\u0142rocze-2019b-768x576.jpg 768w, http:\/\/spp3.slawno.pl\/wp-content\/uploads\/2019\/02\/Styp-1-p\u00f3\u0142rocze-2019b-678x509.jpg 678w, http:\/\/spp3.slawno.pl\/wp-content\/uploads\/2019\/02\/Styp-1-p\u00f3\u0142rocze-2019b-326x245.jpg 326w, http:\/\/spp3.slawno.pl\/wp-content\/uploads\/2019\/02\/Styp-1-p\u00f3\u0142rocze-2019b-80x60.jpg 80w\" sizes=\"(max-width: 832px) 100vw, 832px\" \/><\/p>\n<p lang=\"zxx\">LISTA UCZNI\u00d3W NAGRODZONYCH STYPENDIUM<\/p>\n<p lang=\"zxx\">ZA OSI\u0104GNI\u0118CIA W SPORCIE W I SEMESTRZE 2018\/2019<\/p>\n<table style=\"height: 2437px;\" width=\"309\" cellspacing=\"0\" cellpadding=\"5\">\n<colgroup>\n<col width=\"115\" \/>\n<col width=\"634\" \/> <\/colgroup>\n<tbody>\n<tr valign=\"top\">\n<td width=\"115\">\n<p lang=\"zxx\">Lp.<\/p>\n<\/td>\n<td width=\"634\">\n<p lang=\"zxx\">Nazwisko i imi\u0119 ucznia<\/p>\n<\/td>\n<\/tr>\n<tr valign=\"top\">\n<td width=\"115\">\n<p lang=\"zxx\">1<\/p>\n<\/td>\n<td width=\"634\">\n<p lang=\"zxx\">Biernat Karina<\/p>\n<\/td>\n<\/tr>\n<tr valign=\"top\">\n<td width=\"115\">\n<p lang=\"zxx\">2<\/p>\n<\/td>\n<td width=\"634\">\n<p lang=\"zxx\">Wojniak Monika<\/p>\n<\/td>\n<\/tr>\n<tr valign=\"top\">\n<td width=\"115\">\n<p lang=\"zxx\">3<\/p>\n<\/td>\n<td width=\"634\">\n<p lang=\"zxx\">Marciniak Katarzyna<\/p>\n<\/td>\n<\/tr>\n<tr valign=\"top\">\n<td width=\"115\">\n<p lang=\"zxx\">4<\/p>\n<\/td>\n<td width=\"634\">\n<p lang=\"zxx\">Le\u015bniewska Daria<\/p>\n<\/td>\n<\/tr>\n<tr valign=\"top\">\n<td width=\"115\">\n<p lang=\"zxx\">5<\/p>\n<\/td>\n<td width=\"634\">\n<p lang=\"zxx\">Zaborowska Hanna<\/p>\n<\/td>\n<\/tr>\n<tr valign=\"top\">\n<td width=\"115\">\n<p lang=\"zxx\">6<\/p>\n<\/td>\n<td width=\"634\">\n<p lang=\"zxx\">Szygenda Amelia<\/p>\n<\/td>\n<\/tr>\n<tr valign=\"top\">\n<td width=\"115\">\n<p lang=\"zxx\">7<\/p>\n<\/td>\n<td width=\"634\">\n<p lang=\"zxx\">Chwojnicka Zofia<\/p>\n<\/td>\n<\/tr>\n<tr valign=\"top\">\n<td width=\"115\">\n<p lang=\"zxx\">8<\/p>\n<\/td>\n<td width=\"634\">\n<p lang=\"zxx\">Recka Julia<\/p>\n<\/td>\n<\/tr>\n<tr valign=\"top\">\n<td width=\"115\">\n<p lang=\"zxx\">9<\/p>\n<\/td>\n<td width=\"634\">\n<p lang=\"zxx\">Huka\u0142a Maria<\/p>\n<\/td>\n<\/tr>\n<tr valign=\"top\">\n<td width=\"115\">\n<p lang=\"zxx\">10<\/p>\n<\/td>\n<td width=\"634\">\n<p lang=\"zxx\">Gondek Maja<\/p>\n<\/td>\n<\/tr>\n<tr valign=\"top\">\n<td width=\"115\">\n<p lang=\"zxx\">11<\/p>\n<\/td>\n<td width=\"634\">\n<p lang=\"zxx\">Sosi\u0144ska Zuzanna<\/p>\n<\/td>\n<\/tr>\n<tr valign=\"top\">\n<td width=\"115\">\n<p lang=\"zxx\">12<\/p>\n<\/td>\n<td width=\"634\">\n<p lang=\"zxx\">Barylak Amelia<\/p>\n<\/td>\n<\/tr>\n<tr valign=\"top\">\n<td width=\"115\">\n<p lang=\"zxx\">13<\/p>\n<\/td>\n<td width=\"634\">\n<p lang=\"zxx\">Wara\u0107 Zuzanna<\/p>\n<\/td>\n<\/tr>\n<tr valign=\"top\">\n<td width=\"115\">\n<p lang=\"zxx\">14<\/p>\n<\/td>\n<td width=\"634\">\n<p lang=\"zxx\">Cie\u015blarczyk Magdalena<\/p>\n<\/td>\n<\/tr>\n<tr valign=\"top\">\n<td width=\"115\">\n<p lang=\"zxx\">15<\/p>\n<\/td>\n<td width=\"634\">\n<p lang=\"zxx\">Burek Sara<\/p>\n<\/td>\n<\/tr>\n<tr valign=\"top\">\n<td width=\"115\">\n<p lang=\"zxx\">16<\/p>\n<\/td>\n<td width=\"634\">\n<p lang=\"zxx\">Pacan Zuzanna<\/p>\n<\/td>\n<\/tr>\n<tr valign=\"top\">\n<td width=\"115\">\n<p lang=\"zxx\">17<\/p>\n<\/td>\n<td width=\"634\">\n<p lang=\"zxx\">\u0141opata Maja<\/p>\n<\/td>\n<\/tr>\n<tr valign=\"top\">\n<td width=\"115\">\n<p lang=\"zxx\">18<\/p>\n<\/td>\n<td width=\"634\">\n<p lang=\"zxx\">Roman Kamil<\/p>\n<\/td>\n<\/tr>\n<tr valign=\"top\">\n<td width=\"115\">\n<p lang=\"zxx\">19<\/p>\n<\/td>\n<td width=\"634\">\n<p lang=\"zxx\">Raczy\u0144ski Kacper<\/p>\n<\/td>\n<\/tr>\n<tr valign=\"top\">\n<td width=\"115\">\n<p lang=\"zxx\">20<\/p>\n<\/td>\n<td width=\"634\">\n<p lang=\"zxx\">Stepie\u0144 Karol<\/p>\n<\/td>\n<\/tr>\n<tr valign=\"top\">\n<td width=\"115\">\n<p lang=\"zxx\">21<\/p>\n<\/td>\n<td width=\"634\">\n<p lang=\"zxx\">Sobczak Wiktor<\/p>\n<\/td>\n<\/tr>\n<tr valign=\"top\">\n<td width=\"115\">\n<p lang=\"zxx\">22<\/p>\n<\/td>\n<td width=\"634\">\n<p lang=\"zxx\">Kumaniecki Adrian<\/p>\n<\/td>\n<\/tr>\n<tr valign=\"top\">\n<td width=\"115\">\n<p lang=\"zxx\">23<\/p>\n<\/td>\n<td width=\"634\">\n<p lang=\"zxx\">Kowalczyk Jan<\/p>\n<\/td>\n<\/tr>\n<tr valign=\"top\">\n<td width=\"115\">\n<p lang=\"zxx\">24<\/p>\n<\/td>\n<td width=\"634\">\n<p lang=\"zxx\">Bukowski Jan<\/p>\n<\/td>\n<\/tr>\n<tr valign=\"top\">\n<td width=\"115\">\n<p lang=\"zxx\">25<\/p>\n<\/td>\n<td width=\"634\">\n<p lang=\"zxx\">Sroka Gracjan<\/p>\n<\/td>\n<\/tr>\n<tr valign=\"top\">\n<td width=\"115\">\n<p lang=\"zxx\">26<\/p>\n<\/td>\n<td width=\"634\">\n<p lang=\"zxx\">Rocze\u0144 Alan<\/p>\n<\/td>\n<\/tr>\n<tr valign=\"top\">\n<td width=\"115\">\n<p lang=\"zxx\">27<\/p>\n<\/td>\n<td width=\"634\">\n<p lang=\"zxx\">Or\u0142owski Cezary<\/p>\n<\/td>\n<\/tr>\n<tr valign=\"top\">\n<td width=\"115\">\n<p lang=\"zxx\">28<\/p>\n<\/td>\n<td width=\"634\">\n<p lang=\"zxx\">Stawisi\u0144ski Micha\u0142<\/p>\n<\/td>\n<\/tr>\n<tr valign=\"top\">\n<td width=\"115\">\n<p lang=\"zxx\">29<\/p>\n<\/td>\n<td width=\"634\">\n<p lang=\"zxx\">Kulczyk Sebastian<\/p>\n<\/td>\n<\/tr>\n<tr valign=\"top\">\n<td width=\"115\">\n<p lang=\"zxx\">30<\/p>\n<\/td>\n<td width=\"634\">\n<p lang=\"zxx\">Gostomczyk Jan<\/p>\n<\/td>\n<\/tr>\n<tr valign=\"top\">\n<td width=\"115\">\n<p lang=\"zxx\">31<\/p>\n<\/td>\n<td width=\"634\">\n<p lang=\"zxx\">Smyczkiewicz Kamil<\/p>\n<\/td>\n<\/tr>\n<tr valign=\"top\">\n<td width=\"115\">\n<p lang=\"zxx\">32<\/p>\n<\/td>\n<td width=\"634\">\n<p lang=\"zxx\">Ledwa Igor<\/p>\n<\/td>\n<\/tr>\n<tr valign=\"top\">\n<td width=\"115\">\n<p lang=\"zxx\">33<\/p>\n<\/td>\n<td width=\"634\">\n<p lang=\"zxx\">Kwiatkowski Wiktor<\/p>\n<\/td>\n<\/tr>\n<tr valign=\"top\">\n<td width=\"115\">\n<p lang=\"zxx\">34<\/p>\n<\/td>\n<td width=\"634\">\n<p lang=\"zxx\">Kurczyk Zbigniew<\/p>\n<\/td>\n<\/tr>\n<tr valign=\"top\">\n<td width=\"115\">\n<p lang=\"zxx\">35<\/p>\n<\/td>\n<td width=\"634\">\n<p lang=\"zxx\">Kupiec Bartosz<\/p>\n<\/td>\n<\/tr>\n<tr valign=\"top\">\n<td width=\"115\">\n<p lang=\"zxx\">36<\/p>\n<\/td>\n<td width=\"634\">\n<p lang=\"zxx\">Kazusek Wiktor<\/p>\n<\/td>\n<\/tr>\n<\/tbody>\n<\/table>\n<p>Gratulujemy nagrodzonym uczniom oraz ich rodzicom.<\/p>\n","protected":false},"excerpt":{"rendered":"<div class=\"mh-excerpt\"><p>Za osi\u0105gni\u0119cia naukowe i sportowe pani dyrektor Dagmara Wojtczak wr\u0119czy\u0142a uczniom stypendia. LISTA UCZNI\u00d3W NAGRODZONYCH STYPENDIUM ZA WYSOKIE WYNIKI W NAUCE W I SEMESTRZE 2018\/2019 <a class=\"mh-excerpt-more\" href=\"http:\/\/spp3.slawno.pl\/?p=2969\" title=\"Wr\u0119czenie stypendi\u00f3w za I semestr\">[&#8230;]<\/a><\/p>\n<\/div>","protected":false},"author":2,"featured_media":2974,"comment_status":"closed","ping_status":"open","sticky":false,"template":"","format":"standard","meta":{"footnotes":""},"categories":[8],"tags":[],"class_list":["post-2969","post","type-post","status-publish","format-standard","has-post-thumbnail","hentry","category-wydarzenia"],"_links":{"self":[{"href":"http:\/\/spp3.slawno.pl\/index.php?rest_route=\/wp\/v2\/posts\/2969"}],"collection":[{"href":"http:\/\/spp3.slawno.pl\/index.php?rest_route=\/wp\/v2\/posts"}],"about":[{"href":"http:\/\/spp3.slawno.pl\/index.php?rest_route=\/wp\/v2\/types\/post"}],"author":[{"embeddable":true,"href":"http:\/\/spp3.slawno.pl\/index.php?rest_route=\/wp\/v2\/users\/2"}],"replies":[{"embeddable":true,"href":"http:\/\/spp3.slawno.pl\/index.php?rest_route=%2Fwp%2Fv2%2Fcomments&post=2969"}],"version-history":[{"count":3,"href":"http:\/\/spp3.slawno.pl\/index.php?rest_route=\/wp\/v2\/posts\/2969\/revisions"}],"predecessor-version":[{"id":3000,"href":"http:\/\/spp3.slawno.pl\/index.php?rest_route=\/wp\/v2\/posts\/2969\/revisions\/3000"}],"wp:featuredmedia":[{"embeddable":true,"href":"http:\/\/spp3.slawno.pl\/index.php?rest_route=\/wp\/v2\/media\/2974"}],"wp:attachment":[{"href":"http:\/\/spp3.slawno.pl\/index.php?rest_route=%2Fwp%2Fv2%2Fmedia&parent=2969"}],"wp:term":[{"taxonomy":"category","embeddable":true,"href":"http:\/\/spp3.slawno.pl\/index.php?rest_route=%2Fwp%2Fv2%2Fcategories&post=2969"},{"taxonomy":"post_tag","embeddable":true,"href":"http:\/\/spp3.slawno.pl\/index.php?rest_route=%2Fwp%2Fv2%2Ftags&post=2969"}],"curies":[{"name":"wp","href":"https:\/\/api.w.org\/{rel}","templated":true}]}}