{"id":2976,"date":"2019-02-13T21:45:35","date_gmt":"2019-02-13T20:45:35","guid":{"rendered":"http:\/\/spp3.slawno.pl\/?p=2976"},"modified":"2019-02-13T21:45:35","modified_gmt":"2019-02-13T20:45:35","slug":"wizyta-klas-piatych-w-muzeum","status":"publish","type":"post","link":"http:\/\/spp3.slawno.pl\/?p=2976","title":{"rendered":"Wizyta klas pi\u0105tych w muzeum"},"content":{"rendered":"<p>Wyjazd klas 5a i 5e do Muzeum Pomorza \u015arodkowego w S\u0142upsku. Ch\u0142opcy projektowali i tworzyli herby!<\/p>\n<figure id=\"attachment_2977\" aria-describedby=\"caption-attachment-2977\" style=\"width: 832px\" class=\"wp-caption alignnone\"><img loading=\"lazy\" decoding=\"async\" class=\"size-full wp-image-2977\" src=\"http:\/\/spp3.slawno.pl\/wp-content\/uploads\/2019\/02\/Muzeum-2019.jpg\" alt=\"\" width=\"832\" height=\"624\" srcset=\"http:\/\/spp3.slawno.pl\/wp-content\/uploads\/2019\/02\/Muzeum-2019.jpg 832w, http:\/\/spp3.slawno.pl\/wp-content\/uploads\/2019\/02\/Muzeum-2019-300x225.jpg 300w, http:\/\/spp3.slawno.pl\/wp-content\/uploads\/2019\/02\/Muzeum-2019-768x576.jpg 768w, http:\/\/spp3.slawno.pl\/wp-content\/uploads\/2019\/02\/Muzeum-2019-678x509.jpg 678w, http:\/\/spp3.slawno.pl\/wp-content\/uploads\/2019\/02\/Muzeum-2019-326x245.jpg 326w, http:\/\/spp3.slawno.pl\/wp-content\/uploads\/2019\/02\/Muzeum-2019-80x60.jpg 80w\" sizes=\"(max-width: 832px) 100vw, 832px\" \/><figcaption id=\"caption-attachment-2977\" class=\"wp-caption-text\">dav<\/figcaption><\/figure>\n<figure id=\"attachment_2979\" aria-describedby=\"caption-attachment-2979\" style=\"width: 832px\" class=\"wp-caption alignnone\"><img loading=\"lazy\" decoding=\"async\" class=\"size-full wp-image-2979\" src=\"http:\/\/spp3.slawno.pl\/wp-content\/uploads\/2019\/02\/Muzeum-2019b.jpg\" alt=\"\" width=\"832\" height=\"624\" srcset=\"http:\/\/spp3.slawno.pl\/wp-content\/uploads\/2019\/02\/Muzeum-2019b.jpg 832w, http:\/\/spp3.slawno.pl\/wp-content\/uploads\/2019\/02\/Muzeum-2019b-300x225.jpg 300w, http:\/\/spp3.slawno.pl\/wp-content\/uploads\/2019\/02\/Muzeum-2019b-768x576.jpg 768w, http:\/\/spp3.slawno.pl\/wp-content\/uploads\/2019\/02\/Muzeum-2019b-678x509.jpg 678w, http:\/\/spp3.slawno.pl\/wp-content\/uploads\/2019\/02\/Muzeum-2019b-326x245.jpg 326w, http:\/\/spp3.slawno.pl\/wp-content\/uploads\/2019\/02\/Muzeum-2019b-80x60.jpg 80w\" sizes=\"(max-width: 832px) 100vw, 832px\" \/><figcaption id=\"caption-attachment-2979\" class=\"wp-caption-text\">dav<\/figcaption><\/figure>\n","protected":false},"excerpt":{"rendered":"<div class=\"mh-excerpt\"><p>Wyjazd klas 5a i 5e do Muzeum Pomorza \u015arodkowego w S\u0142upsku. Ch\u0142opcy projektowali i tworzyli herby!<\/p>\n<\/div>","protected":false},"author":2,"featured_media":2978,"comment_status":"closed","ping_status":"open","sticky":false,"template":"","format":"standard","meta":{"footnotes":""},"categories":[8],"tags":[],"class_list":["post-2976","post","type-post","status-publish","format-standard","has-post-thumbnail","hentry","category-wydarzenia"],"_links":{"self":[{"href":"http:\/\/spp3.slawno.pl\/index.php?rest_route=\/wp\/v2\/posts\/2976"}],"collection":[{"href":"http:\/\/spp3.slawno.pl\/index.php?rest_route=\/wp\/v2\/posts"}],"about":[{"href":"http:\/\/spp3.slawno.pl\/index.php?rest_route=\/wp\/v2\/types\/post"}],"author":[{"embeddable":true,"href":"http:\/\/spp3.slawno.pl\/index.php?rest_route=\/wp\/v2\/users\/2"}],"replies":[{"embeddable":true,"href":"http:\/\/spp3.slawno.pl\/index.php?rest_route=%2Fwp%2Fv2%2Fcomments&post=2976"}],"version-history":[{"count":1,"href":"http:\/\/spp3.slawno.pl\/index.php?rest_route=\/wp\/v2\/posts\/2976\/revisions"}],"predecessor-version":[{"id":2980,"href":"http:\/\/spp3.slawno.pl\/index.php?rest_route=\/wp\/v2\/posts\/2976\/revisions\/2980"}],"wp:featuredmedia":[{"embeddable":true,"href":"http:\/\/spp3.slawno.pl\/index.php?rest_route=\/wp\/v2\/media\/2978"}],"wp:attachment":[{"href":"http:\/\/spp3.slawno.pl\/index.php?rest_route=%2Fwp%2Fv2%2Fmedia&parent=2976"}],"wp:term":[{"taxonomy":"category","embeddable":true,"href":"http:\/\/spp3.slawno.pl\/index.php?rest_route=%2Fwp%2Fv2%2Fcategories&post=2976"},{"taxonomy":"post_tag","embeddable":true,"href":"http:\/\/spp3.slawno.pl\/index.php?rest_route=%2Fwp%2Fv2%2Ftags&post=2976"}],"curies":[{"name":"wp","href":"https:\/\/api.w.org\/{rel}","templated":true}]}}