{"id":2981,"date":"2019-02-16T21:20:33","date_gmt":"2019-02-16T20:20:33","guid":{"rendered":"http:\/\/spp3.slawno.pl\/?p=2981"},"modified":"2019-02-16T21:20:33","modified_gmt":"2019-02-16T20:20:33","slug":"szkolny-konkurs-recytatorski","status":"publish","type":"post","link":"http:\/\/spp3.slawno.pl\/?p=2981","title":{"rendered":"Szkolny Konkurs Recytatorski"},"content":{"rendered":"<p><span style=\"font-size: medium;\">15 lutego w naszej szkole odby\u0142 si\u0119 Szkolny Konkurs Recytatorski, kt\u00f3rego uczestnikami byli uczniowie klas czwartych. W\u015br\u00f3d recytowanych tekst\u00f3w znalaz\u0142y si\u0119 utwory takich tw\u00f3rc\u00f3w jak: J.Brzechwa, J.Tuwim, A.Fredro, G.Kasdepke. Celem konkursu by\u0142o rozwijanie zainteresowa\u0144 poetyckich dzieci, uwra\u017cliwianie na pi\u0119kno poezji oraz rozwijanie zdolno\u015bci artystycznych. <\/span><\/p>\n<p><span style=\"font-size: medium;\">Recytatorskim prezentacjom towarzyszy\u0142o wiele emocji, wszyscy uczestnicy nagradzani byli gromkimi brawami.<\/span><\/p>\n<p><span style=\"font-size: medium;\">Wyniki konkursu:<\/span><\/p>\n<p><span style=\"font-size: medium;\">I miejsce \u2013 <b>Lena Sieci\u0144ska<\/b> -kl.Ivb<\/span><\/p>\n<p><span style=\"font-size: medium;\">II miejsce \u2013 <b>Zuzanna Karpicz <\/b>\u2013 kl.Ivb<\/span><\/p>\n<p><span style=\"font-size: medium;\">III miejsce \u2013 <b>Adam Stojewski <\/b>&#8211; kl.Ivb<\/span><\/p>\n<p><span style=\"font-size: medium;\">Wyr\u00f3\u017cnienia: Karolina \u0106wik \u2013 kl.IV c<\/span><\/p>\n<p><span style=\"font-size: medium;\">Jakub Rosiak \u2013 kl.IV b<\/span><\/p>\n<p><span style=\"font-size: medium;\">Anna Tomaszewska \u2013 kl.IVe<\/span><\/p>\n<p><span style=\"font-size: medium;\">Zofia Turczyn &#8211; kl.IVb<\/span><\/p>\n<p><img loading=\"lazy\" decoding=\"async\" class=\"alignnone size-full wp-image-2982\" src=\"http:\/\/spp3.slawno.pl\/wp-content\/uploads\/2019\/02\/Konkurs-Recytatorski-2019.jpg\" alt=\"\" width=\"624\" height=\"832\" srcset=\"http:\/\/spp3.slawno.pl\/wp-content\/uploads\/2019\/02\/Konkurs-Recytatorski-2019.jpg 624w, http:\/\/spp3.slawno.pl\/wp-content\/uploads\/2019\/02\/Konkurs-Recytatorski-2019-225x300.jpg 225w\" sizes=\"(max-width: 624px) 100vw, 624px\" \/><span style=\"font-size: medium;\">Wszystkim uczestnikom gratulujemy !!!<\/span><\/p>\n","protected":false},"excerpt":{"rendered":"<div class=\"mh-excerpt\"><p>15 lutego w naszej szkole odby\u0142 si\u0119 Szkolny Konkurs Recytatorski, kt\u00f3rego uczestnikami byli uczniowie klas czwartych. W\u015br\u00f3d recytowanych tekst\u00f3w znalaz\u0142y si\u0119 utwory takich tw\u00f3rc\u00f3w jak: <a class=\"mh-excerpt-more\" href=\"http:\/\/spp3.slawno.pl\/?p=2981\" title=\"Szkolny Konkurs Recytatorski\">[&#8230;]<\/a><\/p>\n<\/div>","protected":false},"author":2,"featured_media":2982,"comment_status":"closed","ping_status":"open","sticky":false,"template":"","format":"standard","meta":{"footnotes":""},"categories":[7,8],"tags":[],"class_list":["post-2981","post","type-post","status-publish","format-standard","has-post-thumbnail","hentry","category-konkursy","category-wydarzenia"],"_links":{"self":[{"href":"http:\/\/spp3.slawno.pl\/index.php?rest_route=\/wp\/v2\/posts\/2981"}],"collection":[{"href":"http:\/\/spp3.slawno.pl\/index.php?rest_route=\/wp\/v2\/posts"}],"about":[{"href":"http:\/\/spp3.slawno.pl\/index.php?rest_route=\/wp\/v2\/types\/post"}],"author":[{"embeddable":true,"href":"http:\/\/spp3.slawno.pl\/index.php?rest_route=\/wp\/v2\/users\/2"}],"replies":[{"embeddable":true,"href":"http:\/\/spp3.slawno.pl\/index.php?rest_route=%2Fwp%2Fv2%2Fcomments&post=2981"}],"version-history":[{"count":1,"href":"http:\/\/spp3.slawno.pl\/index.php?rest_route=\/wp\/v2\/posts\/2981\/revisions"}],"predecessor-version":[{"id":2983,"href":"http:\/\/spp3.slawno.pl\/index.php?rest_route=\/wp\/v2\/posts\/2981\/revisions\/2983"}],"wp:featuredmedia":[{"embeddable":true,"href":"http:\/\/spp3.slawno.pl\/index.php?rest_route=\/wp\/v2\/media\/2982"}],"wp:attachment":[{"href":"http:\/\/spp3.slawno.pl\/index.php?rest_route=%2Fwp%2Fv2%2Fmedia&parent=2981"}],"wp:term":[{"taxonomy":"category","embeddable":true,"href":"http:\/\/spp3.slawno.pl\/index.php?rest_route=%2Fwp%2Fv2%2Fcategories&post=2981"},{"taxonomy":"post_tag","embeddable":true,"href":"http:\/\/spp3.slawno.pl\/index.php?rest_route=%2Fwp%2Fv2%2Ftags&post=2981"}],"curies":[{"name":"wp","href":"https:\/\/api.w.org\/{rel}","templated":true}]}}