{"id":3262,"date":"2019-05-16T16:22:25","date_gmt":"2019-05-16T14:22:25","guid":{"rendered":"http:\/\/spp3.slawno.pl\/?p=3262"},"modified":"2019-05-17T19:48:14","modified_gmt":"2019-05-17T17:48:14","slug":"final-x-diecezjalnego-konkursu-wiedzy-religijnej","status":"publish","type":"post","link":"http:\/\/spp3.slawno.pl\/?p=3262","title":{"rendered":"Fina\u0142 X Diecezjalnego Konkursu Wiedzy Religijnej"},"content":{"rendered":"<p>Dn. <strong>15. maja<\/strong> odby\u0142 si\u0119 fina\u0142 <strong>X Diecezjalnego Konkursu Wiedzy Religijnej<\/strong><\/p>\n<p>Organizatorami konkursu s\u0105 Centrum Edukacji Nauczycieli i Wydzia\u0142 Katechetyczny Kurii Biskupiej w Koszalinie.<\/p>\n<p>&nbsp;<\/p>\n<p>Od dekady koszali\u0144ski konkurs jest zaproszeniem dla dzieci i m\u0142odzie\u017cy do pog\u0142\u0119biania wiedzy religijnej i poszerzania horyzont\u00f3w. Najlepsi z najlepszych spotkali si\u0119 w wielkim finale. W tym roku udzia\u0142 wzi\u0119\u0142o 500 uczni\u00f3w z 50 szk\u00f3\u0142 diecezji Koszali\u0144sko\u2013 Ko\u0142obrzeskiej.<\/p>\n<p>W \u015bcis\u0142ym finale uczestniczy\u0142o pi\u0119cioro naszych uczni\u00f3w, by\u0142a to najwi\u0119ksza ilo\u015b\u0107 ze wszystkich szk\u00f3\u0142.<\/p>\n<p>W kategorii m\u0142odszej \u2013 <strong>Piotr\u00a0<\/strong><strong>Kowalczyk<\/strong>\u00a0i <strong>Jan\u00a0<\/strong><strong>Falkowski\u00a0<\/strong><\/p>\n<p>W kategorii starszej \u2013 <strong>Aleksandra\u00a0<\/strong><strong>Kowalczyk <\/strong>, <strong>Kinga<\/strong>\u00a0<strong>Zanijat <\/strong>\u00a0i <strong>Amelia\u00a0<\/strong><strong>Dr\u00f3\u017cd\u017c<\/strong>. Wszyscy otrzymali Tytu\u0142 finalisty i nagrody.<\/p>\n<p><strong>Aleksandra Kowalczyk <\/strong>\u00a0zosta\u0142a po raz kolejny laureatk\u0105 zajmuj\u0105c II miejsce.<\/p>\n<p>Podczas podsumowania X\u2013 lecia istnienia tego konkursu poinformowano \u017ce nasza szko\u0142a zajmuje I miejsce w ilo\u015bci laureat\u00f3w, mamy ich 7.<\/p>\n<p>Podzi\u0119kowanie i nagrod\u0119 otrzyma\u0142a nasza <strong>p. katechetka Jadwiga Choro\u015b<\/strong> , kt\u00f3ra przygotowa\u0142a 6 \u2013 laureat\u00f3w w dziejach tego konkursu. Nagrod\u0119 wr\u0119czy\u0142 ks. bp. Krzysztof W\u0142odarczyk.<\/p>\n<p>Gratulujemy wszystkim finalistom i \u017cyczymy powodzenia w nast\u0119pnej edycji.<\/p>\n<p><img loading=\"lazy\" decoding=\"async\" class=\"alignnone size-full wp-image-3288\" src=\"http:\/\/spp3.slawno.pl\/wp-content\/uploads\/2019\/05\/X-Diecezjalny-Konkurs-Wiedzy-Religijnejx-1.jpg\" alt=\"\" width=\"360\" height=\"480\" srcset=\"http:\/\/spp3.slawno.pl\/wp-content\/uploads\/2019\/05\/X-Diecezjalny-Konkurs-Wiedzy-Religijnejx-1.jpg 360w, http:\/\/spp3.slawno.pl\/wp-content\/uploads\/2019\/05\/X-Diecezjalny-Konkurs-Wiedzy-Religijnejx-1-225x300.jpg 225w\" sizes=\"(max-width: 360px) 100vw, 360px\" \/><\/p>\n<p><img loading=\"lazy\" decoding=\"async\" class=\"alignnone size-full wp-image-3263\" src=\"http:\/\/spp3.slawno.pl\/wp-content\/uploads\/2019\/05\/X-Diecezjalny-Konkurs-Wiedzy-Religijnej-2019-2.jpg\" alt=\"\" width=\"750\" height=\"517\" srcset=\"http:\/\/spp3.slawno.pl\/wp-content\/uploads\/2019\/05\/X-Diecezjalny-Konkurs-Wiedzy-Religijnej-2019-2.jpg 750w, http:\/\/spp3.slawno.pl\/wp-content\/uploads\/2019\/05\/X-Diecezjalny-Konkurs-Wiedzy-Religijnej-2019-2-300x207.jpg 300w\" sizes=\"(max-width: 750px) 100vw, 750px\" \/> <img loading=\"lazy\" decoding=\"async\" class=\"alignnone size-large wp-image-3264\" src=\"http:\/\/spp3.slawno.pl\/wp-content\/uploads\/2019\/05\/X-Diecezjalny-Konkurs-Wiedzy-Religijnej-2019-3.jpg\" alt=\"\" width=\"667\" height=\"520\" srcset=\"http:\/\/spp3.slawno.pl\/wp-content\/uploads\/2019\/05\/X-Diecezjalny-Konkurs-Wiedzy-Religijnej-2019-3.jpg 667w, http:\/\/spp3.slawno.pl\/wp-content\/uploads\/2019\/05\/X-Diecezjalny-Konkurs-Wiedzy-Religijnej-2019-3-300x234.jpg 300w\" sizes=\"(max-width: 667px) 100vw, 667px\" \/> <img loading=\"lazy\" decoding=\"async\" class=\"alignnone size-large wp-image-3265\" src=\"http:\/\/spp3.slawno.pl\/wp-content\/uploads\/2019\/05\/X-Diecezjalny-Konkurs-Wiedzy-Religijnej-2019-4.jpg\" alt=\"\" width=\"700\" height=\"520\" srcset=\"http:\/\/spp3.slawno.pl\/wp-content\/uploads\/2019\/05\/X-Diecezjalny-Konkurs-Wiedzy-Religijnej-2019-4.jpg 700w, http:\/\/spp3.slawno.pl\/wp-content\/uploads\/2019\/05\/X-Diecezjalny-Konkurs-Wiedzy-Religijnej-2019-4-300x223.jpg 300w, http:\/\/spp3.slawno.pl\/wp-content\/uploads\/2019\/05\/X-Diecezjalny-Konkurs-Wiedzy-Religijnej-2019-4-80x60.jpg 80w\" sizes=\"(max-width: 700px) 100vw, 700px\" \/> <img loading=\"lazy\" decoding=\"async\" class=\"alignnone size-large wp-image-3266\" src=\"http:\/\/spp3.slawno.pl\/wp-content\/uploads\/2019\/05\/X-Diecezjalny-Konkurs-Wiedzy-Religijnej-2019-5.jpg\" alt=\"\" width=\"705\" height=\"520\" srcset=\"http:\/\/spp3.slawno.pl\/wp-content\/uploads\/2019\/05\/X-Diecezjalny-Konkurs-Wiedzy-Religijnej-2019-5.jpg 705w, http:\/\/spp3.slawno.pl\/wp-content\/uploads\/2019\/05\/X-Diecezjalny-Konkurs-Wiedzy-Religijnej-2019-5-300x221.jpg 300w, http:\/\/spp3.slawno.pl\/wp-content\/uploads\/2019\/05\/X-Diecezjalny-Konkurs-Wiedzy-Religijnej-2019-5-80x60.jpg 80w\" sizes=\"(max-width: 705px) 100vw, 705px\" \/> <img loading=\"lazy\" decoding=\"async\" class=\"alignnone size-large wp-image-3267\" src=\"http:\/\/spp3.slawno.pl\/wp-content\/uploads\/2019\/05\/X-Diecezjalny-Konkurs-Wiedzy-Religijnej-2019-6.jpg\" alt=\"\" width=\"703\" height=\"520\" srcset=\"http:\/\/spp3.slawno.pl\/wp-content\/uploads\/2019\/05\/X-Diecezjalny-Konkurs-Wiedzy-Religijnej-2019-6.jpg 703w, http:\/\/spp3.slawno.pl\/wp-content\/uploads\/2019\/05\/X-Diecezjalny-Konkurs-Wiedzy-Religijnej-2019-6-300x222.jpg 300w, http:\/\/spp3.slawno.pl\/wp-content\/uploads\/2019\/05\/X-Diecezjalny-Konkurs-Wiedzy-Religijnej-2019-6-80x60.jpg 80w\" sizes=\"(max-width: 703px) 100vw, 703px\" \/> <img loading=\"lazy\" decoding=\"async\" class=\"alignnone size-large wp-image-3268\" src=\"http:\/\/spp3.slawno.pl\/wp-content\/uploads\/2019\/05\/X-Diecezjalny-Konkurs-Wiedzy-Religijnej-2019-7.jpg\" alt=\"\" width=\"672\" height=\"520\" srcset=\"http:\/\/spp3.slawno.pl\/wp-content\/uploads\/2019\/05\/X-Diecezjalny-Konkurs-Wiedzy-Religijnej-2019-7.jpg 672w, http:\/\/spp3.slawno.pl\/wp-content\/uploads\/2019\/05\/X-Diecezjalny-Konkurs-Wiedzy-Religijnej-2019-7-300x232.jpg 300w\" sizes=\"(max-width: 672px) 100vw, 672px\" \/> <img loading=\"lazy\" decoding=\"async\" class=\"alignnone size-large wp-image-3269\" src=\"http:\/\/spp3.slawno.pl\/wp-content\/uploads\/2019\/05\/X-Diecezjalny-Konkurs-Wiedzy-Religijnej-2019.jpg\" alt=\"\" width=\"750\" height=\"497\" srcset=\"http:\/\/spp3.slawno.pl\/wp-content\/uploads\/2019\/05\/X-Diecezjalny-Konkurs-Wiedzy-Religijnej-2019.jpg 750w, http:\/\/spp3.slawno.pl\/wp-content\/uploads\/2019\/05\/X-Diecezjalny-Konkurs-Wiedzy-Religijnej-2019-300x199.jpg 300w\" sizes=\"(max-width: 750px) 100vw, 750px\" \/><\/p>\n<p>&nbsp;<\/p>\n","protected":false},"excerpt":{"rendered":"<div class=\"mh-excerpt\"><p>Dn. 15. maja odby\u0142 si\u0119 fina\u0142 X Diecezjalnego Konkursu Wiedzy Religijnej Organizatorami konkursu s\u0105 Centrum Edukacji Nauczycieli i Wydzia\u0142 Katechetyczny Kurii Biskupiej w Koszalinie. &nbsp; <a class=\"mh-excerpt-more\" href=\"http:\/\/spp3.slawno.pl\/?p=3262\" title=\"Fina\u0142 X Diecezjalnego Konkursu Wiedzy Religijnej\">[&#8230;]<\/a><\/p>\n<\/div>","protected":false},"author":2,"featured_media":3289,"comment_status":"closed","ping_status":"open","sticky":false,"template":"","format":"standard","meta":{"footnotes":""},"categories":[7,8],"tags":[],"class_list":["post-3262","post","type-post","status-publish","format-standard","has-post-thumbnail","hentry","category-konkursy","category-wydarzenia"],"_links":{"self":[{"href":"http:\/\/spp3.slawno.pl\/index.php?rest_route=\/wp\/v2\/posts\/3262"}],"collection":[{"href":"http:\/\/spp3.slawno.pl\/index.php?rest_route=\/wp\/v2\/posts"}],"about":[{"href":"http:\/\/spp3.slawno.pl\/index.php?rest_route=\/wp\/v2\/types\/post"}],"author":[{"embeddable":true,"href":"http:\/\/spp3.slawno.pl\/index.php?rest_route=\/wp\/v2\/users\/2"}],"replies":[{"embeddable":true,"href":"http:\/\/spp3.slawno.pl\/index.php?rest_route=%2Fwp%2Fv2%2Fcomments&post=3262"}],"version-history":[{"count":3,"href":"http:\/\/spp3.slawno.pl\/index.php?rest_route=\/wp\/v2\/posts\/3262\/revisions"}],"predecessor-version":[{"id":3291,"href":"http:\/\/spp3.slawno.pl\/index.php?rest_route=\/wp\/v2\/posts\/3262\/revisions\/3291"}],"wp:featuredmedia":[{"embeddable":true,"href":"http:\/\/spp3.slawno.pl\/index.php?rest_route=\/wp\/v2\/media\/3289"}],"wp:attachment":[{"href":"http:\/\/spp3.slawno.pl\/index.php?rest_route=%2Fwp%2Fv2%2Fmedia&parent=3262"}],"wp:term":[{"taxonomy":"category","embeddable":true,"href":"http:\/\/spp3.slawno.pl\/index.php?rest_route=%2Fwp%2Fv2%2Fcategories&post=3262"},{"taxonomy":"post_tag","embeddable":true,"href":"http:\/\/spp3.slawno.pl\/index.php?rest_route=%2Fwp%2Fv2%2Ftags&post=3262"}],"curies":[{"name":"wp","href":"https:\/\/api.w.org\/{rel}","templated":true}]}}