{"id":3333,"date":"2019-05-28T19:22:13","date_gmt":"2019-05-28T17:22:13","guid":{"rendered":"http:\/\/spp3.slawno.pl\/?p=3333"},"modified":"2019-06-03T19:30:26","modified_gmt":"2019-06-03T17:30:26","slug":"piknik-naukowy-w-zsa","status":"publish","type":"post","link":"http:\/\/spp3.slawno.pl\/?p=3333","title":{"rendered":"Piknik Naukowy w ZSA"},"content":{"rendered":"<p>Uczniowie klas \u00f3smych podczas Pikniku Naukowego organizowanego przez Zesp\u00f3\u0142 Szk\u00f3\u0142 Agrotechnicznych w S\u0142awnie. Brali udzia\u0142 w eksperymentach fizycznych oraz chemicznych. By\u0142y \u201eognie i wybuchy\u201d, kt\u00f3re dostarczy\u0142y nam niesamowitych wra\u017ce\u0144. Dzi\u0119kujemy za zaproszenie !<\/p>\n<p><img loading=\"lazy\" decoding=\"async\" class=\"alignnone  wp-image-3334\" src=\"http:\/\/spp3.slawno.pl\/wp-content\/uploads\/2019\/06\/Piknik-ZSA.jpg\" alt=\"\" width=\"424\" height=\"754\" srcset=\"http:\/\/spp3.slawno.pl\/wp-content\/uploads\/2019\/06\/Piknik-ZSA.jpg 540w, http:\/\/spp3.slawno.pl\/wp-content\/uploads\/2019\/06\/Piknik-ZSA-169x300.jpg 169w\" sizes=\"(max-width: 424px) 100vw, 424px\" \/><\/p>\n<p><img loading=\"lazy\" decoding=\"async\" class=\"alignnone  wp-image-3335\" src=\"http:\/\/spp3.slawno.pl\/wp-content\/uploads\/2019\/06\/Piknik-ZSA1.jpg\" alt=\"\" width=\"424\" height=\"565\" srcset=\"http:\/\/spp3.slawno.pl\/wp-content\/uploads\/2019\/06\/Piknik-ZSA1.jpg 720w, http:\/\/spp3.slawno.pl\/wp-content\/uploads\/2019\/06\/Piknik-ZSA1-225x300.jpg 225w\" sizes=\"(max-width: 424px) 100vw, 424px\" \/><\/p>\n<p><img loading=\"lazy\" decoding=\"async\" class=\"alignnone  wp-image-3336\" src=\"http:\/\/spp3.slawno.pl\/wp-content\/uploads\/2019\/06\/Piknik-ZSA2.jpg\" alt=\"\" width=\"429\" height=\"572\" srcset=\"http:\/\/spp3.slawno.pl\/wp-content\/uploads\/2019\/06\/Piknik-ZSA2.jpg 720w, http:\/\/spp3.slawno.pl\/wp-content\/uploads\/2019\/06\/Piknik-ZSA2-225x300.jpg 225w\" sizes=\"(max-width: 429px) 100vw, 429px\" \/><\/p>\n<p><img loading=\"lazy\" decoding=\"async\" class=\"alignnone  wp-image-3338\" src=\"http:\/\/spp3.slawno.pl\/wp-content\/uploads\/2019\/06\/Piknik-ZSA4.jpg\" alt=\"\" width=\"433\" height=\"577\" srcset=\"http:\/\/spp3.slawno.pl\/wp-content\/uploads\/2019\/06\/Piknik-ZSA4.jpg 720w, http:\/\/spp3.slawno.pl\/wp-content\/uploads\/2019\/06\/Piknik-ZSA4-225x300.jpg 225w\" sizes=\"(max-width: 433px) 100vw, 433px\" \/><\/p>\n<p><img loading=\"lazy\" decoding=\"async\" class=\"alignnone  wp-image-3339\" src=\"http:\/\/spp3.slawno.pl\/wp-content\/uploads\/2019\/06\/Piknik-ZSA5.jpg\" alt=\"\" width=\"442\" height=\"786\" srcset=\"http:\/\/spp3.slawno.pl\/wp-content\/uploads\/2019\/06\/Piknik-ZSA5.jpg 540w, http:\/\/spp3.slawno.pl\/wp-content\/uploads\/2019\/06\/Piknik-ZSA5-169x300.jpg 169w\" sizes=\"(max-width: 442px) 100vw, 442px\" \/><\/p>\n<p><img loading=\"lazy\" decoding=\"async\" class=\"alignnone  wp-image-3340\" src=\"http:\/\/spp3.slawno.pl\/wp-content\/uploads\/2019\/06\/Piknik-ZSA6.jpg\" alt=\"\" width=\"660\" height=\"371\" srcset=\"http:\/\/spp3.slawno.pl\/wp-content\/uploads\/2019\/06\/Piknik-ZSA6.jpg 960w, http:\/\/spp3.slawno.pl\/wp-content\/uploads\/2019\/06\/Piknik-ZSA6-300x169.jpg 300w, http:\/\/spp3.slawno.pl\/wp-content\/uploads\/2019\/06\/Piknik-ZSA6-768x432.jpg 768w, http:\/\/spp3.slawno.pl\/wp-content\/uploads\/2019\/06\/Piknik-ZSA6-678x381.jpg 678w\" sizes=\"(max-width: 660px) 100vw, 660px\" \/> <img loading=\"lazy\" decoding=\"async\" class=\"alignnone  wp-image-3341\" src=\"http:\/\/spp3.slawno.pl\/wp-content\/uploads\/2019\/06\/Piknik-ZSA7.jpg\" alt=\"\" width=\"455\" height=\"607\" srcset=\"http:\/\/spp3.slawno.pl\/wp-content\/uploads\/2019\/06\/Piknik-ZSA7.jpg 720w, http:\/\/spp3.slawno.pl\/wp-content\/uploads\/2019\/06\/Piknik-ZSA7-225x300.jpg 225w\" sizes=\"(max-width: 455px) 100vw, 455px\" \/><\/p>\n<p><img loading=\"lazy\" decoding=\"async\" class=\"alignnone  wp-image-3342\" src=\"http:\/\/spp3.slawno.pl\/wp-content\/uploads\/2019\/06\/Piknik-ZSA8.jpg\" alt=\"\" width=\"452\" height=\"603\" srcset=\"http:\/\/spp3.slawno.pl\/wp-content\/uploads\/2019\/06\/Piknik-ZSA8.jpg 720w, http:\/\/spp3.slawno.pl\/wp-content\/uploads\/2019\/06\/Piknik-ZSA8-225x300.jpg 225w\" sizes=\"(max-width: 452px) 100vw, 452px\" \/><\/p>\n<p><img loading=\"lazy\" decoding=\"async\" class=\"alignnone  wp-image-3343\" src=\"http:\/\/spp3.slawno.pl\/wp-content\/uploads\/2019\/06\/Piknik-ZSA9.jpg\" alt=\"\" width=\"451\" height=\"602\" srcset=\"http:\/\/spp3.slawno.pl\/wp-content\/uploads\/2019\/06\/Piknik-ZSA9.jpg 720w, http:\/\/spp3.slawno.pl\/wp-content\/uploads\/2019\/06\/Piknik-ZSA9-225x300.jpg 225w\" sizes=\"(max-width: 451px) 100vw, 451px\" \/><\/p>\n<p><img loading=\"lazy\" decoding=\"async\" class=\"alignnone  wp-image-3344\" src=\"http:\/\/spp3.slawno.pl\/wp-content\/uploads\/2019\/06\/Piknik-ZSA10.jpg\" alt=\"\" width=\"523\" height=\"697\" srcset=\"http:\/\/spp3.slawno.pl\/wp-content\/uploads\/2019\/06\/Piknik-ZSA10.jpg 720w, http:\/\/spp3.slawno.pl\/wp-content\/uploads\/2019\/06\/Piknik-ZSA10-225x300.jpg 225w\" sizes=\"(max-width: 523px) 100vw, 523px\" \/> <img loading=\"lazy\" decoding=\"async\" class=\"alignnone  wp-image-3345\" src=\"http:\/\/spp3.slawno.pl\/wp-content\/uploads\/2019\/06\/Piknik-ZSA11.jpg\" alt=\"\" width=\"536\" height=\"715\" srcset=\"http:\/\/spp3.slawno.pl\/wp-content\/uploads\/2019\/06\/Piknik-ZSA11.jpg 720w, http:\/\/spp3.slawno.pl\/wp-content\/uploads\/2019\/06\/Piknik-ZSA11-225x300.jpg 225w\" sizes=\"(max-width: 536px) 100vw, 536px\" \/> <img loading=\"lazy\" decoding=\"async\" class=\"alignnone  wp-image-3346\" src=\"http:\/\/spp3.slawno.pl\/wp-content\/uploads\/2019\/06\/Piknik-ZSA12.jpg\" alt=\"\" width=\"531\" height=\"708\" srcset=\"http:\/\/spp3.slawno.pl\/wp-content\/uploads\/2019\/06\/Piknik-ZSA12.jpg 720w, http:\/\/spp3.slawno.pl\/wp-content\/uploads\/2019\/06\/Piknik-ZSA12-225x300.jpg 225w\" sizes=\"(max-width: 531px) 100vw, 531px\" \/><\/p>\n","protected":false},"excerpt":{"rendered":"<div class=\"mh-excerpt\"><p>Uczniowie klas \u00f3smych podczas Pikniku Naukowego organizowanego przez Zesp\u00f3\u0142 Szk\u00f3\u0142 Agrotechnicznych w S\u0142awnie. Brali udzia\u0142 w eksperymentach fizycznych oraz chemicznych. By\u0142y \u201eognie i wybuchy\u201d, kt\u00f3re <a class=\"mh-excerpt-more\" href=\"http:\/\/spp3.slawno.pl\/?p=3333\" title=\"Piknik Naukowy w ZSA\">[&#8230;]<\/a><\/p>\n<\/div>","protected":false},"author":2,"featured_media":3337,"comment_status":"closed","ping_status":"open","sticky":false,"template":"","format":"standard","meta":{"footnotes":""},"categories":[8],"tags":[],"class_list":["post-3333","post","type-post","status-publish","format-standard","has-post-thumbnail","hentry","category-wydarzenia"],"_links":{"self":[{"href":"http:\/\/spp3.slawno.pl\/index.php?rest_route=\/wp\/v2\/posts\/3333"}],"collection":[{"href":"http:\/\/spp3.slawno.pl\/index.php?rest_route=\/wp\/v2\/posts"}],"about":[{"href":"http:\/\/spp3.slawno.pl\/index.php?rest_route=\/wp\/v2\/types\/post"}],"author":[{"embeddable":true,"href":"http:\/\/spp3.slawno.pl\/index.php?rest_route=\/wp\/v2\/users\/2"}],"replies":[{"embeddable":true,"href":"http:\/\/spp3.slawno.pl\/index.php?rest_route=%2Fwp%2Fv2%2Fcomments&post=3333"}],"version-history":[{"count":1,"href":"http:\/\/spp3.slawno.pl\/index.php?rest_route=\/wp\/v2\/posts\/3333\/revisions"}],"predecessor-version":[{"id":3347,"href":"http:\/\/spp3.slawno.pl\/index.php?rest_route=\/wp\/v2\/posts\/3333\/revisions\/3347"}],"wp:featuredmedia":[{"embeddable":true,"href":"http:\/\/spp3.slawno.pl\/index.php?rest_route=\/wp\/v2\/media\/3337"}],"wp:attachment":[{"href":"http:\/\/spp3.slawno.pl\/index.php?rest_route=%2Fwp%2Fv2%2Fmedia&parent=3333"}],"wp:term":[{"taxonomy":"category","embeddable":true,"href":"http:\/\/spp3.slawno.pl\/index.php?rest_route=%2Fwp%2Fv2%2Fcategories&post=3333"},{"taxonomy":"post_tag","embeddable":true,"href":"http:\/\/spp3.slawno.pl\/index.php?rest_route=%2Fwp%2Fv2%2Ftags&post=3333"}],"curies":[{"name":"wp","href":"https:\/\/api.w.org\/{rel}","templated":true}]}}