{"id":3349,"date":"2019-05-31T19:36:37","date_gmt":"2019-05-31T17:36:37","guid":{"rendered":"http:\/\/spp3.slawno.pl\/?p=3349"},"modified":"2019-06-03T19:44:45","modified_gmt":"2019-06-03T17:44:45","slug":"pani-twardowska-z-wizyta-w-klasie-iv-c","status":"publish","type":"post","link":"http:\/\/spp3.slawno.pl\/?p=3349","title":{"rendered":"&#8222;Pani Twardowska&#8221; z wizyt\u0105 w klasie IV c"},"content":{"rendered":"<p>,,Przysi\u0105\u017c jej mi\u0142o\u015b\u0107, szacunek&#8230;\u201d<\/p>\n<p>Klasa IV C go\u015bci\u0142a ostatnio na lekcji j\u0119zyka polskiego bohater\u00f3w utworu A. Mickiewicza ,,Pani Twardowska\u201d. W swoich scenkach uczniowie wcielili si\u0119 w postaci diab\u0142a, pana Twardowskiego oraz jego ma\u0142\u017conki i zaprezentowali w ciekawy spos\u00f3b jedn\u0105 z ostatnich scen ballady Mickiewicza. Interesuj\u0105ce stroje, charakteryzacje, rekwizyty oraz gra aktor\u00f3w przybli\u017cy\u0142y widzom jeden z popularniejszych utwor\u00f3w naszego wieszcza.<\/p>\n<p><img loading=\"lazy\" decoding=\"async\" class=\"alignnone size-full wp-image-3350\" src=\"http:\/\/spp3.slawno.pl\/wp-content\/uploads\/2019\/06\/Wyst\u0119p-j.polski.jpg\" alt=\"\" width=\"468\" height=\"624\" srcset=\"http:\/\/spp3.slawno.pl\/wp-content\/uploads\/2019\/06\/Wyst\u0119p-j.polski.jpg 468w, http:\/\/spp3.slawno.pl\/wp-content\/uploads\/2019\/06\/Wyst\u0119p-j.polski-225x300.jpg 225w\" sizes=\"(max-width: 468px) 100vw, 468px\" \/> <img loading=\"lazy\" decoding=\"async\" class=\"alignnone size-large wp-image-3351\" src=\"http:\/\/spp3.slawno.pl\/wp-content\/uploads\/2019\/06\/Wyst\u0119p-j.polski1.jpg\" alt=\"\" width=\"468\" height=\"624\" srcset=\"http:\/\/spp3.slawno.pl\/wp-content\/uploads\/2019\/06\/Wyst\u0119p-j.polski1.jpg 468w, http:\/\/spp3.slawno.pl\/wp-content\/uploads\/2019\/06\/Wyst\u0119p-j.polski1-225x300.jpg 225w\" sizes=\"(max-width: 468px) 100vw, 468px\" \/> <img loading=\"lazy\" decoding=\"async\" class=\"alignnone size-large wp-image-3352\" src=\"http:\/\/spp3.slawno.pl\/wp-content\/uploads\/2019\/06\/Wyst\u0119p-j.polski2.jpg\" alt=\"\" width=\"468\" height=\"624\" srcset=\"http:\/\/spp3.slawno.pl\/wp-content\/uploads\/2019\/06\/Wyst\u0119p-j.polski2.jpg 468w, http:\/\/spp3.slawno.pl\/wp-content\/uploads\/2019\/06\/Wyst\u0119p-j.polski2-225x300.jpg 225w\" sizes=\"(max-width: 468px) 100vw, 468px\" \/> <img loading=\"lazy\" decoding=\"async\" class=\"alignnone size-large wp-image-3353\" src=\"http:\/\/spp3.slawno.pl\/wp-content\/uploads\/2019\/06\/Wyst\u0119p-j.polski3.jpg\" alt=\"\" width=\"468\" height=\"624\" srcset=\"http:\/\/spp3.slawno.pl\/wp-content\/uploads\/2019\/06\/Wyst\u0119p-j.polski3.jpg 468w, http:\/\/spp3.slawno.pl\/wp-content\/uploads\/2019\/06\/Wyst\u0119p-j.polski3-225x300.jpg 225w\" sizes=\"(max-width: 468px) 100vw, 468px\" \/> <img loading=\"lazy\" decoding=\"async\" class=\"alignnone size-large wp-image-3354\" src=\"http:\/\/spp3.slawno.pl\/wp-content\/uploads\/2019\/06\/Wyst\u0119p-j.polski4.jpg\" alt=\"\" width=\"468\" height=\"624\" srcset=\"http:\/\/spp3.slawno.pl\/wp-content\/uploads\/2019\/06\/Wyst\u0119p-j.polski4.jpg 468w, http:\/\/spp3.slawno.pl\/wp-content\/uploads\/2019\/06\/Wyst\u0119p-j.polski4-225x300.jpg 225w\" sizes=\"(max-width: 468px) 100vw, 468px\" \/> <img loading=\"lazy\" decoding=\"async\" class=\"alignnone size-large wp-image-3355\" src=\"http:\/\/spp3.slawno.pl\/wp-content\/uploads\/2019\/06\/Wyst\u0119p-j.polski5.jpg\" alt=\"\" width=\"468\" height=\"624\" srcset=\"http:\/\/spp3.slawno.pl\/wp-content\/uploads\/2019\/06\/Wyst\u0119p-j.polski5.jpg 468w, http:\/\/spp3.slawno.pl\/wp-content\/uploads\/2019\/06\/Wyst\u0119p-j.polski5-225x300.jpg 225w\" sizes=\"(max-width: 468px) 100vw, 468px\" \/> <img loading=\"lazy\" decoding=\"async\" class=\"alignnone size-large wp-image-3356\" src=\"http:\/\/spp3.slawno.pl\/wp-content\/uploads\/2019\/06\/Wyst\u0119p-j.polski6.jpg\" alt=\"\" width=\"468\" height=\"624\" srcset=\"http:\/\/spp3.slawno.pl\/wp-content\/uploads\/2019\/06\/Wyst\u0119p-j.polski6.jpg 468w, http:\/\/spp3.slawno.pl\/wp-content\/uploads\/2019\/06\/Wyst\u0119p-j.polski6-225x300.jpg 225w\" sizes=\"(max-width: 468px) 100vw, 468px\" \/> <img loading=\"lazy\" decoding=\"async\" class=\"alignnone size-full wp-image-3357\" src=\"http:\/\/spp3.slawno.pl\/wp-content\/uploads\/2019\/06\/Wyst\u0119p-j.polski7.jpg\" alt=\"\" width=\"468\" height=\"624\" srcset=\"http:\/\/spp3.slawno.pl\/wp-content\/uploads\/2019\/06\/Wyst\u0119p-j.polski7.jpg 468w, http:\/\/spp3.slawno.pl\/wp-content\/uploads\/2019\/06\/Wyst\u0119p-j.polski7-225x300.jpg 225w\" sizes=\"(max-width: 468px) 100vw, 468px\" \/><\/p>\n","protected":false},"excerpt":{"rendered":"<div class=\"mh-excerpt\"><p>,,Przysi\u0105\u017c jej mi\u0142o\u015b\u0107, szacunek&#8230;\u201d Klasa IV C go\u015bci\u0142a ostatnio na lekcji j\u0119zyka polskiego bohater\u00f3w utworu A. Mickiewicza ,,Pani Twardowska\u201d. W swoich scenkach uczniowie wcielili si\u0119 <a class=\"mh-excerpt-more\" href=\"http:\/\/spp3.slawno.pl\/?p=3349\" title=\"&#8222;Pani Twardowska&#8221; z wizyt\u0105 w klasie IV c\">[&#8230;]<\/a><\/p>\n<\/div>","protected":false},"author":2,"featured_media":3358,"comment_status":"closed","ping_status":"open","sticky":false,"template":"","format":"standard","meta":{"footnotes":""},"categories":[22,8],"tags":[],"class_list":["post-3349","post","type-post","status-publish","format-standard","has-post-thumbnail","hentry","category-lekcje-w-naszej-szkole-nie-sa-nudne","category-wydarzenia"],"_links":{"self":[{"href":"http:\/\/spp3.slawno.pl\/index.php?rest_route=\/wp\/v2\/posts\/3349"}],"collection":[{"href":"http:\/\/spp3.slawno.pl\/index.php?rest_route=\/wp\/v2\/posts"}],"about":[{"href":"http:\/\/spp3.slawno.pl\/index.php?rest_route=\/wp\/v2\/types\/post"}],"author":[{"embeddable":true,"href":"http:\/\/spp3.slawno.pl\/index.php?rest_route=\/wp\/v2\/users\/2"}],"replies":[{"embeddable":true,"href":"http:\/\/spp3.slawno.pl\/index.php?rest_route=%2Fwp%2Fv2%2Fcomments&post=3349"}],"version-history":[{"count":1,"href":"http:\/\/spp3.slawno.pl\/index.php?rest_route=\/wp\/v2\/posts\/3349\/revisions"}],"predecessor-version":[{"id":3359,"href":"http:\/\/spp3.slawno.pl\/index.php?rest_route=\/wp\/v2\/posts\/3349\/revisions\/3359"}],"wp:featuredmedia":[{"embeddable":true,"href":"http:\/\/spp3.slawno.pl\/index.php?rest_route=\/wp\/v2\/media\/3358"}],"wp:attachment":[{"href":"http:\/\/spp3.slawno.pl\/index.php?rest_route=%2Fwp%2Fv2%2Fmedia&parent=3349"}],"wp:term":[{"taxonomy":"category","embeddable":true,"href":"http:\/\/spp3.slawno.pl\/index.php?rest_route=%2Fwp%2Fv2%2Fcategories&post=3349"},{"taxonomy":"post_tag","embeddable":true,"href":"http:\/\/spp3.slawno.pl\/index.php?rest_route=%2Fwp%2Fv2%2Ftags&post=3349"}],"curies":[{"name":"wp","href":"https:\/\/api.w.org\/{rel}","templated":true}]}}